{"id":144106,"date":"2025-09-28T11:14:08","date_gmt":"2025-09-28T11:14:08","guid":{"rendered":"https:\/\/www.europesays.com\/es\/144106\/"},"modified":"2025-09-28T11:14:08","modified_gmt":"2025-09-28T11:14:08","slug":"el-unicaja-descansara-tres-dias-y-visitara-el-santuario-de-la-victoria-el-miercoles","status":"publish","type":"post","link":"https:\/\/www.europesays.com\/es\/144106\/","title":{"rendered":"El Unicaja descansar\u00e1 tres d\u00edas y visitar\u00e1 el Santuario de la Victoria el mi\u00e9rcoles"},"content":{"rendered":"<p>Tras la eliminaci\u00f3n en las semifinales de la Supercopa Endesa, el Unicaja tendr\u00e1 tres d\u00edas de descanso. El equipo hace as\u00ed un par\u00e9ntesis tras una  &#8230; pretemporada muy ajetreada en la que afront\u00f3 una semana lejos de M\u00e1laga para la disputa de la Copa Intercontinental. <\/p>\n<p class=\"v-p\">Ibon Navarro ha dado tres d\u00edas de descanso a sus jugadores y la plantilla no volver\u00e1 a entrenar hasta el mi\u00e9rcoles para preparar el estreno liguero en casa ante el Surne Bilbao. Ese mismo d\u00eda, el equipo se desplazar\u00e1 al Santuario de la Virgen de la Victoria para realizar la tradicional ofrenda floral y del t\u00edtulo de la Copa Intercontinental a la patrona de M\u00e1laga. Este acto se celebrar\u00e1 a \u00faltima hora de la tarde, las 20.15 horas. <\/p>\n<p class=\"v-p\">El Unicaja comenzar\u00e1 la Liga Endesa el s\u00e1bado a las 18.00 horas en el Palacio de los Deportes ante el Surne Bilbao, que llega con Melwin Pantzar en sus filas, jugador fichado por el club cajista el pasado verano y que est\u00e1 cedido en el conjunto vasco. <\/p>\n","protected":false},"excerpt":{"rendered":"Tras la eliminaci\u00f3n en las semifinales de la Supercopa Endesa, el Unicaja tendr\u00e1 tres d\u00edas de descanso. El&hellip;\n","protected":false},"author":2,"featured_media":144107,"comment_status":"","ping_status":"","sticky":false,"template":"","format":"standard","meta":{"footnotes":""},"categories":[269],"tags":[299,298,168,44498,960,25,24,295,29983,23,167,603,2246,1261,41710],"class_list":{"0":"post-144106","1":"post","2":"type-post","3":"status-publish","4":"format-standard","5":"has-post-thumbnail","7":"category-baloncesto","8":"tag-baloncesto","9":"tag-basketball","10":"tag-deportes","11":"tag-descansara","12":"tag-dias","13":"tag-es","14":"tag-espana","15":"tag-miercoles","16":"tag-santuario","17":"tag-spain","18":"tag-sports","19":"tag-tres","20":"tag-unicaja","21":"tag-victoria","22":"tag-visitara"},"share_on_mastodon":{"url":"","error":""},"_links":{"self":[{"href":"https:\/\/www.europesays.com\/es\/wp-json\/wp\/v2\/posts\/144106","targetHints":{"allow":["GET"]}}],"collection":[{"href":"https:\/\/www.europesays.com\/es\/wp-json\/wp\/v2\/posts"}],"about":[{"href":"https:\/\/www.europesays.com\/es\/wp-json\/wp\/v2\/types\/post"}],"author":[{"embeddable":true,"href":"https:\/\/www.europesays.com\/es\/wp-json\/wp\/v2\/users\/2"}],"replies":[{"embeddable":true,"href":"https:\/\/www.europesays.com\/es\/wp-json\/wp\/v2\/comments?post=144106"}],"version-history":[{"count":0,"href":"https:\/\/www.europesays.com\/es\/wp-json\/wp\/v2\/posts\/144106\/revisions"}],"wp:featuredmedia":[{"embeddable":true,"href":"https:\/\/www.europesays.com\/es\/wp-json\/wp\/v2\/media\/144107"}],"wp:attachment":[{"href":"https:\/\/www.europesays.com\/es\/wp-json\/wp\/v2\/media?parent=144106"}],"wp:term":[{"taxonomy":"category","embeddable":true,"href":"https:\/\/www.europesays.com\/es\/wp-json\/wp\/v2\/categories?post=144106"},{"taxonomy":"post_tag","embeddable":true,"href":"https:\/\/www.europesays.com\/es\/wp-json\/wp\/v2\/tags?post=144106"}],"curies":[{"name":"wp","href":"https:\/\/api.w.org\/{rel}","templated":true}]}}