{"id":144108,"date":"2025-09-28T11:15:08","date_gmt":"2025-09-28T11:15:08","guid":{"rendered":"https:\/\/www.europesays.com\/es\/144108\/"},"modified":"2025-09-28T11:15:08","modified_gmt":"2025-09-28T11:15:08","slug":"debe-debutar-cortes-como-titular-en-el-sporting-elige-tu-11-para-ganar-al-albacete","status":"publish","type":"post","link":"https:\/\/www.europesays.com\/es\/144108\/","title":{"rendered":"\u00bfDebe debutar Cort\u00e9s como titular en el Sporting? Elige tu 11 para ganar al Albacete"},"content":{"rendered":"<p>\t\t \t\t\tOscar Cort\u00e9s <strong class=\"pd-l\">Real Sporting de Gij\u00f3n  <\/strong><\/p>\n<p>\t\t\t\t\t\tLa Voz de Asturias pulsa la opini\u00f3n de la afici\u00f3n sportinguista<br \/>\n\t\t\t\t\t\t<strong>27 sep 2025<\/strong> . Actualizado a las 20:00 h.\t\t\t\t\t\t<\/p>\n<p class=\"first-paragraph txt\">El\u00a0<strong>Real Sporting de Gij\u00f3n<\/strong>\u00a0disputar\u00e1 desde las<strong>\u00a018:30 horas <\/strong>de este domingo su s\u00e9ptima jornada de liga.\u00a0Los rojiblancos se medir\u00e1n al <strong>Albacete\u00a0<\/strong>en una contienda en la que se espera una buena entrada en El Molin\u00f3n. Desde La Voz de Asturias\u00a0consultamos a la afici\u00f3n sportinguista sobre el\u00a0once que debe utilizar\u00a0<strong>Asier Garitano.<\/strong><\/p>\n<p class=\"txt\">La encuesta ofrece\u00a0todas las variantes t\u00e1cticas posibles\u00a0en funci\u00f3n de la selecci\u00f3n de jugadores. Entre las opciones a elegir se encuentran todos los futbolistas disponibles para <a class=\"link-txt\" href=\"https:\/\/www.lavozdeasturias.es\/noticia\/sporting1905\/2025\/09\/26\/garitano-confirma-regreso-amadou-smith-seguir-11-queja-diferencia-arbitral-rashford-sacaron-amarilla-rosas-real-sporting-gijon\/00031758884223834205332.htm\" target=\"_blank\" rel=\"nofollow noopener\">Garitano<\/a>,\u00a0por lo que\u00a0selecciona 11 nombres y pulsa el bot\u00f3n rojo &#8216;enviar&#8217;\u00a0que aparece al final de la encuesta para enviarlo.<\/p>\n<p class=\"ladillo\">El Albacete quiere aprovechar el mal momento del Sporting para sumar su segundo triunfo<\/p>\n<p class=\"txt\">Mientras el Sporting ha sufrido tres derrotas consecutivas, el Albacete ha sumado dos partidos sin recibir goles (con una victoria y un empate), lo que ha reforzado la moral de un equipo llamado a estar m\u00e1s arriba en la clasificaci\u00f3n.\u00a0La zaga formada por G\u00e1mez, Vallejo, Pepe S\u00e1nchez y Neva, con Lizoain de portero, parece haber dado mayor consistencia defensiva a un Albacete que encaj\u00f3 trece goles en los cuatro primeros partidos y deb\u00eda mejorar sus cifras en esta parcela.<\/p>\n<p class=\"txt\">A ello hay que sumar las buenas actuaciones entrando desde el banquillo del central asturiano Javi Moreno, que ha desempe\u00f1ado funciones en el centro y en el lateral de la defensa, cumpliendo con creces con sus \u00faltimas actuaciones. Continuar con la porter\u00eda a cero ser\u00e1, por tanto, la meta que se marca un grupo albacete\u00f1o que, como ha comentado su entrenador, Alberto Gonz\u00e1lez, quiere crecer en sensaciones y resultados \u00abdesde atr\u00e1s\u00bb.<\/p>\n<p class=\"txt\">&#13;<br \/>\n\t\t&#13;<br \/>\n\t\t\t&#13;<br \/>\n\t\t&#13;<br \/>\n\t\t&#13;<br \/>\n\t\t&#13;<br \/>\n\t\t\t\t\t\t\t\t\t\t\t\t&#13;<br \/>\n\t\t\t\t\t\t\t\t&#13;<br \/>\n&#13;<br \/>\n&#13;<\/p>\n<p>\t\t\t&#13;<br \/>\n\t&#13;<\/p>\n<p>\t\t\t<a href=\"https:\/\/www.lavozdeasturias.es\/noticia\/sporting1905\/2025\/09\/26\/garitano-confirma-regreso-amadou-smith-seguir-11-queja-diferencia-arbitral-rashford-sacaron-amarilla-rosas-real-sporting-gijon\/00031758884223834205332.htm\" data-analytics=\"link-embed\" rel=\"nofollow noopener\" target=\"_blank\">Garitano confirma el regreso de Amadou, Smith podr\u00eda seguir en el 11 y se queja de la diferencia arbitral: \u00abA Rashford no le sacaron amarilla por lo mismo que a Rosas\u00bb<\/a><\/p>\n<p class=\"a-min-author\">\n<p>\t\t\t\t\t\t\t\t\t\t\tDani Souto<\/p>\n<p>\t&#13;<br \/>\n\t&#13;<br \/>\n&#13;<br \/>\n\t\t\t\t&#13;<br \/>\n\t\t\t\t&#13;<br \/>\n\t&#13;<br \/>\n\t\t\t&#13;<br \/>\n\t\t\t&#13;<br \/>\n\t\t&#13;\n<\/p>\n<p class=\"txt\">El t\u00e9cnico malague\u00f1o, que lleva veinte jugadores a tierras norte\u00f1as, no podr\u00e1 contar con el centrocampista Pacheco ni con el extremo V\u00edctor Valverde, por lesi\u00f3n, ni tampoco con Higinio, que cumplir\u00e1 el \u00faltimo de sus cuatro partidos de sanci\u00f3n, por lo que en la expedici\u00f3n viajar\u00e1 el canterano Capi.<\/p>\n<p class=\"txt\">*Recuerda comentar esta noticia en el foro que se encuentra al final de la web pasando la publicidad. Si deseas escribir comentarios y no sabes c\u00f3mo, contacta con sporting1905web@gmail.com<\/p>\n<p>&#13;<br \/>\n\tArchivado en:&#13;<br \/>\n\t\t\t\t\t<a href=\"https:\/\/www.lavozdeasturias.es\/temas\/sporting-de-gijon\/\" target=\"_blank\" class=\"mg-l\" rel=\"nofollow noopener\">Sporting de Gij\u00f3n<\/a>&#13;<br \/>\n\t&#13;<\/p>\n","protected":false},"excerpt":{"rendered":"Oscar Cort\u00e9s Real Sporting de Gij\u00f3n La Voz de Asturias pulsa la opini\u00f3n de la afici\u00f3n sportinguista 27&hellip;\n","protected":false},"author":2,"featured_media":144109,"comment_status":"","ping_status":"","sticky":false,"template":"","format":"standard","meta":{"footnotes":""},"categories":[268],"tags":[168,25,24,280,282,281,23,4783,167],"class_list":{"0":"post-144108","1":"post","2":"type-post","3":"status-publish","4":"format-standard","5":"has-post-thumbnail","7":"category-futbol","8":"tag-deportes","9":"tag-es","10":"tag-espana","11":"tag-football","12":"tag-futbol","13":"tag-soccer","14":"tag-spain","15":"tag-sporting-de-gijon","16":"tag-sports"},"share_on_mastodon":{"url":"","error":""},"_links":{"self":[{"href":"https:\/\/www.europesays.com\/es\/wp-json\/wp\/v2\/posts\/144108","targetHints":{"allow":["GET"]}}],"collection":[{"href":"https:\/\/www.europesays.com\/es\/wp-json\/wp\/v2\/posts"}],"about":[{"href":"https:\/\/www.europesays.com\/es\/wp-json\/wp\/v2\/types\/post"}],"author":[{"embeddable":true,"href":"https:\/\/www.europesays.com\/es\/wp-json\/wp\/v2\/users\/2"}],"replies":[{"embeddable":true,"href":"https:\/\/www.europesays.com\/es\/wp-json\/wp\/v2\/comments?post=144108"}],"version-history":[{"count":0,"href":"https:\/\/www.europesays.com\/es\/wp-json\/wp\/v2\/posts\/144108\/revisions"}],"wp:featuredmedia":[{"embeddable":true,"href":"https:\/\/www.europesays.com\/es\/wp-json\/wp\/v2\/media\/144109"}],"wp:attachment":[{"href":"https:\/\/www.europesays.com\/es\/wp-json\/wp\/v2\/media?parent=144108"}],"wp:term":[{"taxonomy":"category","embeddable":true,"href":"https:\/\/www.europesays.com\/es\/wp-json\/wp\/v2\/categories?post=144108"},{"taxonomy":"post_tag","embeddable":true,"href":"https:\/\/www.europesays.com\/es\/wp-json\/wp\/v2\/tags?post=144108"}],"curies":[{"name":"wp","href":"https:\/\/api.w.org\/{rel}","templated":true}]}}