{"id":144110,"date":"2025-09-28T11:16:16","date_gmt":"2025-09-28T11:16:16","guid":{"rendered":"https:\/\/www.europesays.com\/es\/144110\/"},"modified":"2025-09-28T11:16:16","modified_gmt":"2025-09-28T11:16:16","slug":"en-enero-iba-en-bici-y-en-febrero-en-sillas-de-ruedas-es-muy-fuerte","status":"publish","type":"post","link":"https:\/\/www.europesays.com\/es\/144110\/","title":{"rendered":"En enero iba en bici y en febrero en sillas de ruedas.\u00a0Es\u00a0muy\u00a0fuerte"},"content":{"rendered":"<p class=\"paragraph\" id=\"paragraph_1\">A Javi <strong>le cambi\u00f3 la vida en un mes<\/strong>. Pas\u00f3 de estar montando en bicicleta y jugando al f\u00fatbol en el colegio en enero de este a\u00f1o a estar en silla de ruedas en febrero porque <a href=\"https:\/\/www.elespanol.com\/ciencia\/investigacion\/20220406\/jorge-primer-escuela-exoesqueleto-robotico-cientifico-espanol\/662933873_0.html?utm_cmp_rs=linksinline\" rel=\"nofollow noopener\" target=\"_blank\">no pod\u00eda andar<\/a> ni mantenerse en pie.<\/p>\n<p class=\"paragraph\" id=\"paragraph_2\">El culpable de este inesperado rev\u00e9s tiene un nombre impronunciable: IRF2BPL. Es el gen en el que le detectaron al peque\u00f1o de ocho a\u00f1os la mutaci\u00f3n que produce el s\u00edndrome de NEDAMSS. <strong>Solo hay 13 ni\u00f1os m\u00e1s en Espa\u00f1a como \u00e9l<\/strong>.<\/p>\n<p class=\"paragraph\" id=\"paragraph_3\">Todos ellos presentan, a excepci\u00f3n de uno, la mutaci\u00f3n de novo; es decir, que <strong>es la primera vez que esta alteraci\u00f3n gen\u00e9tica aparece en las familias<\/strong>. De ah\u00ed que recibir el diagn\u00f3stico se vuelva completamente imprevisible.<\/p>\n<p><img loading=\"lazy\" decoding=\"async\" alt=\"Ian tiene nueve a\u00f1os, pero su peso y estatura son propios de un ni\u00f1o de cinco a\u00f1os.\" height=\"180\" src=\"https:\/\/www.europesays.com\/es\/wp-content\/uploads\/2025\/09\/801680768_236797479_320x180.jpg\" width=\"320\" data-lazy-status=\"processed\" data-lazy-info=\"remove loading item 1\"\/><\/p>\n<p class=\"paragraph\" id=\"paragraph_4\">\u00abNo me gusta dar este mensaje pero <strong>lo tremendo es que le puede pasar a cualquiera<\/strong>\u00ab, lamenta Ana Piera, madre de Javi, en conversaci\u00f3n con EL ESPA\u00d1OL. \u00abUn d\u00eda est\u00e1s tan a gusto en casa con tu familia y, de repente, zasca, te cambia la vida de golpe y porrazo\u00bb.<\/p>\n<p class=\"paragraph\" id=\"paragraph_5\">Nada le hizo pensar que su hijo, que \u00abhab\u00eda nacido sano\u00bb, tuviera que lidiar ahora con <strong>una enfermedad para la que no hay cura<\/strong>: \u00abLo primero que debes asimilar es que no tienes nada que hacer\u00bb.<\/p>\n<p>Un a\u00f1o de espera<\/p>\n<p class=\"paragraph\" id=\"paragraph_6\">Hace aproximadamente un a\u00f1o que Ana y su marido, Celestino G\u00f3mez, comenzaron a sospechar que algo no iba bien con su hijo. Giraba uno y otro ojo de manera intermitente.<\/p>\n<p class=\"paragraph\" id=\"paragraph_7\">Acudieron a un oftalm\u00f3logo pero <strong>no recibieron ninguna respuesta clara<\/strong>. Cre\u00edan que pod\u00eda deberse a un golpe que se hab\u00eda llevado Javi cuando era m\u00e1s peque\u00f1o.<\/p>\n<p class=\"paragraph\" id=\"paragraph_8\">Al s\u00edntoma de los ojos se le a\u00f1adi\u00f3 un aleteo de las manos, adem\u00e1s de que empez\u00f3 a andar de puntillas. En ambos casos tambi\u00e9n se produc\u00edan de forma espor\u00e1dica.<\/p>\n<p><img decoding=\"async\" alt=\"Javi ha pasado de poder ir en bicicleta a tener que ir en silla de ruedas en un mes.\" data-imgm=\"true\" height=\"1152\" loading=\"lazy\"  src=\"https:\/\/www.europesays.com\/es\/wp-content\/uploads\/2025\/09\/1003743943576_259023398_960x1706.jpg\"  width=\"648\"\/><\/p>\n<p>                                                            Javi ha pasado de poder ir en bicicleta a tener que ir en silla de ruedas en un mes.<\/p>\n<p>                    Cedida<\/p>\n<p class=\"paragraph\" id=\"paragraph_9\">Lo extra\u00f1o es que en las pruebas que le realizaban no hab\u00eda resultados que hicieran saltar las alarmas de los especialistas. Pero Ana, que es m\u00e9dica de familia, sab\u00eda que \u00ab<strong>lo de Javi no era normal<\/strong>\u00ab.<\/p>\n<p class=\"paragraph\" id=\"paragraph_10\">La situaci\u00f3n cada vez era m\u00e1s complicada y decidieron acudir a consulta. La doctora, que ya le hab\u00eda visto antes, tambi\u00e9n se dio cuenta de que la evoluci\u00f3n no estaba siendo la esperada.<\/p>\n<p class=\"paragraph\" id=\"paragraph_11\">A Javi le repitieron una resonancia y una electromiograf\u00eda. En ambas los resultados eran los esperados. No fue hasta febrero cuando le practicaron una prueba de exoma, con la que detectaron la mutaci\u00f3n en el gen.<\/p>\n<p class=\"paragraph\" id=\"paragraph_12\">Pese a estar familiarizada con el \u00e1mbito sanitario, era la primera vez que Ana escuchaba el nombre de esta enfermedad que se describi\u00f3 por primera vez en 2018.<\/p>\n<p class=\"paragraph\" id=\"paragraph_13\">Afecta a unas 225 personas en el mundo. De ellas, al menos tres han tenido escler\u00f3sis m\u00fatiple asociada a la mutaci\u00f3n en el gen\u00a0IRF2BPL.<\/p>\n<p>Un ejemplo de resiliencia<\/p>\n<p class=\"paragraph\" id=\"paragraph_14\">En el \u00abhorrible momento del diagn\u00f3stico\u00bb estaban en el coche: \u00abIba con el manos libres y <strong>Javi se enter\u00f3 de todo<\/strong>\u00ab, recuerda.<\/p>\n<p class=\"paragraph\" id=\"paragraph_15\">Presume de no haberle tenido que ocultar nunca nada. Tambi\u00e9n lo hace de c\u00f3mo lo est\u00e1 afrontando: \u00abEs un ejemplo de resiliencia bestial porque<strong> tiene una capacidad de adaptaci\u00f3n alucinante<\/strong>. Y lo mejor de todo es que lo coge con buen humor\u00bb.<\/p>\n<p class=\"paragraph\" id=\"paragraph_16\">A nivel cognitivo no tiene ning\u00fan problema. Pero s\u00ed que <strong>sufre alteraciones en el habla<\/strong> que le impiden articular las palabras. Adem\u00e1s de la p\u00e9rdida de la marcha y del lenguaje, puede causar crisis epil\u00e9pticas.<\/p>\n<p class=\"paragraph\" id=\"paragraph_17\">Hay otros casos que presentan Trastorno del Espectro Autista (TEA). Por ello Ana recomienda a estos pacientes que se sometan a una prueba de exoma para descartar un posible diagn\u00f3stico del s\u00edndrome de NEDAMSS.<\/p>\n<p class=\"paragraph\" id=\"paragraph_18\">Al estar en contacto con otras familias ha podido ver desde ni\u00f1os que &#8216;s\u00f3lo&#8217; tienen TEA hasta casos m\u00e1s graves que \u00ab<strong>son completamente dependientes<\/strong>\u00ab.<\/p>\n<p class=\"paragraph\" id=\"paragraph_19\">\u00abA Javi tambi\u00e9n hay que llevarlo para todo\u00bb, dice Ana con una gran entereza. En el colegio estaban tan concienciados con el tema que Javi ha podido continuar con las clases.<\/p>\n<p><img decoding=\"async\" alt=\"Los casos m\u00e1s graves de esta enfermedad rara se vuelven completamente dependientes.\" data-imgm=\"true\" height=\"240\" loading=\"lazy\"  src=\"https:\/\/www.europesays.com\/es\/wp-content\/uploads\/2025\/09\/1003743943570_259023315_854x640.jpg\"  width=\"320\"\/><\/p>\n<p>                                                            Los casos m\u00e1s graves de esta enfermedad rara se vuelven \u00abcompletamente dependientes\u00bb.<\/p>\n<p>                    Cedida<\/p>\n<p class=\"paragraph\" id=\"paragraph_20\">Su madre ha podido seguir trabajando por las ma\u00f1anas, pero su marido ha tenido que pedir reducci\u00f3n de jornada porque <strong>las tardes se han convertido en \u00abuna locura\u00bb<\/strong> teniendo que acudir todos los d\u00edas al fisioterapeuta y el logopeda.<\/p>\n<p>Ensayo cl\u00ednico en Espa\u00f1a<\/p>\n<p class=\"paragraph\" id=\"paragraph_21\">En Espa\u00f1a, tanto el equipo de Victoriano Mulero en la Universidad de Murcia como el de Thomas Widmann en la Universidad de Granada han jugado un papel clave en el estudio del gen IRF2BPL.<\/p>\n<p class=\"paragraph\" id=\"paragraph_22\">Tambi\u00e9n <strong>est\u00e1n estudiando potenciales tratamientos<\/strong>. Aunque la investigaci\u00f3n que est\u00e1 m\u00e1s avanzada se desarrolla en Estados Unidos, donde un ensayo cl\u00ednico podr\u00eda frenar o incluso revertir la enfermedad.<\/p>\n<p class=\"paragraph\" id=\"paragraph_23\">La Administraci\u00f3n de Alimentos y Medicamentos (FDA, por sus siglas en ingl\u00e9s) de Estados Unidos aprob\u00f3 en abril de este a\u00f1o <strong>una terapia g\u00e9nica<\/strong>. Elly Krueger fue la primera paciente en recibirla, apenas un mes despu\u00e9s.<\/p>\n<p><img decoding=\"async\" alt=\"A1-3547042-4\" height=\"180\" loading=\"lazy\" width=\"320\" data-lazy-status=\"processed\" id=\"6ce398ca34\" src=\"https:\/\/www.elespanol.com\/ciencia\/salud\/20250928\/vida-limite-javi-gen-irf2bpl-enero-iba-bici-febrero-sillas-ruedasesmuyfuerte\/[\" https:=\"\" data-lazy-info=\"changed src\"\/><\/p>\n<p class=\"paragraph\" id=\"paragraph_24\">Como no ha habido <a href=\"https:\/\/www.biospectrumasia.com\/news\/95\/26023\/andelyn-biosciences-delivers-gene-therapy-for-ultra-rare-nedamss-disease-in-record-time-using-aav-curator-platform.html\" rel=\"nofollow noopener\" target=\"_blank\">complicaciones inmediatas<\/a>, el siguiente paso va a ser llevar a cabo un ensayo cl\u00ednico para el resto de pacientes.<\/p>\n<p class=\"paragraph\" id=\"paragraph_25\">La noticia <strong>ha causado \u00abun gran revuelo\u00bb<\/strong> en nuestro pa\u00eds. Ana, de hecho, no tard\u00f3 en contactar con la compa\u00f1\u00eda que desarrolla la terapia para que pudieran participar.<\/p>\n<p class=\"paragraph\" id=\"paragraph_26\">Su intenci\u00f3n es que el ensayo tuviera dos centros de referencia: el Hospital Cornell de Nueva York y el Sant Joan de D\u00e9u de Barcelona.<\/p>\n<p class=\"paragraph\" id=\"paragraph_27\">Aunque a\u00fan no ha recibido una respuesta clara a su petici\u00f3n, sabe que el precio, como sucede normalmente con las terapias g\u00e9nicas, va a ser una gran complicaci\u00f3n.<\/p>\n<p class=\"paragraph\" id=\"paragraph_28\">Por ello se <a href=\"https:\/\/www.migranodearena.org\/reto\/el-ejercito-de-javi-contra-nedamss?fbclid=PAZXh0bgNhZW0CMTEAAafYiqYx9pI9FCgtPpM-toSmYPa6bD-R2PxObT6xJjsOVbLjhXjHpGooEHSOTA_aem_zVlbb2wdedoVigiAO0PIcg\" rel=\"nofollow noopener\" target=\"_blank\">ha propuesto<\/a> recaudar 1,2 millones de euros para que Javi pueda recibir el tratamiento a tiempo. \u00abLo que no podemos hacer es que se deterioren y cuando no les haga efecto se la pongan\u00bb, comenta Ana. \u00ab<strong>Me da una rabia tremenda que haya una terapia y no la puedan recibir<\/strong>\u00ab.<\/p>\n","protected":false},"excerpt":{"rendered":"A Javi le cambi\u00f3 la vida en un mes. Pas\u00f3 de estar montando en bicicleta y jugando al&hellip;\n","protected":false},"author":2,"featured_media":144111,"comment_status":"","ping_status":"","sticky":false,"template":"","format":"standard","meta":{"footnotes":""},"categories":[174],"tags":[3349,255,11590,146,147,25,24,256,2381,166,23],"class_list":{"0":"post-144110","1":"post","2":"type-post","3":"status-publish","4":"format-standard","5":"has-post-thumbnail","7":"category-famosos","8":"tag-autismo","9":"tag-celebrities","10":"tag-enfermedades-raras","11":"tag-entertainment","12":"tag-entretenimiento","13":"tag-es","14":"tag-espana","15":"tag-famosos","16":"tag-genetica","17":"tag-salud","18":"tag-spain"},"share_on_mastodon":{"url":"","error":""},"_links":{"self":[{"href":"https:\/\/www.europesays.com\/es\/wp-json\/wp\/v2\/posts\/144110","targetHints":{"allow":["GET"]}}],"collection":[{"href":"https:\/\/www.europesays.com\/es\/wp-json\/wp\/v2\/posts"}],"about":[{"href":"https:\/\/www.europesays.com\/es\/wp-json\/wp\/v2\/types\/post"}],"author":[{"embeddable":true,"href":"https:\/\/www.europesays.com\/es\/wp-json\/wp\/v2\/users\/2"}],"replies":[{"embeddable":true,"href":"https:\/\/www.europesays.com\/es\/wp-json\/wp\/v2\/comments?post=144110"}],"version-history":[{"count":0,"href":"https:\/\/www.europesays.com\/es\/wp-json\/wp\/v2\/posts\/144110\/revisions"}],"wp:featuredmedia":[{"embeddable":true,"href":"https:\/\/www.europesays.com\/es\/wp-json\/wp\/v2\/media\/144111"}],"wp:attachment":[{"href":"https:\/\/www.europesays.com\/es\/wp-json\/wp\/v2\/media?parent=144110"}],"wp:term":[{"taxonomy":"category","embeddable":true,"href":"https:\/\/www.europesays.com\/es\/wp-json\/wp\/v2\/categories?post=144110"},{"taxonomy":"post_tag","embeddable":true,"href":"https:\/\/www.europesays.com\/es\/wp-json\/wp\/v2\/tags?post=144110"}],"curies":[{"name":"wp","href":"https:\/\/api.w.org\/{rel}","templated":true}]}}