{"id":144114,"date":"2025-09-28T11:18:08","date_gmt":"2025-09-28T11:18:08","guid":{"rendered":"https:\/\/www.europesays.com\/es\/144114\/"},"modified":"2025-09-28T11:18:08","modified_gmt":"2025-09-28T11:18:08","slug":"la-setmana-del-llibre-en-catala-cierra-con-120-000-asistentes","status":"publish","type":"post","link":"https:\/\/www.europesays.com\/es\/144114\/","title":{"rendered":"La Setmana del Llibre en Catal\u00e0 cierra con 120.000 asistentes"},"content":{"rendered":"<p data-gtm-element-container=\"modulo-texto-link\" class=\"paragraph\">La Setmana del Llibre en Catal\u00e0 ha cerrado este domingo su 43 edici\u00f3n con m\u00e1s de 120.000 personas, \u201cunas 20.000 m\u00e1s que el pasado a\u00f1o\u201d, tal y como apunta a La Vanguardia Ilya Perdig\u00f3, presidente de Editors.cat. \u201cA falta de que termine el d\u00eda, ya podemos avanzar que hemos crecido entre un 12 y un 15% en la facturaci\u00f3n\u201d.<\/p>\n<p data-gtm-element-container=\"modulo-texto-link\" class=\"paragraph\">El editor recuerda que la cita literaria ven\u00eda de 4 a\u00f1os de crecimiento constante. \u201cEl a\u00f1o pasado crecimos hasta un 20%, y esta es una tendencia de crecimiento muy dif\u00edcil, casi milagrosa. Pero es satisfactorio ver como nos estamos consolidando y m\u00e1s en este nuevo espacio, en el Passeig Llu\u00eds Companys, donde nos hemos juntado por segunda vez tras varios a\u00f1os en el Moll de la Fusta\u201d.<\/p>\n<p data-gtm-element-container=\"modulo-texto-link\" class=\"paragraph\">Las fechas tambi\u00e9n ayudan, tal y como recuerda Perdig\u00f3. \u201cEl hecho de coincidir con las fiestas de la Merc\u00e8 hacen que el catal\u00e1n y los libros en esta lengua puedan estar en el centro de la ciudad y que se agrande y nutra el tejido cultural\u201d. En este sentido, apunta, \u201cla Setmana es el tercer momento del a\u00f1o donde se venden m\u00e1s libros en catal\u00e1n, despu\u00e9s de Sant Jordi y Navidad\u201d.<\/p>\n","protected":false},"excerpt":{"rendered":"La Setmana del Llibre en Catal\u00e0 ha cerrado este domingo su 43 edici\u00f3n con m\u00e1s de 120.000 personas,&hellip;\n","protected":false},"author":2,"featured_media":144115,"comment_status":"","ping_status":"","sticky":false,"template":"","format":"standard","meta":{"footnotes":""},"categories":[172],"tags":[224,146,147,25,24,225,23],"class_list":{"0":"post-144114","1":"post","2":"type-post","3":"status-publish","4":"format-standard","5":"has-post-thumbnail","7":"category-libros","8":"tag-books","9":"tag-entertainment","10":"tag-entretenimiento","11":"tag-es","12":"tag-espana","13":"tag-libros","14":"tag-spain"},"share_on_mastodon":{"url":"","error":""},"_links":{"self":[{"href":"https:\/\/www.europesays.com\/es\/wp-json\/wp\/v2\/posts\/144114","targetHints":{"allow":["GET"]}}],"collection":[{"href":"https:\/\/www.europesays.com\/es\/wp-json\/wp\/v2\/posts"}],"about":[{"href":"https:\/\/www.europesays.com\/es\/wp-json\/wp\/v2\/types\/post"}],"author":[{"embeddable":true,"href":"https:\/\/www.europesays.com\/es\/wp-json\/wp\/v2\/users\/2"}],"replies":[{"embeddable":true,"href":"https:\/\/www.europesays.com\/es\/wp-json\/wp\/v2\/comments?post=144114"}],"version-history":[{"count":0,"href":"https:\/\/www.europesays.com\/es\/wp-json\/wp\/v2\/posts\/144114\/revisions"}],"wp:featuredmedia":[{"embeddable":true,"href":"https:\/\/www.europesays.com\/es\/wp-json\/wp\/v2\/media\/144115"}],"wp:attachment":[{"href":"https:\/\/www.europesays.com\/es\/wp-json\/wp\/v2\/media?parent=144114"}],"wp:term":[{"taxonomy":"category","embeddable":true,"href":"https:\/\/www.europesays.com\/es\/wp-json\/wp\/v2\/categories?post=144114"},{"taxonomy":"post_tag","embeddable":true,"href":"https:\/\/www.europesays.com\/es\/wp-json\/wp\/v2\/tags?post=144114"}],"curies":[{"name":"wp","href":"https:\/\/api.w.org\/{rel}","templated":true}]}}