{"id":144118,"date":"2025-09-28T11:22:08","date_gmt":"2025-09-28T11:22:08","guid":{"rendered":"https:\/\/www.europesays.com\/es\/144118\/"},"modified":"2025-09-28T11:22:08","modified_gmt":"2025-09-28T11:22:08","slug":"quien-es-gemma-pinto-la-influencer-que-ha-conquistado-el-corazon-de-marc-marquez","status":"publish","type":"post","link":"https:\/\/www.europesays.com\/es\/144118\/","title":{"rendered":"Qui\u00e9n es Gemma Pinto, la influencer que ha conquistado el coraz\u00f3n de Marc M\u00e1rquez"},"content":{"rendered":"<p>28\/09\/2025<br \/>\n<br \/><strong><br \/>\nActualizado a las 12:45h.<br \/>\n<\/strong><\/p>\n<p class=\"voc-p\" style=\"\">Lo ha vuelto a hacer: a sus 32 a\u00f1os, <a href=\"https:\/\/www.abc.es\/gente\/expareja-gemma-pinto-arremete-marc-marquez-tio-20240709114135-nt.html\" target=\"_self\" data-voc-vtm-id=\"in-text-traffic\" title=\"Marc M\u00e1rquez\" data-mrf-link=\"www.abc.es\" rel=\"nofollow noopener\">Marc M\u00e1rquez<\/a> se ha coronado en Jap\u00f3n como <strong>campe\u00f3n del mundo<\/strong> de MotoGP para sumar un nuevo cetro, una victoria que no ha dudado en compartir con todo <strong>su equipo, su familia y con quien hoy es su apoyo m\u00e1s importante<\/strong>: la influencer <a href=\"https:\/\/www.abc.es\/gente\/marc-marquez-revela-fin-identidad-nueva-novia-20230522105707-vi.html\" target=\"_self\" data-voc-vtm-id=\"in-text-traffic\" title=\"Gemma Pinto\" data-mrf-link=\"www.abc.es\" rel=\"nofollow noopener\">Gemma Pinto<\/a>. \u00bfQui\u00e9n es esta chica?<\/p>\n<p class=\"voc-p\" style=\"\">El laureado piloto y la creadora de contenido y el piloto empezaron su relaci\u00f3n en 2023 y desde entonces la catalana se ha convertido en su fiel acompa\u00f1ante por los circuitos.<strong> Posee m\u00e1s de 350.000 seguidores<\/strong> en redes sociales, un mundillo en el que <a href=\"https:\/\/www.abc.es\/gente\/cena-romantica-marc-marquez-nueva-novia-influencer-20230613184607-nt.html\" target=\"_self\" data-voc-vtm-id=\"in-text-traffic\" title=\"Gemma Pinto\" data-mrf-link=\"www.abc.es\" rel=\"nofollow noopener\">Gemma Pinto<\/a> empez\u00f3, entre otras cosas, gracias a su amistad con <a href=\"https:\/\/www.abc.es\/gente\/laura-escanes-revela-clave-relacion-joan-verdu-20250915115627-nt.html\" target=\"_self\" data-voc-vtm-id=\"in-text-traffic\" title=\"Laura Escanes\" data-mrf-link=\"www.abc.es\" rel=\"nofollow noopener\">Laura Escanes<\/a>, todo un referente en el gremio de las influencers.<\/p>\n<p class=\"voc-p\" style=\"\">\u00abCreo que mi contenido es <strong>bastante natural y transparente<\/strong>. La gente de mi entorno no ha visto un cambio en m\u00ed, lo que confirma que sigo siendo la misma\u00bb, contaba Gemma Pinto, de 28 a\u00f1os, en una entrevista para &#8216;La Vanguardia&#8217;.<\/p>\n<p>\nLaura Escanes y c\u00f3mo comenz\u00f3 todo\n<\/p>\n<p class=\"voc-p\" style=\"\">La catalana comparte el contenido m\u00e1s o menos habitual en redes: sus outfits, su estilo de vida activo y saludable o su trabajo con marcas. Pero lo hace de una forma que seduce, a juzgar por el <strong>creciente n\u00famero de seguidores<\/strong> que tiene. Y m\u00e1s despu\u00e9s de conocerse su v\u00ednculo con una estrella del deporte mundial como es <a href=\"https:\/\/www.abc.es\/gente\/declaracion-amor-novia-marc-marquez-camino-facil-20231024133642-nt.html\" target=\"_self\" data-voc-vtm-id=\"in-text-traffic\" title=\"Marc M\u00e1rquez\" data-mrf-link=\"www.abc.es\" rel=\"nofollow noopener\">Marc M\u00e1rquez<\/a>.<\/p>\n<p class=\"voc-p\" style=\"\">As\u00ed contaba Gemma Pinto en la entrevista citada c\u00f3mo empez\u00f3 en el mundo de las redes sociales: \u00ab<strong>Coincid\u00ed con Laura Escanes en la universidad y conectamos much\u00edsimo<\/strong>. Todo comenz\u00f3 cuando un d\u00eda ella subi\u00f3 una foto conmigo, pero en ese momento Laura ya ten\u00eda un gran boom en redes sociales. De repente, empec\u00e9 a notar que mis seguidores en Instagram aumentaban, algo que no me esperaba para nada porque nunca hab\u00eda estado en ese ambiente\u00bb. Como suele ocurrir en el mundo Instagram, un nombre hace otro nombre.<\/p>\n<p class=\"voc-p\" style=\"\">En sus comienzos, Gemma Pinto era bastante espont\u00e1nea y comenz\u00f3 a publicar contenido sin un plan espec\u00edfico. M\u00e1s o menos sobre lo que se le iba ocurriendo. Unas veces era de <strong>moda<\/strong>, otras de belleza, tambi\u00e9n sobre <strong>deporte o vida saludable<\/strong> en general\u2026 Y as\u00ed fue reclutando adeptos a la causa hasta convertir las redes en su medio profesional de vida.<\/p>\n<p>\nRumores de boda\n<\/p>\n<p class=\"voc-p\" style=\"\">\u00abLleg\u00f3 un punto en el que las marcas comenzaron a contactarme, y me sorprendi\u00f3 mucho que realmente les interesara. <strong>No estaba acostumbrada<\/strong> y me hac\u00eda mucha ilusi\u00f3n recibir propuestas de marcas, y al principio dec\u00eda que s\u00ed a todo\u00bb, contaba en &#8216;La Vanguardia&#8217;.<\/p>\n<p class=\"voc-p\" style=\"\">Para Gemma Pinto, el valor lo aportan quienes la rodean: \u00abEn mi experiencia, lo que m\u00e1s ayuda es la gente que te rodea: familia, amigos, pareja. <strong>Tener un entorno fuerte y positivo te da tranquilidad<\/strong> y te ayuda a gestionar mejor cualquier situaci\u00f3n. Son quienes te dan ese empuj\u00f3n cuando lo necesitas y te aportan calma\u00bb.<\/p>\n<p class=\"voc-p\" style=\"\">Marc M\u00e1rquez y Gemma Pinto mantienen una relaci\u00f3n desde 2023 y ya se especula incluso con una pr\u00f3xima boda despu\u00e9s de que en <strong>una publicaci\u00f3n de julio<\/strong> aparecieran las manos entrelazadas de la pareja y <strong>un anillo en el dedo anular derecho<\/strong> de la influencer. \u00bfSuficiente para empezar a pensar ya en el enlace?<\/p>\n<p>Reportar un error<\/p>\n","protected":false},"excerpt":{"rendered":"28\/09\/2025 Actualizado a las 12:45h. Lo ha vuelto a hacer: a sus 32 a\u00f1os, Marc M\u00e1rquez se ha&hellip;\n","protected":false},"author":2,"featured_media":144119,"comment_status":"","ping_status":"","sticky":false,"template":"","format":"standard","meta":{"footnotes":""},"categories":[93],"tags":[21073,4835,168,25,24,44499,5764,6489,14482,20961,23,167],"class_list":{"0":"post-144118","1":"post","2":"type-post","3":"status-publish","4":"format-standard","5":"has-post-thumbnail","7":"category-deportes","8":"tag-conquistado","9":"tag-corazon","10":"tag-deportes","11":"tag-es","12":"tag-espana","13":"tag-gemma","14":"tag-influencer","15":"tag-marc","16":"tag-marquez","17":"tag-pinto","18":"tag-spain","19":"tag-sports"},"share_on_mastodon":{"url":"","error":""},"_links":{"self":[{"href":"https:\/\/www.europesays.com\/es\/wp-json\/wp\/v2\/posts\/144118","targetHints":{"allow":["GET"]}}],"collection":[{"href":"https:\/\/www.europesays.com\/es\/wp-json\/wp\/v2\/posts"}],"about":[{"href":"https:\/\/www.europesays.com\/es\/wp-json\/wp\/v2\/types\/post"}],"author":[{"embeddable":true,"href":"https:\/\/www.europesays.com\/es\/wp-json\/wp\/v2\/users\/2"}],"replies":[{"embeddable":true,"href":"https:\/\/www.europesays.com\/es\/wp-json\/wp\/v2\/comments?post=144118"}],"version-history":[{"count":0,"href":"https:\/\/www.europesays.com\/es\/wp-json\/wp\/v2\/posts\/144118\/revisions"}],"wp:featuredmedia":[{"embeddable":true,"href":"https:\/\/www.europesays.com\/es\/wp-json\/wp\/v2\/media\/144119"}],"wp:attachment":[{"href":"https:\/\/www.europesays.com\/es\/wp-json\/wp\/v2\/media?parent=144118"}],"wp:term":[{"taxonomy":"category","embeddable":true,"href":"https:\/\/www.europesays.com\/es\/wp-json\/wp\/v2\/categories?post=144118"},{"taxonomy":"post_tag","embeddable":true,"href":"https:\/\/www.europesays.com\/es\/wp-json\/wp\/v2\/tags?post=144118"}],"curies":[{"name":"wp","href":"https:\/\/api.w.org\/{rel}","templated":true}]}}