{"id":144120,"date":"2025-09-28T11:23:09","date_gmt":"2025-09-28T11:23:09","guid":{"rendered":"https:\/\/www.europesays.com\/es\/144120\/"},"modified":"2025-09-28T11:23:09","modified_gmt":"2025-09-28T11:23:09","slug":"hacer-este-ejercicio-a-diario-puede-reducir-el-riesgo-de-cancer-de-pulmon-en-un-50-segun-una-investigacion","status":"publish","type":"post","link":"https:\/\/www.europesays.com\/es\/144120\/","title":{"rendered":"Hacer este ejercicio a diario puede reducir el riesgo de c\u00e1ncer de pulm\u00f3n en un 50%, seg\u00fan una investigaci\u00f3n"},"content":{"rendered":"<p>Un equipo de investigaci\u00f3n del Departamento de Farmacolog\u00eda y Farmacia de la Facultad de Medicina LKS de la Universidad de Hong Kong (HKUMed) ha encontrado una <b>asociaci\u00f3n entre la velocidad al caminar y el riesgo de c\u00e1ncer<\/b>, que puede reducir hasta en un 50 por ciento el riesgo de tumores en el pulm\u00f3n.<\/p>\n<p>Los investigadores descubrieron que las personas que <a href=\"https:\/\/www.eleconomista.es\/salud-bienestar\/ejercicios\/noticias\/13564979\/09\/25\/hacer-yoga-esta-muy-bien-a-partir-de-los-60-pero-los-expertos-recomiendan-practicar-en-casa-estos-5-ejercicios.html\" title=\"Hacer yoga est\u00e1 muy bien a partir de los 60, pero los expertos recomiendan practicar en casa estos 5 ejercicios\" rel=\"nofollow noopener\" target=\"_blank\">caminan m\u00e1s r\u00e1pido<\/a> tienen un<b> riesgo general significativamente menor<\/b> de desarrollar c\u00e1ncer, en particular c\u00e1ncer de pulm\u00f3n. Esta asociaci\u00f3n se mantuvo independientemente de si la velocidad al caminar se reportaba por los propios participantes o se med\u00eda objetivamente.<\/p>\n<p>El estudio<\/p>\n<p>Este estudio de cohorte prospectivo a gran escala, publicado en el &#8216;Journal of Cachexia, Sarcopenia and Muscle&#8217;, analiz\u00f3 datos de m\u00e1s de 430.000 participantes del Biobanco del Reino Unido y valid\u00f3 los hallazgos en una cohorte de Hong Kong. Los resultados sugieren que la calidad de la marcha, espec\u00edficamente la velocidad,<b> podr\u00eda ofrecer mayor valor preventivo que la cantidad<\/b>. La velocidad al caminar podr\u00eda servir como un indicador simple del riesgo de c\u00e1ncer, lo que facilitar\u00eda el desarrollo de estrategias personalizadas de prevenci\u00f3n.<\/p>\n<p>Estudios previos se han centrado principalmente en la relaci\u00f3n entre la duraci\u00f3n y la frecuencia de la caminata con la incidencia y la mortalidad por c\u00e1ncer. Sin embargo, <b>la velocidad al caminar<\/b>, a menudo considerada un signo vital de la salud general, <b>ha recibido menos atenci\u00f3n en la investigaci\u00f3n oncol\u00f3gica.<\/b><\/p>\n<p>Seg\u00fan el profesor Cheung Ching-lung, profesor asociado del Departamento de Farmacolog\u00eda y Farmacia de la HKUMed, la <a href=\"https:\/\/www.eleconomista.es\/salud-bienestar\/ejercicios\/noticias\/13512544\/08\/25\/marcha-japonesa-consigue-todos-los-beneficios-de-caminar-10000-pasos-en-solo-30-minutos.html\" title=\"Marcha japonesa: consigue todos los beneficios de caminar 10.000 pasos en solo 30 minutos\" rel=\"nofollow noopener\" target=\"_blank\">velocidad al caminar <\/a>es una medida r\u00e1pida y fiable de la funci\u00f3n f\u00edsica y se ha asociado con enfermedades relacionadas con la edad, como las enfermedades cardiovasculares y la demencia, <b>as\u00ed como con la mortalidad.<\/b> Investigaciones recientes tambi\u00e9n sugieren que el m\u00fasculo esquel\u00e9tico desempe\u00f1a un papel en la regulaci\u00f3n de las v\u00edas inflamatorias y metab\u00f3licas, lo que podr\u00eda ayudar a explicar el v\u00ednculo biol\u00f3gico entre la velocidad al caminar y el riesgo de c\u00e1ncer.<\/p>\n<p>Hasta un 53% menos de riesgo de c\u00e1ncer de pulm\u00f3n<\/p>\n<p>Investigadores de HKUMed examinaron el v\u00ednculo entre la velocidad al caminar y el riesgo de c\u00e1ncer utilizando dos enfoques distintos: los participantes del Reino Unido informaron ellos mismos su ritmo de caminata, mientras que los de Hong Kong se sometieron a una prueba de caminata cronometrada de seis metros. Los hallazgos mostraron que los caminantes r\u00e1pidos en el Reino Unido ten\u00edan un riesgo general 13% menor de desarrollar c\u00e1ncer, mientras que los de Hong Kong<b> tuvieron una disminuci\u00f3n del 45%.<\/b><\/p>\n<p>                            <img decoding=\"async\" src=\"https:\/\/www.europesays.com\/es\/wp-content\/uploads\/2025\/09\/770x_cancer-pulmon.jpg\" loading=\"lazy\" alt=\"cancer-pulmon\"\/><\/p>\n<p>                            C\u00e1ncer de pulm\u00f3n | Canva<\/p>\n<p>La ca\u00edda m\u00e1s significativa se observ\u00f3 en el <b>c\u00e1ncer de pulm\u00f3n, con una ca\u00edda del riesgo de hasta un 53%<\/b>, lo que sugiere que caminar m\u00e1s r\u00e1pido puede ayudar a proteger el sistema respiratorio y reducir el riesgo de c\u00e1ncer. Un an\u00e1lisis de mediaci\u00f3n adicional revel\u00f3 que aproximadamente una cuarta parte de este efecto protector podr\u00eda atribuirse a niveles m\u00e1s bajos de marcadores inflamatorios (como la prote\u00edna C reactiva y el recuento de gl\u00f3bulos blancos) y mejores indicadores del metabolismo lip\u00eddico (incluido el colesterol total y el colesterol LDL) entre los caminantes r\u00e1pidos. Estos factores contribuyen a la reducci\u00f3n del riesgo de c\u00e1ncer.<\/p>\n<p>\u00abLa velocidad al caminar podr\u00eda ser un marcador importante de la resiliencia fisiol\u00f3gica relacionada con el <a href=\"https:\/\/www.eleconomista.es\/salud-bienestar\/enfermedades\/noticias\/13557240\/09\/25\/la-enfermedad-que-padece-un-tercio-de-la-poblacion-mundial-y-que-puede-ser-un-factor-de-riesgo-para-el-cancer-de-pulmon.html\" title=\"La enfermedad que padece un tercio de la poblaci\u00f3n mundial y que puede ser un factor de riesgo para el c\u00e1ncer de pulm\u00f3n\" rel=\"nofollow noopener\" target=\"_blank\">riesgo de c\u00e1ncer<\/a>, asegura el profesor Cheung. Los niveles m\u00e1s bajos de inflamaci\u00f3n y los perfiles lip\u00eddicos m\u00e1s saludables observados entre quienes caminan r\u00e1pido respaldan la hip\u00f3tesis de que <b>podr\u00edan tener una mejor salud general\u00bb.<\/b><\/p>\n<p>WhatsApp<a href=\"https:\/\/api.whatsapp.com\/send?text=https:\/\/www.eleconomista.es\/salud-bienestar\/enfermedades\/noticias\/13566597\/09\/25\/hacer-este-ejercicio-a-diario-puede-reducir-el-riesgo-de-cancer-de-pulmon-en-un-50-segun-una-investigacion.html?utm_source%3Dwhatsapp%26utm_medium%3Dshare_button&amp;id=1648118629957_whatsapp\" target=\"_blank\" data-action=\"share\/whatsapp\/share\" aria-label=\"Compartir en Whatsapp\" rel=\"nofollow noopener\"><\/a>Facebook<a id=\"fb-share\" href=\"#\" target=\"_blank\" rel=\"noopener noreferrer\" aria-label=\"Compartir en Facebook\"><\/a>Twitter<a href=\"https:\/\/twitter.com\/share?text=Hacer+este+ejercicio+a+diario+puede+reducir+el+riesgo+de+c%C3%A1ncer+de+pulm%C3%B3n+en+un+50%25%2C+seg%C3%BAn+una+investigaci%C3%B3n&amp;url=https:\/\/www.eleconomista.es\/salud-bienestar\/enfermedades\/noticias\/13566597\/09\/25\/hacer-este-ejercicio-a-diario-puede-reducir-el-riesgo-de-cancer-de-pulmon-en-un-50-segun-una-investigacion.html&amp;via=elEconomistaes&amp;id=1648118839245_twitter\" target=\"_blank\" aria-label=\"Compartir en Twitter\" rel=\"nofollow noopener\"><\/a>Linkedin<a href=\"https:\/\/linkedin.com\/share?text=https:\/\/www.eleconomista.es\/salud-bienestar\/enfermedades\/noticias\/13566597\/09\/25\/hacer-este-ejercicio-a-diario-puede-reducir-el-riesgo-de-cancer-de-pulmon-en-un-50-segun-una-investigacion.html&amp;via=elEconomistaes\" target=\"_blank\" aria-label=\"Compartir en linkedin\" rel=\"nofollow noopener\"><\/a>Beloud<a href=\"https:\/\/beloud.com\/share?text=Hacer+este+ejercicio+a+diario+puede+reducir+el+riesgo+de+c%C3%A1ncer+de+pulm%C3%B3n+en+un+50%25%2C+seg%C3%BAn+una+investigaci%C3%B3n&amp;url=https:\/\/www.eleconomista.es\/salud-bienestar\/enfermedades\/noticias\/13566597\/09\/25\/hacer-este-ejercicio-a-diario-puede-reducir-el-riesgo-de-cancer-de-pulmon-en-un-50-segun-una-investigacion.html&amp;via=elEconomistaes&amp;id=1648118839245_beloud\" target=\"_blank\" aria-label=\"Compartir en beloud\" rel=\"nofollow noopener\"><\/a>Bluesky<a href=\"https:\/\/bsky.app\/intent\/compose?text=https:\/\/bsky.app\/intent\/compose?text=https:\/\/www.eleconomista.es\/salud-bienestar\/enfermedades\/noticias\/13566597\/09\/25\/hacer-este-ejercicio-a-diario-puede-reducir-el-riesgo-de-cancer-de-pulmon-en-un-50-segun-una-investigacion.html&amp;url=https:\/\/www.eleconomista.es\/salud-bienestar\/enfermedades\/noticias\/13566597\/09\/25\/hacer-este-ejercicio-a-diario-puede-reducir-el-riesgo-de-cancer-de-pulmon-en-un-50-segun-una-investigacion.html&amp;via=elEconomistaes&amp;id=1648118839245_bluesky\" target=\"_blank\" aria-label=\"Compartir en bluesky\" rel=\"nofollow noopener\"><\/a><\/p>\n<p><script async src=\"https:\/\/platform.twitter.com\/widgets.js\" charset=\"utf-8\"><\/script><\/p>\n","protected":false},"excerpt":{"rendered":"Un equipo de investigaci\u00f3n del Departamento de Farmacolog\u00eda y Farmacia de la Facultad de Medicina LKS de la&hellip;\n","protected":false},"author":2,"featured_media":144121,"comment_status":"","ping_status":"","sticky":false,"template":"","format":"standard","meta":{"footnotes":""},"categories":[92],"tags":[25,24,165,166,4134,23],"class_list":{"0":"post-144120","1":"post","2":"type-post","3":"status-publish","4":"format-standard","5":"has-post-thumbnail","7":"category-salud","8":"tag-es","9":"tag-espana","10":"tag-health","11":"tag-salud","12":"tag-salud-bienestar","13":"tag-spain"},"share_on_mastodon":{"url":"","error":""},"_links":{"self":[{"href":"https:\/\/www.europesays.com\/es\/wp-json\/wp\/v2\/posts\/144120","targetHints":{"allow":["GET"]}}],"collection":[{"href":"https:\/\/www.europesays.com\/es\/wp-json\/wp\/v2\/posts"}],"about":[{"href":"https:\/\/www.europesays.com\/es\/wp-json\/wp\/v2\/types\/post"}],"author":[{"embeddable":true,"href":"https:\/\/www.europesays.com\/es\/wp-json\/wp\/v2\/users\/2"}],"replies":[{"embeddable":true,"href":"https:\/\/www.europesays.com\/es\/wp-json\/wp\/v2\/comments?post=144120"}],"version-history":[{"count":0,"href":"https:\/\/www.europesays.com\/es\/wp-json\/wp\/v2\/posts\/144120\/revisions"}],"wp:featuredmedia":[{"embeddable":true,"href":"https:\/\/www.europesays.com\/es\/wp-json\/wp\/v2\/media\/144121"}],"wp:attachment":[{"href":"https:\/\/www.europesays.com\/es\/wp-json\/wp\/v2\/media?parent=144120"}],"wp:term":[{"taxonomy":"category","embeddable":true,"href":"https:\/\/www.europesays.com\/es\/wp-json\/wp\/v2\/categories?post=144120"},{"taxonomy":"post_tag","embeddable":true,"href":"https:\/\/www.europesays.com\/es\/wp-json\/wp\/v2\/tags?post=144120"}],"curies":[{"name":"wp","href":"https:\/\/api.w.org\/{rel}","templated":true}]}}