{"id":144122,"date":"2025-09-28T11:24:12","date_gmt":"2025-09-28T11:24:12","guid":{"rendered":"https:\/\/www.europesays.com\/es\/144122\/"},"modified":"2025-09-28T11:24:12","modified_gmt":"2025-09-28T11:24:12","slug":"las-claves-de-la-ruptura-entre-telma-ortiz-y-gavin-bonnar","status":"publish","type":"post","link":"https:\/\/www.europesays.com\/es\/144122\/","title":{"rendered":"las claves de la ruptura entre Telma Ortiz y Gavin Bonnar"},"content":{"rendered":"<p>La noticia de la semana ha sido la <a href=\"https:\/\/theobjective.com\/gente\/2025-09-26\/gavin-bonnar-abogado-separa-telma-ortiz\/\" rel=\"nofollow noopener\" target=\"_blank\"><strong>ruptura<\/strong> entre\u00a0<strong>Telma Ortiz y Gavin Bonnar<\/strong><\/a>. Una vez estallada la \u2018bomba\u2019, comienzan a aparecer detalles de esta <strong>separaci\u00f3n<\/strong>. Una de las claves las aporta Vanitatis, donde se afirma que<strong> ocurri\u00f3 hace un a\u00f1o ya<\/strong>. As\u00ed lo confirman varias fuentes que aseguran que, aunque la noticia de su separaci\u00f3n ha salido a la luz en estos momentos, no es nueva ni mucho menos.<\/p>\n<p>La relaci\u00f3n entre la hermana de la Reina Letizia y el abogado irland\u00e9s comenz\u00f3 hace algo m\u00e1s de seis a\u00f1os, coincidiendo con la separaci\u00f3n de \u00e9l de la violinista Sharon Corr, una de las integrantes del famoso grupo The Corrs.\u00a0Ahora se han conocido m\u00e1s detalles sobre esta\u00a0<strong>sonada ruptura que comenz\u00f3 por una novela.<\/strong><\/p>\n<p>\u00abSeparados y enfrentados\u00bb<\/p>\n<p><img fetchpriority=\"high\" decoding=\"async\" width=\"1024\" height=\"576\" src=\"https:\/\/www.europesays.com\/es\/wp-content\/uploads\/2025\/09\/telma-ortiz-urbanizacion-1024x576.jpeg\" alt=\"\" class=\"wp-image-3219282\"  \/>Telma Ortiz y Robert Bonnar se divorcian tras cinco a\u00f1os juntos. | Gtres<\/p>\n<p>La<strong> ruptura entre Telma Ortiz y Gavin Bonnar<\/strong> comenz\u00f3 a interesar a los medios por el cambio de domicilio de la hermana de la reina Letizia y su pareja.\u00a0<strong>\u00c9l vive en Alcobendas, Madrid, y ella era una residencia cercana<\/strong>. Otro detalle que apuntaba en esta direcci\u00f3n fue el hecho de que dejaran de acudir juntos a cenas y eventos, puntualiza el citado medio. De hecho, fue en una de estas reuniones con amigos cuando Gavin dej\u00f3 caer que su relaci\u00f3n con Telma Ortiz estaba en un punto de no retorno y su distanciamiento era una realidad.\u00a0<strong>La pareja tiene una hija en com\u00fan, que naci\u00f3 en 2021<\/strong>.\u00a0<\/p>\n<p>\u00abSeparados y enfrentados\u00bb, se\u00f1alan ahora desde el citado medio y confirman que, efectivamente,<strong> la separaci\u00f3n se produjo hace ya un a\u00f1o<\/strong>. Las nuevas informaciones apuntan a que\u00a0<strong>no est\u00e1 siendo una ruptura sencilla y amigable<\/strong>. \u00abHa sido un proceso muy duro y es mejor no entrar en detalles porque son \u00edntimos y escabrosos\u00bb, escribe Silvia Taul\u00e9s en Vanitatis, que alude a fuentes pr\u00f3ximas a las partes. Los nuevos datos que maneja la periodista dan cuenta de que \u00ab<strong>el drama familiar ha sido m\u00e1s profundo <\/strong>de lo que ha trascendido\u00bb, a\u00f1ade.\u00a0<\/p>\n<p>Familia numerosa, recursos limitados y una novela<\/p>\n<p>Cuenta Taul\u00e9s que el punto de quiebre definitivo entre Telma Ortiz y Gavin Bonnar tiene su origen en la novela que publico el irland\u00e9s, El cuarto poder. La t\u00eda de la princesa Leonor y la infanta Sof\u00eda y el padre de su segunda hija \u00abprotagonizaron una discusi\u00f3n que, lejos de ser anecd\u00f3tica,<strong>\u00a0se convirti\u00f3 en el punto de no retorno:<\/strong>\u00a0la separaci\u00f3n definitiva\u00bb. Pero<strong> los problemas ven\u00edan de lejos<\/strong>, de acuerdo con las personas del entorno \u00edntimo de Telma y Gavin, que aseguran que ser padres a una edad tan adulta (ella con 47 a\u00f1os) les pas\u00f3 factura, junto al hecho de que han sido una familia numerosa \u00abcon recursos limitados\u00bb, cuenta la periodista.<\/p>\n<p>Cabe recordar que, adem\u00e1s de la hija que tienen en com\u00fan, <strong>Gavin Bonnar aport\u00f3 a la relaci\u00f3n dos hijos m\u00e1s<\/strong>, los que tuvo en el seno de su relaci\u00f3n con Sharon Corr, y Telma Ortiz, una. \u00abPor si fuera poco,\u00a0<strong>desde el entorno de Sharon Corr siempre hubo reticencias<\/strong>. La cantante irlandesa, que asegura que durante a\u00f1os tuvo que pasar una pensi\u00f3n a su exmarido, nunca acept\u00f3 la relaci\u00f3n entre Telma y Gavin y no ayud\u00f3\u00bb, trasladan.<\/p>\n<p><img loading=\"lazy\" decoding=\"async\" width=\"683\" height=\"1024\" src=\"https:\/\/www.europesays.com\/es\/wp-content\/uploads\/2025\/09\/telma-robert-gavin-683x1024.jpg\" alt=\"\" class=\"wp-image-2857559\"  \/>Telma Ortiz y Robert Gavin Bonnar son padres de una ni\u00f1a, Erin. Europa Press<\/p>\n<p>Otro apunte, Telma Ortiz y Gavin Bonnar y su por aquel entonces mujer (la violinista de The Corrs) se conocieron como parte de un grupo de padres que coincid\u00edan con sus hijos esquiando en las pistas de Andorra. Los tres eran amigos antes de que la hermana de la reina Letizia y el abogado irland\u00e9s cambiaran la naturaleza de su relaci\u00f3n de amistad a la sentimental.\u00a0<\/p>\n<p>Los mensajes \u2018encubiertos\u2019 de Gavin Bonnar<\/p>\n<p>El proceso de separaci\u00f3n entre Gavin Bonnar y Telma Ortiz\u00a0<strong>est\u00e1 siendo <\/strong>\u00ab<strong>muy, muy intenso<\/strong>\u00bb,\u00a0sentencian desde el medio citado con anterioridad por boca de personas pr\u00f3ximas a la ya expareja. Por el momento, ninguno de los dos protagonistas ha confirmado ni desmentido las informaciones sobre su separaci\u00f3n. Gavin, por su parte, se ha mantenido activo en su cuenta oficial de X, antiguo Twitter, donde ha volcado mensajes muy llamativos que, ahora, se entienden como peque\u00f1as p\u00edldoras, indirectas, referencias encubiertas, en las que trasladaba la realidad de su relaci\u00f3n: \u00ab<strong>Nuevos ni\u00f1os hu\u00e9rfanos por una nueva distancia. Nuestra constelaci\u00f3n, rota<\/strong>. El telar de nuestras vidas \u2014 una ruina\u00bb o \u00abNuestros salones de banquetes se silencian hasta convertirse en polvo. Tu copa, siempre llena, estar\u00e1 siempre sedienta\u00bb.<\/p>\n","protected":false},"excerpt":{"rendered":"La noticia de la semana ha sido la ruptura entre\u00a0Telma Ortiz y Gavin Bonnar. Una vez estallada la&hellip;\n","protected":false},"author":2,"featured_media":144123,"comment_status":"","ping_status":"","sticky":false,"template":"","format":"standard","meta":{"footnotes":""},"categories":[91],"tags":[255,146,147,25,24,23,42488],"class_list":{"0":"post-144122","1":"post","2":"type-post","3":"status-publish","4":"format-standard","5":"has-post-thumbnail","7":"category-entretenimiento","8":"tag-celebrities","9":"tag-entertainment","10":"tag-entretenimiento","11":"tag-es","12":"tag-espana","13":"tag-spain","14":"tag-telma-ortiz"},"share_on_mastodon":{"url":"","error":""},"_links":{"self":[{"href":"https:\/\/www.europesays.com\/es\/wp-json\/wp\/v2\/posts\/144122","targetHints":{"allow":["GET"]}}],"collection":[{"href":"https:\/\/www.europesays.com\/es\/wp-json\/wp\/v2\/posts"}],"about":[{"href":"https:\/\/www.europesays.com\/es\/wp-json\/wp\/v2\/types\/post"}],"author":[{"embeddable":true,"href":"https:\/\/www.europesays.com\/es\/wp-json\/wp\/v2\/users\/2"}],"replies":[{"embeddable":true,"href":"https:\/\/www.europesays.com\/es\/wp-json\/wp\/v2\/comments?post=144122"}],"version-history":[{"count":0,"href":"https:\/\/www.europesays.com\/es\/wp-json\/wp\/v2\/posts\/144122\/revisions"}],"wp:featuredmedia":[{"embeddable":true,"href":"https:\/\/www.europesays.com\/es\/wp-json\/wp\/v2\/media\/144123"}],"wp:attachment":[{"href":"https:\/\/www.europesays.com\/es\/wp-json\/wp\/v2\/media?parent=144122"}],"wp:term":[{"taxonomy":"category","embeddable":true,"href":"https:\/\/www.europesays.com\/es\/wp-json\/wp\/v2\/categories?post=144122"},{"taxonomy":"post_tag","embeddable":true,"href":"https:\/\/www.europesays.com\/es\/wp-json\/wp\/v2\/tags?post=144122"}],"curies":[{"name":"wp","href":"https:\/\/api.w.org\/{rel}","templated":true}]}}