{"id":144127,"date":"2025-09-28T11:27:13","date_gmt":"2025-09-28T11:27:13","guid":{"rendered":"https:\/\/www.europesays.com\/es\/144127\/"},"modified":"2025-09-28T11:27:13","modified_gmt":"2025-09-28T11:27:13","slug":"una-calle-menos-y-cuatro-muertos-mas-en-kiev-ucrania-es-atacada-con-cientos-de-drones-y-misiles-rusos-internacional","status":"publish","type":"post","link":"https:\/\/www.europesays.com\/es\/144127\/","title":{"rendered":"Una calle menos y cuatro muertos m\u00e1s en Kiev: Ucrania es atacada con cientos de drones y misiles rusos | Internacional"},"content":{"rendered":"<p class=\"\">Rusia ha castigado durante largas del comienzo de este domingo a distintas regiones de Ucrania con el lanzamiento de cerca de 600 drones y medio centenar de misiles, seg\u00fan datos ofrecidos por las autoridades. En Kiev, el balance de v\u00edctimas es de cuatro muertos, entre ellos una ni\u00f1a, y decenas de heridos. El cielo de la capital ha sido escenario a lo largo de la madrugada del <a href=\"https:\/\/elpais.com\/internacional\/2025-08-28\/varios-muertos-en-un-ataque-masivo-de-rusia-contra-kiev-con-drones-y-misiles.html\" target=\"_self\" rel=\"nofollow noopener\" title=\"https:\/\/elpais.com\/internacional\/2025-08-28\/varios-muertos-en-un-ataque-masivo-de-rusia-contra-kiev-con-drones-y-misiles.html\">constante trasiego de proyectiles y aparatos no tripulados<\/a> rusos que las defensas antia\u00e9reas locales intentaban interceptar en medio de grandes estruendos, como ha presenciado EL PA\u00cdS.<\/p>\n<p class=\"\">Las autoridades afirman que se trata de uno de los ataques m\u00e1s intensos sobre Kiev en m\u00e1s de tres a\u00f1os de guerra. Seg\u00fan la Fuerza A\u00e9rea, 611 proyectiles o drones han sido derribados o interceptados: 568 aviones no tripulados y 43 misiles (35 tipo Kh-101 y ocho tipo Kalibr). Asimismo, cinco misiles y 31 drones consiguieron impactar en 16 lugares. Mosc\u00fa, sin ofrecer detalles, afirma que ha lanzado una ofensiva contra instalaciones militares a la que no se han referido las autoridades locales.<\/p>\n<p class=\"\">A las afueras de la capital, los da\u00f1os son considerables en un barrio residencial del oeste. A derecha e izquierda, una nueva urbanizaci\u00f3n de una docena de casas adosadas que conforman una callecita peatonal ha quedado casi borrada del mapa. Es uno de los puntos de Kiev afectados por el ataque. Delante de una de esas viviendas, Mikola, de 27 a\u00f1os, ayudaba en la ma\u00f1ana del domingo junto a un grupo de voluntarios a poner orden. Todas las casas hab\u00edan sido levantadas despu\u00e9s de que las tropas del Kremlin lanzaran su gran invasi\u00f3n en febrero de 2022. Bajo el chispeo, los vecinos trataban de cubrir las viviendas con pl\u00e1sticos, mientras las excavadoras remov\u00edan escombros entre los que hab\u00eda restos de viviendas y veh\u00edculos.<\/p>\n<p class=\"\">\u201cHa sido aterrador. Vivimos por aqu\u00ed cerca y escuchamos la explosi\u00f3n en torno a las cuatro de la ma\u00f1ana\u201d, explicaba Irina, de 56 a\u00f1os, que observaba junto a su marido el trabajo de los investigadores. Un hombre vestido de militar se afanaba en recoger restos de lo que, otro con uniforme negro, confirmaba que se trataba del misil que ha impactado. <\/p>\n<p><img decoding=\"auto\" class=\"_re lazyload a_m-h\" height=\"276\"  width=\"414\"  src=\"https:\/\/www.europesays.com\/es\/wp-content\/uploads\/2025\/09\/7S3DTOWZUBFI3E4VCFBLLSKZYM.JPG\" loading=\"lazy\"\/>Un militar recopila restos del misil que ha impactado en Kiev en uno de los lugares atacados este domingo por Rusia.Luis de Vega<\/p>\n<p class=\"\">Durante una visita a la zona, el jefe de la administraci\u00f3n regional de Kiev, Mikola Kalashnyk, no ha confirmado a los medios el tipo de armamento, aunque ha detallado que los da\u00f1os han alcanzado a m\u00e1s de 700 casas en los alrededores y que esperan a lo largo de la tarde que se pueda restablecer el suministro el\u00e9ctrico. Las autoridades, a\u00f1ade, est\u00e1n acomodando en hoteles a aquellos que no pueden volver a sus viviendas mientras organizaciones de voluntarios proporcionan comida en colaboraci\u00f3n tambi\u00e9n con los comercios de la zona.<\/p>\n<p class=\"\">En medio de ese ataque ruso, Polonia ha anunciado el cierre de manera temporal el espacio a\u00e9reo cerca de las ciudades sudorientales de Lublin y Rzeszow hasta al menos las 4.00 GMT (las 6.00 en Espa\u00f1a peninsular) de este domingo debido a \u201cactividades militares no planificadas relacionadas con la seguridad del Estado\u201d, seg\u00fan ha informado el servicio de seguimiento de vuelos Flightradar24. Las Fuerzas Armadas polacas afirman que han enviado aviones para garantizar la seguridad del espacio a\u00e9reo coincidiendo con estos \u00faltimos ataques a\u00e9reos rusos contra Ucrania.<\/p>\n<p class=\"\">\u201cEn relaci\u00f3n con la actividad de la aviaci\u00f3n de largo alcance de la Federaci\u00f3n Rusa que est\u00e1 llevando a cabo ataques en el territorio de Ucrania, aviones polacos y aliados han comenzado a operar en nuestro espacio a\u00e9reo\u201d, explica el ej\u00e9rcito en una publicaci\u00f3n en la plataforma X. Los militares describen las acciones como \u201cpreventivas\u201d y destinadas a garantizar la seguridad el espacio a\u00e9reo y proteger a los ciudadanos. <\/p>\n<blockquote class=\"twitter-tweet\">\n<p lang=\"en\" dir=\"ltr\">A massive Russian attack on Ukraine lasted for more than 12 hours. Savage strikes, a deliberate, targeted terror against ordinary cities \u2013 nearly 500 attack drones and over 40 missiles, including Kinzhal missiles. This morning, Russian-Iranian \u201cshaheds\u201d are again in our skies.\u2026 <a href=\"https:\/\/t.co\/fshvsbMkIg\" rel=\"nofollow\">pic.twitter.com\/fshvsbMkIg<\/a><\/p>\n<p>\u2014 Volodymyr Zelenskyy \/ \u0412\u043e\u043b\u043e\u0434\u0438\u043c\u0438\u0440 \u0417\u0435\u043b\u0435\u043d\u0441\u044c\u043a\u0438\u0439 (@ZelenskyyUa) <a href=\"https:\/\/twitter.com\/ZelenskyyUa\/status\/1972198116045488371?ref_src=twsrc%5Etfw\" rel=\"nofollow noopener\" target=\"_blank\">September 28, 2025<\/a><\/p><\/blockquote>\n<p class=\"\">El presidente ucranio, Volod\u00edmir Zelenski, ha acusado a Rusia de haber lanzado m\u00e1s de 500 drones y 40 misiles contra Ucrania durante la noche, que han causado da\u00f1os a infraestructuras civiles. \u201cMosc\u00fa quiere seguir con la guerra y matando y merece la presi\u00f3n internacional m\u00e1s dura\u201d, ha dicho en un mensaje compartido en las redes sociales. <\/p>\n<p><script async src=\"https:\/\/platform.twitter.com\/widgets.js\" charset=\"utf-8\"><\/script><\/p>\n","protected":false},"excerpt":{"rendered":"Rusia ha castigado durante largas del comienzo de este domingo a distintas regiones de Ucrania con el lanzamiento&hellip;\n","protected":false},"author":2,"featured_media":144128,"comment_status":"","ping_status":"","sticky":false,"template":"","format":"standard","meta":{"footnotes":""},"categories":[42],"tags":[17,18,70,71,21514,13,14,69,7082,11,61,62,63,64,19,20,9,10,15,16,7027,1614,12,7081,21,22,65,66,67],"class_list":{"0":"post-144127","1":"post","2":"type-post","3":"status-publish","4":"format-standard","5":"has-post-thumbnail","7":"category-internacional","8":"tag-breaking-news","9":"tag-breakingnews","10":"tag-conflictos","11":"tag-conflictos-armados","12":"tag-espacio-aereo","13":"tag-featured-news","14":"tag-featurednews","15":"tag-guerra","16":"tag-guerra-de-rusia-en-ucrania","17":"tag-headlines","18":"tag-internacional","19":"tag-international","20":"tag-international-news","21":"tag-internationalnews","22":"tag-latest-news","23":"tag-latestnews","24":"tag-news","25":"tag-noticias","26":"tag-noticias-destacadas","27":"tag-noticiasdestacadas","28":"tag-polonia","29":"tag-rusia","30":"tag-titulares","31":"tag-ucrania","32":"tag-ultimas-noticias","33":"tag-ultimasnoticias","34":"tag-world","35":"tag-world-news","36":"tag-worldnews"},"share_on_mastodon":{"url":"","error":""},"_links":{"self":[{"href":"https:\/\/www.europesays.com\/es\/wp-json\/wp\/v2\/posts\/144127","targetHints":{"allow":["GET"]}}],"collection":[{"href":"https:\/\/www.europesays.com\/es\/wp-json\/wp\/v2\/posts"}],"about":[{"href":"https:\/\/www.europesays.com\/es\/wp-json\/wp\/v2\/types\/post"}],"author":[{"embeddable":true,"href":"https:\/\/www.europesays.com\/es\/wp-json\/wp\/v2\/users\/2"}],"replies":[{"embeddable":true,"href":"https:\/\/www.europesays.com\/es\/wp-json\/wp\/v2\/comments?post=144127"}],"version-history":[{"count":0,"href":"https:\/\/www.europesays.com\/es\/wp-json\/wp\/v2\/posts\/144127\/revisions"}],"wp:featuredmedia":[{"embeddable":true,"href":"https:\/\/www.europesays.com\/es\/wp-json\/wp\/v2\/media\/144128"}],"wp:attachment":[{"href":"https:\/\/www.europesays.com\/es\/wp-json\/wp\/v2\/media?parent=144127"}],"wp:term":[{"taxonomy":"category","embeddable":true,"href":"https:\/\/www.europesays.com\/es\/wp-json\/wp\/v2\/categories?post=144127"},{"taxonomy":"post_tag","embeddable":true,"href":"https:\/\/www.europesays.com\/es\/wp-json\/wp\/v2\/tags?post=144127"}],"curies":[{"name":"wp","href":"https:\/\/api.w.org\/{rel}","templated":true}]}}