{"id":144133,"date":"2025-09-28T11:30:08","date_gmt":"2025-09-28T11:30:08","guid":{"rendered":"https:\/\/www.europesays.com\/es\/144133\/"},"modified":"2025-09-28T11:30:08","modified_gmt":"2025-09-28T11:30:08","slug":"el-costa-del-sol-se-impone-con-autoridad-en-porrino-17-23","status":"publish","type":"post","link":"https:\/\/www.europesays.com\/es\/144133\/","title":{"rendered":"El Costa del Sol se impone con autoridad en Porri\u00f1o (17-23)"},"content":{"rendered":"<p class=\"ft-text\">El <strong>Costa del Sol M\u00e1laga <\/strong>cosech\u00f3 en la pista del <strong>Conservas Orbe Zendal BM Porri\u00f1o <\/strong>su primera victoria a domicilio de la presente temporada (<strong>17-23<\/strong>). Es el mejor pre\u00e1mbulo a su debut europeo a doble partido frente al HB Dudelange luxemburgu\u00e9s. El inicio con altos y bajos para las de <strong>Suso Gallardo <\/strong>encontr\u00f3 este s\u00e1bado un punto de inflexi\u00f3n, de la manera en la que doblegaron a equipo gallego.<\/p>\n<p class=\"ft-text\">Fue especialmente inmaculada la segunda mitad, con la que el cuadro malague\u00f1o accede a la cuarta posici\u00f3n de la tabla clasificatoria. Gallardo tuvo como baja de \u00faltima hora a la internacional lusa <strong>Joana Resende<\/strong>, debido a unas molestias en el cuello. De inicio, las malague\u00f1as ya marcaban el ritmo y abr\u00edan brecha en unos cinco minutos en los que las de <strong>Ismael Mart\u00ednez<\/strong> no encontraban porter\u00eda (0-3).<\/p>\n<p>Debuta Rita Campos<\/p>\n<p class=\"ft-text\">Isa Medeiros aparec\u00eda y ampliaba hasta el 2-5, aunque r\u00e1pidamente alcanzaban las gallegas la igualdad, con Luc\u00eda Laguna a la cabeza (5-5). En las filas visitantes debutar\u00eda la portuguesa<strong> Rita Campos<\/strong>, ahora hasta in\u00e9dita por<strong> lesi\u00f3n en la mano<\/strong>. Y a\u00fan en la recta final de la primera parte no se solventaba el duelo a favor de las costasole\u00f1as.<\/p>\n<p class=\"ft-text\">Suso Gallardo deten\u00eda el juego con 6-5, en la primera ventaja local. Fue un tramo casi definitivo, porque durante m\u00e1s de diez minutos no ser\u00eda capaz Porri\u00f1o de perforar la porter\u00eda rival. S\u00f3lo faltaba colmillo para <strong>golpear y solventar el partido<\/strong>, puesto que de hecho al descanso qued\u00f3 todo por decidir, con tablas a ocho en el electr\u00f3nico.<\/p>\n<p class=\"ft-text\">El temporal visitante que aguardaba ser\u00eda antol\u00f3gico. Vend\u00edan los mejores minutos atr\u00e1s de la temporada para las panteras, que desde ah\u00ed crec\u00edan para arrollar. Del 10-10 provisional en los primeros compases de la segunda mitad se pas\u00f3 a un casi definitivo 12-19.<\/p>\n<p class=\"ft-text\"><strong>Espe L\u00f3pez y Estela Doiro comandaban este cicl\u00f3n<\/strong>, con <strong>Isa Medeiros <\/strong>ejecutando desde el extremo. Hubo arre\u00f3n de las malague\u00f1as para sellar un triunfo de mucho valor, con dos puntos para ascender en la clasificaci\u00f3n, tambi\u00e9n en lo an\u00edmico. Ahora es momento de la<strong> EHF European Cup<\/strong>, siempre impregnada de ilusi\u00f3n la competici\u00f3n europea para el Costa del Sol M\u00e1laga.<\/p>\n","protected":false},"excerpt":{"rendered":"El Costa del Sol M\u00e1laga cosech\u00f3 en la pista del Conservas Orbe Zendal BM Porri\u00f1o su primera victoria&hellip;\n","protected":false},"author":2,"featured_media":144134,"comment_status":"","ping_status":"","sticky":false,"template":"","format":"standard","meta":{"footnotes":""},"categories":[278],"tags":[5806,376,5615,2828,13975,168,25,24,375,15265,18368,2829,23,167,22184,1261],"class_list":{"0":"post-144133","1":"post","2":"type-post","3":"status-publish","4":"format-standard","5":"has-post-thumbnail","7":"category-balonmano","8":"tag-autoridad","9":"tag-balonmano","10":"tag-campos","11":"tag-costa","12":"tag-costa-del-sol","13":"tag-deportes","14":"tag-es","15":"tag-espana","16":"tag-handball","17":"tag-impone","18":"tag-porrino","19":"tag-sol","20":"tag-spain","21":"tag-sports","22":"tag-suso-gallardo","23":"tag-victoria"},"share_on_mastodon":{"url":"","error":""},"_links":{"self":[{"href":"https:\/\/www.europesays.com\/es\/wp-json\/wp\/v2\/posts\/144133","targetHints":{"allow":["GET"]}}],"collection":[{"href":"https:\/\/www.europesays.com\/es\/wp-json\/wp\/v2\/posts"}],"about":[{"href":"https:\/\/www.europesays.com\/es\/wp-json\/wp\/v2\/types\/post"}],"author":[{"embeddable":true,"href":"https:\/\/www.europesays.com\/es\/wp-json\/wp\/v2\/users\/2"}],"replies":[{"embeddable":true,"href":"https:\/\/www.europesays.com\/es\/wp-json\/wp\/v2\/comments?post=144133"}],"version-history":[{"count":0,"href":"https:\/\/www.europesays.com\/es\/wp-json\/wp\/v2\/posts\/144133\/revisions"}],"wp:featuredmedia":[{"embeddable":true,"href":"https:\/\/www.europesays.com\/es\/wp-json\/wp\/v2\/media\/144134"}],"wp:attachment":[{"href":"https:\/\/www.europesays.com\/es\/wp-json\/wp\/v2\/media?parent=144133"}],"wp:term":[{"taxonomy":"category","embeddable":true,"href":"https:\/\/www.europesays.com\/es\/wp-json\/wp\/v2\/categories?post=144133"},{"taxonomy":"post_tag","embeddable":true,"href":"https:\/\/www.europesays.com\/es\/wp-json\/wp\/v2\/tags?post=144133"}],"curies":[{"name":"wp","href":"https:\/\/api.w.org\/{rel}","templated":true}]}}