{"id":144137,"date":"2025-09-28T11:32:10","date_gmt":"2025-09-28T11:32:10","guid":{"rendered":"https:\/\/www.europesays.com\/es\/144137\/"},"modified":"2025-09-28T11:32:10","modified_gmt":"2025-09-28T11:32:10","slug":"superar-de-la-forma-que-lo-has-hecho-tu-situacion","status":"publish","type":"post","link":"https:\/\/www.europesays.com\/es\/144137\/","title":{"rendered":"Superar de la forma que lo has hecho tu situaci\u00f3n\u2026"},"content":{"rendered":"<p class=\"c-paragraph\"><b\/>UFC tendr\u00e1 un nuevo espa\u00f1ol despu\u00e9s de que el luchador canario <b>Hecher Sosa se impusiera al brasile\u00f1o Mackson Lee<\/b> en el <b>programa Dana White\u2019s Contender Series<\/b>. El Guanche Warrior se impuso con claridad por decisi\u00f3n un\u00e1nime en una noche plagada de momentos emocionantes. Y es que el luchador canario hab\u00eda perdido a su padre apenas dos d\u00edas antes.<\/p>\n<p class=\"c-paragraph\">La gesta fue reconocida incluso por el propio <b>Dana White,<\/b> que quiso tener palabras para el espa\u00f1ol en varias ocasiones. De hecho, nada m\u00e1s terminar la pelea, el m\u00e1ximo dirigente de UFC no quiso dejar escapar la ocasi\u00f3n para reconocer su esfuerzo. \u00ab<b>La vida puede ser muy dura y ponerse muy fea, pero superar de la forma en que lo has hecho la situaci\u00f3n, venir esta noche y ganar, estoy contento y feliz<\/b>. Te deseo todo lo mejor en la UFC\u00bb, fueron las palabras de White.<\/p>\n<p class=\"c-paragraph\">Estos no fueron, en cualquier caso, los \u00fanicos mensajes que recibi\u00f3 Hecher Sosa de su nuevo jefe. Y es que el m\u00e1ximo responsable de UFC tambi\u00e9n le dej\u00f3 una nota en la que se pod\u00eda leer: \u00ab<b>S\u00e9 la maldita raz\u00f3n por la que tu apellido importe algo alg\u00fan d\u00eda<\/b>\u00ab. Todo fueron, por tanto, palabras de \u00e1nimo para el nuevo peleador de la mejor liga de MMA del planeta.<\/p>\n<p class=\"c-paragraph\">Hecher Sosa es el<b>\u00a0octavo espa\u00f1ol en participar en UFC<\/b>. Primero estuvieron Enoc Solves, Abner Lloveras y Juan Espino y luego se han ido uniendo, con mejor suerte, <b>Dani B\u00e1rez, Joel \u00c1lvarez, los hermanos Topuria<\/b> y, ahora, el luchador canario. El espa\u00f1ol se unir\u00e1 a UFC, probablemente, dentro de la categor\u00eda bantamweight (61 kilos), precisamente donde compite Aleksandre Topuria.<\/p>\n","protected":false},"excerpt":{"rendered":"UFC tendr\u00e1 un nuevo espa\u00f1ol despu\u00e9s de que el luchador canario Hecher Sosa se impusiera al brasile\u00f1o Mackson&hellip;\n","protected":false},"author":2,"featured_media":144138,"comment_status":"","ping_status":"","sticky":false,"template":"","format":"standard","meta":{"footnotes":""},"categories":[276],"tags":[4791,168,25,24,743,267,23,167,343],"class_list":{"0":"post-144137","1":"post","2":"type-post","3":"status-publish","4":"format-standard","5":"has-post-thumbnail","7":"category-ufc","8":"tag-boxeo","9":"tag-deportes","10":"tag-es","11":"tag-espana","12":"tag-mma","13":"tag-planseo","14":"tag-spain","15":"tag-sports","16":"tag-ufc"},"share_on_mastodon":{"url":"","error":""},"_links":{"self":[{"href":"https:\/\/www.europesays.com\/es\/wp-json\/wp\/v2\/posts\/144137","targetHints":{"allow":["GET"]}}],"collection":[{"href":"https:\/\/www.europesays.com\/es\/wp-json\/wp\/v2\/posts"}],"about":[{"href":"https:\/\/www.europesays.com\/es\/wp-json\/wp\/v2\/types\/post"}],"author":[{"embeddable":true,"href":"https:\/\/www.europesays.com\/es\/wp-json\/wp\/v2\/users\/2"}],"replies":[{"embeddable":true,"href":"https:\/\/www.europesays.com\/es\/wp-json\/wp\/v2\/comments?post=144137"}],"version-history":[{"count":0,"href":"https:\/\/www.europesays.com\/es\/wp-json\/wp\/v2\/posts\/144137\/revisions"}],"wp:featuredmedia":[{"embeddable":true,"href":"https:\/\/www.europesays.com\/es\/wp-json\/wp\/v2\/media\/144138"}],"wp:attachment":[{"href":"https:\/\/www.europesays.com\/es\/wp-json\/wp\/v2\/media?parent=144137"}],"wp:term":[{"taxonomy":"category","embeddable":true,"href":"https:\/\/www.europesays.com\/es\/wp-json\/wp\/v2\/categories?post=144137"},{"taxonomy":"post_tag","embeddable":true,"href":"https:\/\/www.europesays.com\/es\/wp-json\/wp\/v2\/tags?post=144137"}],"curies":[{"name":"wp","href":"https:\/\/api.w.org\/{rel}","templated":true}]}}