{"id":144143,"date":"2025-09-28T11:38:08","date_gmt":"2025-09-28T11:38:08","guid":{"rendered":"https:\/\/www.europesays.com\/es\/144143\/"},"modified":"2025-09-28T11:38:08","modified_gmt":"2025-09-28T11:38:08","slug":"zach-hicks-sustituto-de-kaiser-gates-en-el-ucam-listo-para-debutar-hoy-en-granada","status":"publish","type":"post","link":"https:\/\/www.europesays.com\/es\/144143\/","title":{"rendered":"Zach Hicks, sustituto de Kaiser Gates en el UCAM, listo para debutar hoy en Granada"},"content":{"rendered":"<p><a class=\"v-mdl-ath__fig-a\" href=\"https:\/\/www.laverdad.es\/autor\/emilio-sanchez-bolea-4245.html\" title=\"Emilio S\u00e1nchez-Bolea\" rel=\"nofollow noopener\" target=\"_blank\"><br \/>\n<img decoding=\"async\" class=\"v-mdl-ath__img\" src=\"https:\/\/s2.ppllstatics.com\/comun\/img\/2014\/autor\/autor-4245-foto-2.png\" alt=\"Emilio S\u00e1nchez-Bolea\"\/><br \/>\n<\/a><\/p>\n<p class=\"v-mdl-ath__p v-mdl-ath__p--6\">\nDomingo, 28 de septiembre 2025, 08:02<\/p>\n<p class=\"v-p\"> Con la celeridad que exig\u00eda la situaci\u00f3n, sin tiempo para el lamento, el UCAM ya tiene sustituto para Kaiser Gates. La lesi\u00f3n del que iba a ser el ala-p\u00edvot titular de Sito Alonso se dio a mitad de la aventura b\u00falgara, pero, a espera de las pruebas para determinar el alcance de la lesi\u00f3n, todo apuntaba a gravedad. No es una rotura de ligamento cruzado anterior de la rodilla una de esas cosas que a primera vista tengan pista de esguince. All\u00ed empez\u00f3 a trabajar Alejandro G\u00f3mez en incorporar un jugador de perfil similar y, menos de 24 horas despu\u00e9s del parte m\u00e9dico, Zach Hicks (Nueva Jersey, 22 a\u00f1os) era anunciado como el elegido.<\/p>\n<p class=\"v-p\">Para entonces, un Hicks que viene directo de cumplir su ciclo de cuatro a\u00f1os en la NCAA repartidos al 50% entre Temple y Penn State, ya estaba de viaje con destino a Murcia y, tanto es as\u00ed, que debutar\u00e1 hoy a las 12.30 en Granada en el \u00faltimo amistoso de pretemporada del UCAM antes del comienzo de la Liga Endesa. Sin tiempo a la adaptaci\u00f3n, pero para eso est\u00e1n los amistosos. Este ser\u00e1 el segundo ante un Covir\u00e1n contra el que ya abri\u00f3 la ronda de preparativos el UCAM en un amistoso a puerta cerrada en Murcia con clara victoria local. Hoy, un Covir\u00e1n que gan\u00f3 el pasado jueves al Gran Canaria (97-88) ya tendr\u00e1 en sus filas a Kljajic y Burjanadze, dos jugadores que elevan el nivel f\u00edsico del cuadro nazar\u00ed. El duelo se podr\u00e1 seguir por la TG7 granadina y desde su canal de YouTube.<\/p>\n<p>Comenta<\/p>\n<p>Reporta un error<\/p>\n","protected":false},"excerpt":{"rendered":"Domingo, 28 de septiembre 2025, 08:02 Con la celeridad que exig\u00eda la situaci\u00f3n, sin tiempo para el lamento,&hellip;\n","protected":false},"author":2,"featured_media":144144,"comment_status":"","ping_status":"","sticky":false,"template":"","format":"standard","meta":{"footnotes":""},"categories":[269],"tags":[299,298,9679,168,25,24,9412,494,44500,315,44501,2983,23,167,10579,9779],"class_list":{"0":"post-144143","1":"post","2":"type-post","3":"status-publish","4":"format-standard","5":"has-post-thumbnail","7":"category-baloncesto","8":"tag-baloncesto","9":"tag-basketball","10":"tag-debutar","11":"tag-deportes","12":"tag-es","13":"tag-espana","14":"tag-gates","15":"tag-granada","16":"tag-hicks","17":"tag-hoy","18":"tag-kaiser","19":"tag-listo","20":"tag-spain","21":"tag-sports","22":"tag-sustituto","23":"tag-zach"},"share_on_mastodon":{"url":"","error":""},"_links":{"self":[{"href":"https:\/\/www.europesays.com\/es\/wp-json\/wp\/v2\/posts\/144143","targetHints":{"allow":["GET"]}}],"collection":[{"href":"https:\/\/www.europesays.com\/es\/wp-json\/wp\/v2\/posts"}],"about":[{"href":"https:\/\/www.europesays.com\/es\/wp-json\/wp\/v2\/types\/post"}],"author":[{"embeddable":true,"href":"https:\/\/www.europesays.com\/es\/wp-json\/wp\/v2\/users\/2"}],"replies":[{"embeddable":true,"href":"https:\/\/www.europesays.com\/es\/wp-json\/wp\/v2\/comments?post=144143"}],"version-history":[{"count":0,"href":"https:\/\/www.europesays.com\/es\/wp-json\/wp\/v2\/posts\/144143\/revisions"}],"wp:featuredmedia":[{"embeddable":true,"href":"https:\/\/www.europesays.com\/es\/wp-json\/wp\/v2\/media\/144144"}],"wp:attachment":[{"href":"https:\/\/www.europesays.com\/es\/wp-json\/wp\/v2\/media?parent=144143"}],"wp:term":[{"taxonomy":"category","embeddable":true,"href":"https:\/\/www.europesays.com\/es\/wp-json\/wp\/v2\/categories?post=144143"},{"taxonomy":"post_tag","embeddable":true,"href":"https:\/\/www.europesays.com\/es\/wp-json\/wp\/v2\/tags?post=144143"}],"curies":[{"name":"wp","href":"https:\/\/api.w.org\/{rel}","templated":true}]}}