{"id":144187,"date":"2025-09-28T12:05:07","date_gmt":"2025-09-28T12:05:07","guid":{"rendered":"https:\/\/www.europesays.com\/es\/144187\/"},"modified":"2025-09-28T12:05:07","modified_gmt":"2025-09-28T12:05:07","slug":"chile-como-pais-invitado-de-honor-en-liber-2025-celebrando-los-80-anos-del-nobel-a-gabriela-mistral","status":"publish","type":"post","link":"https:\/\/www.europesays.com\/es\/144187\/","title":{"rendered":"Chile como Pa\u00eds Invitado de Honor en LIBER 2025: Celebrando los 80 a\u00f1os del Nobel a Gabriela Mistral"},"content":{"rendered":"<p style=\"text-align: justify;\">La conmemoraci\u00f3n de los 80 a\u00f1os de la concesi\u00f3n del Premio Nobel de Literatura a <a href=\"https:\/\/www.todoliteratura.es\/noticia\/61574\/el-rincon-de-la-poesia\/gabriela-mistral-y-su-lucha-por-la-igualdad-reflexiones-sobre-el-papel-de-la-mujer-en-la-sociedad.html\" target=\"_blank\" rel=\"noopener noreferrer nofollow\"><strong>Gabriela Mistral<\/strong><\/a>, quien fue la primera autora latinoamericana en recibir este galard\u00f3n, se alinea con la participaci\u00f3n de Chile en esta edici\u00f3n como Pa\u00eds Invitado de Honor. La figura de Mistral se convertir\u00e1 en uno de los ejes principales de la programaci\u00f3n, que incluir\u00e1 actividades destinadas a dialogar su legado con las voces contempor\u00e1neas de la literatura chilena.<\/p>\n<p style=\"text-align: justify;\">La participaci\u00f3n de Chile como Pa\u00eds Invitado de Honor en la Feria Internacional del Libro, Liber 2025, llena de alegr\u00eda e ilusi\u00f3n a los organizadores de este evento. Esta ocasi\u00f3n adquiere una mayor importancia al coincidir con la celebraci\u00f3n de los 80 a\u00f1os del Premio Nobel otorgado a Gabriela Mistral, una figura ic\u00f3nica de la literatura chilena. La presencia chilena en este destacado evento internacional no solo rinde homenaje a su rica herencia literaria, sino que tambi\u00e9n genera nuevas oportunidades para el desarrollo de su industria editorial, fortaleciendo los lazos culturales y promoviendo a autores y autoras contempor\u00e1neos en el \u00e1mbito global\u00bb, afirma Carolina Arredondo Marz\u00e1n, ministra de las Culturas, las Artes y el Patrimonio de Chile.<\/p>\n<p><strong>Una representaci\u00f3n diversa y extensa.<\/strong><\/p>\n<p style=\"text-align: justify;\">En LIBER 2025, una delegaci\u00f3n de 17 participantes representar\u00e1 a Chile, incluyendo editoriales, agencias y otros actores del \u00e1mbito literario. Esta presencia reunir\u00e1 tanto sellos con una larga trayectoria como proyectos independientes y agencias literarias, lo que refleja la bibliodiversidad del sector y la fortaleza de la industria editorial chilena.<\/p>\n<p style=\"text-align: justify;\">Gabriel Guggisberg, quien se desempe\u00f1a como agregado comercial de ProChile en Espa\u00f1a, enfatiza que \u201cChile es reconocido como un referente emergente, por su creatividad y transversalidad en la industria editorial y literaria. Destaca por sus premios nobel en literatura, particularmente con la primera y \u00fanica mujer de habla espa\u00f1ola reconocida a la fecha con este galard\u00f3n, Gabriela Mistral. Sus autores y nuevas voces han comenzado a fortalecer nuevos espacios y oportunidades para el intercambio comercial editorial\u201d.<\/p>\n<p style=\"text-align: justify;\">La delegaci\u00f3n chilena que participar\u00e1 en LIBER 2025 estar\u00e1 compuesta por Ebooks Patagonia, Escrito con Tiza, Minilupa, Dudo Ediciones, NautaColecciones Editores, Calcetines Animados, VLP Agency, Editorial Zig-Zag, Banda Propia, Descontexto Editores, Ediciones UC, Planeta Sostenible, Kindberg Editorial, Una casa de cart\u00f3n y Humita Dise\u00f1o. Adem\u00e1s, se sumar\u00e1n Mar\u00eda de los \u00c1ngeles Quinteros y Eduardo Castillo (C\u00e1mara Chilena del Libro).<\/p>\n<p style=\"text-align: justify;\">El mercado editorial chileno cuenta actualmente con 665 editoriales, donde los g\u00e9neros m\u00e1s destacados son la ficci\u00f3n, la poes\u00eda y la literatura infantil y juvenil, adem\u00e1s de abordar tem\u00e1ticas como Ciencias Sociales, Historia y Colecciones Literarias. Ra\u00fal Vilches, jefe de Econom\u00edas Creativas de ProChile, explica que entre 2020 y 2024 se registr\u00f3 un aumento del 103% en las exportaciones de bienes (libros f\u00edsicos), que pasaron de US$ 4.8 millones a US$ 9.8 millones. Al incluir tambi\u00e9n las exportaciones de servicios como los libros digitales, el total de las exportaciones de libros ha superado los US$ 20 millones.<\/p>\n<p><strong><a href=\"https:\/\/www.ifema.es\/liber\/horario-actividades#2fb3d1fd-d1c1-4c4b-b3db-701ac6538a2e\" target=\"_blank\" rel=\"noopener noreferrer nofollow\">Actividades programadas para Chile en LIBER 2025<\/a>.<\/strong><\/p>\n<p style=\"text-align: justify;\">El p\u00fablico especializado podr\u00e1 conocer la diversidad de la literatura chilena actual a trav\u00e9s de mesas redondas, conferencias, lecturas y presentaciones incluidas en la agenda de actividades de Chile. A las 13:30 horas del 7 de octubre se llevar\u00e1 a cabo la inauguraci\u00f3n del stand de Chile, donde se rendir\u00e1 homenaje a Gabriela Mistral mediante una lectura coral de sus textos, realizada por escritoras de diversas generaciones.<\/p>\n<p style=\"text-align: justify;\">A lo largo de los tres d\u00edas de la Feria, se llevar\u00e1n a cabo encuentros con autores que explorar\u00e1n la narrativa fant\u00e1stica, discutir\u00e1n los or\u00edgenes de la literatura chilena y resaltar\u00e1n su herencia po\u00e9tica. El programa tambi\u00e9n contar\u00e1 con presentaciones de libros y recitales, as\u00ed como intervenciones art\u00edsticas que exhibir\u00e1n la riqueza cultural de Chile y el dinamismo de las nuevas generaciones.<\/p>\n<p style=\"text-align: justify;\">En 2013, Chile fue el Pa\u00eds Invitado de Honor y en la pr\u00f3xima 43\u00aa edici\u00f3n de LIBER, que tendr\u00e1 lugar del 7 al 9 de octubre de 2025 en IFEMA MADRID, volver\u00e1 a desempe\u00f1ar este rol para continuar fortaleciendo los v\u00ednculos culturales y profesionales con la industria editorial tanto espa\u00f1ola como internacional. La participaci\u00f3n del pa\u00eds sudamericano cuenta con el apoyo del Ministerio de las Culturas, las Artes y el Patrimonio, as\u00ed como de la Embajada de Chile en Espa\u00f1a, ProChile, DIRAC e Imagen de Chile.<\/p>\n<p style=\"text-align: justify;\">El respaldo y patrocinio de LIBER 2025 proviene del Ministerio de Cultura, ICEX Espa\u00f1a Exportaci\u00f3n e Inversiones, la Comunidad de Madrid, el Ayuntamiento de Madrid y el Centro Espa\u00f1ol de Derechos Reprogr\u00e1ficos (CEDRO). Asimismo, la colaboraci\u00f3n de Acci\u00f3n Cultural Espa\u00f1ola (AC\/E) y la Asociaci\u00f3n de Editores de Madrid tambi\u00e9n es parte fundamental del evento.<\/p>\n","protected":false},"excerpt":{"rendered":"La conmemoraci\u00f3n de los 80 a\u00f1os de la concesi\u00f3n del Premio Nobel de Literatura a Gabriela Mistral, quien&hellip;\n","protected":false},"author":2,"featured_media":144188,"comment_status":"","ping_status":"","sticky":false,"template":"","format":"standard","meta":{"footnotes":""},"categories":[172],"tags":[224,2047,209,146,147,25,24,31053,17504,44510,225,34089,38709,23],"class_list":{"0":"post-144187","1":"post","2":"type-post","3":"status-publish","4":"format-standard","5":"has-post-thumbnail","7":"category-libros","8":"tag-books","9":"tag-chile","10":"tag-cultura","11":"tag-entertainment","12":"tag-entretenimiento","13":"tag-es","14":"tag-espana","15":"tag-gabriela-mistral","16":"tag-industria-editorial","17":"tag-liber-2025","18":"tag-libros","19":"tag-literatura-chilena","20":"tag-premio-nobel","21":"tag-spain"},"share_on_mastodon":{"url":"","error":""},"_links":{"self":[{"href":"https:\/\/www.europesays.com\/es\/wp-json\/wp\/v2\/posts\/144187","targetHints":{"allow":["GET"]}}],"collection":[{"href":"https:\/\/www.europesays.com\/es\/wp-json\/wp\/v2\/posts"}],"about":[{"href":"https:\/\/www.europesays.com\/es\/wp-json\/wp\/v2\/types\/post"}],"author":[{"embeddable":true,"href":"https:\/\/www.europesays.com\/es\/wp-json\/wp\/v2\/users\/2"}],"replies":[{"embeddable":true,"href":"https:\/\/www.europesays.com\/es\/wp-json\/wp\/v2\/comments?post=144187"}],"version-history":[{"count":0,"href":"https:\/\/www.europesays.com\/es\/wp-json\/wp\/v2\/posts\/144187\/revisions"}],"wp:featuredmedia":[{"embeddable":true,"href":"https:\/\/www.europesays.com\/es\/wp-json\/wp\/v2\/media\/144188"}],"wp:attachment":[{"href":"https:\/\/www.europesays.com\/es\/wp-json\/wp\/v2\/media?parent=144187"}],"wp:term":[{"taxonomy":"category","embeddable":true,"href":"https:\/\/www.europesays.com\/es\/wp-json\/wp\/v2\/categories?post=144187"},{"taxonomy":"post_tag","embeddable":true,"href":"https:\/\/www.europesays.com\/es\/wp-json\/wp\/v2\/tags?post=144187"}],"curies":[{"name":"wp","href":"https:\/\/api.w.org\/{rel}","templated":true}]}}