{"id":144193,"date":"2025-09-28T12:12:08","date_gmt":"2025-09-28T12:12:08","guid":{"rendered":"https:\/\/www.europesays.com\/es\/144193\/"},"modified":"2025-09-28T12:12:08","modified_gmt":"2025-09-28T12:12:08","slug":"bailando-con-las-estrellas-elimino-a-uno-de-sus-grandes-fichajes-tras-dos-semanas-de-agonia","status":"publish","type":"post","link":"https:\/\/www.europesays.com\/es\/144193\/","title":{"rendered":"&#8216;Bailando con las estrellas&#8217; elimin\u00f3 a uno de sus grandes fichajes tras dos semanas de agon\u00eda"},"content":{"rendered":"<p class=\"article-text\">\n        Tras dos semanas tambale\u00e1ndose en la cuerda floja, <strong>Pepe Navarro<\/strong> ha ca\u00eddo eliminado en <strong>Bailando con las estrellas<\/strong>.\n    <\/p>\n<p>    <a href=\"https:\/\/www.eldiario.es\/vertele\/entrevistas\/supremme-de-luxe-drag-race-espana-atresplayer-estreno-ojala-pasemos-moda-no-den-patada-culo-siempre-atresmedia_1_12632882.html\" data-mrf-recirculation=\"saber-mas\" data-dl-event=\"saber-mas\" rel=\"nofollow noopener\" target=\"_blank\"><\/p>\n<p class=\"know-more__title\">Supremme de Luxe reabre &#8216;Drag Race&#8217;: \u00abOjal\u00e1 cuando pasemos de moda no nos den la patada en el culo como siempre\u00bb<\/p>\n<p>            <img decoding=\"async\" class=\"lazy\" loading=\"lazy\" data-src=\"https:\/\/static.eldiario.es\/clip\/c17368f2-68cb-4182-a077-8791b89b9a8a_16-9-aspect-ratio_default_0.jpg\" src=\"data:image\/svg+xml,%3Csvg xmlns=\" http:=\"\" viewbox=\"0 0 880 495\" alt=\"Supremme de Luxe reabre 'Drag Race': &quot;Ojal\u00e1 cuando pasemos de moda no nos den la patada en el culo como siempre&quot;\"\/><\/p>\n<p>                        <\/a><\/p>\n<p class=\"article-text\">\n        El veterano presentador, uno de los grandes fichajes del programa, estaba en entredicho desde la primera gala de la temporada. La semana pasada esquiv\u00f3 la derrota milagrosamente en su duelo contra <strong>Aless Gibaja<\/strong>, pero minutos m\u00e1s tarde, al realizar otra de sus actuaciones, recibi\u00f3 una de las peores puntuaciones de la noche. El jurado se qued\u00f3 sin argumentos para defenderle y lo coloc\u00f3 de nuevo al borde la eliminaci\u00f3n.\n    <\/p>\n<p class=\"article-text\">\n        As\u00ed es como lleg\u00f3 Pepe Navarro a la gala de este s\u00e1bado 27 de septiembre, nominado junto a <strong>Iago Garc\u00eda<\/strong>. Nada m\u00e1s comenzar la emisi\u00f3n, ambos se sometieron al \u00daltimo baile. Al acabar sus coreograf\u00edas, el jurado vot\u00f3 a favor de Iago Garc\u00eda casi por unanimidad. <strong>Pepe Navarro solo cont\u00f3 con el respaldo de Pelayo D\u00edaz<\/strong>.\n    <\/p>\n<p class=\"article-text\">\n        <strong>\u00b7 Votaciones del jurado en la tercera gala de &#8216;Bailando con las estrellas&#8217;<\/strong>\n    <\/p>\n<ul>\n<li><strong>Blanca Li<\/strong> vota para salvar a <strong>Iago Garc\u00eda<\/strong><\/li>\n<li><strong>Julia G\u00f3mez Cora<\/strong> vota para salvar a <strong>Iago Garc\u00eda<\/strong><\/li>\n<li><strong>Gorka M\u00e1rquez<\/strong> vota para salvar a <strong>Iago Garc\u00eda<\/strong><\/li>\n<li><strong>Inmaculada Casal<\/strong> vota para salvar a <strong>Iago Garc\u00eda<\/strong><\/li>\n<li><strong>Pelayo D\u00edaz<\/strong> vota para salvar a <strong>Pepe Navarro<\/strong><\/li>\n<\/ul>\n<p class=\"article-text\">\n        \u201cFue duro y bonito mientras dur\u00f3\u201d, reaccion\u00f3 el showman tras confirmarse su eliminaci\u00f3n. No se va un &#8216;cualquiera&#8217; sino un grande de la comunicaci\u00f3n, advirti\u00f3 el presentador del programa, <strong>Jes\u00fas V\u00e1zquez<\/strong>. \u201cHa sido un honor para nosotros que una personalidad de tu tama\u00f1o, un gigante televisivo como t\u00fa, haya aceptado este reto y nos haya regalado tantos momentos\u201d, le dijo.\n    <\/p>\n<p class=\"article-text\">\n        Pepe Navarro advirti\u00f3 la semana pasada que se le estaba haciendo muy duro aprender a coordinar sus pasos. <strong>\u201cDe verdad que en mi vida lo he pasado tan mal\u201d<\/strong>, confes\u00f3 angustiado. \u201cGeneralmente, cuando haces un programa controlas lo que haces. Pues aqu\u00ed no controlo nada. Se me va el hombro, la pierna, la cabeza&#8230; no hay forma de controlarse. Y si no controlas, no puedes hacer absolutamente nada\u201d, lament\u00f3. Ahora s\u00ed, se acab\u00f3 el sufrimiento.\n    <\/p>\n<p>    El futuro de Iago Garc\u00eda y Sara Escudero pende de un hilo<\/p>\n<p class=\"article-text\">\n        <strong>Iago Garc\u00eda <\/strong>estuvo nominado la semana pasada y vuelve a estarlo tras la gala de ayer, en la que no logr\u00f3 convencer a los miembros del jurado. Sigue as\u00ed los pasos de <strong>Pepe Navarro<\/strong>, que qued\u00f3 al borde de la eliminaci\u00f3n durante dos semanas seguidas.\n    <\/p>\n<p>    <a href=\"https:\/\/www.eldiario.es\/vertele\/noticias\/anabel-pantoja-blanca-romero-concursantes-bailando-con-las-estrellas-rivalidad_1_12638869.html\" data-mrf-recirculation=\"saber-mas-abajo\" data-dl-event=\"saber-mas-abajo\" rel=\"nofollow noopener\" target=\"_blank\"><\/p>\n<p class=\"know-more__title\">Anabel Pantoja critica la rivalidad de Blanca Romero en &#8216;Bailando con las estrellas&#8217; y toma una determinaci\u00f3n con ella<\/p>\n<p>            <img decoding=\"async\" class=\"lazy\" loading=\"lazy\" data-src=\"https:\/\/static.eldiario.es\/clip\/ce690cec-480e-4f0a-9c68-7abb09ba67a5_16-9-aspect-ratio_default_0.jpg\" src=\"data:image\/svg+xml,%3Csvg xmlns=\" http:=\"\" viewbox=\"0 0 880 495\" alt=\"Anabel Pantoja critica la rivalidad de Blanca Romero en 'Bailando con las estrellas' y toma una determinaci\u00f3n con ella\"\/><\/p>\n<p>                        <\/a><\/p>\n<p class=\"article-text\">\n        El actor de Dos vidas (La 1) y El secreto de Puente Viejo (Antena 3) se enfrentar\u00e1 al \u00daltimo baile con <strong>Sara Escudero<\/strong>. Solo uno de ellos podr\u00e1 seguir en <strong>Bailando con las estrellas<\/strong>.\n    <\/p>\n","protected":false},"excerpt":{"rendered":"Tras dos semanas tambale\u00e1ndose en la cuerda floja, Pepe Navarro ha ca\u00eddo eliminado en Bailando con las estrellas.&hellip;\n","protected":false},"author":2,"featured_media":144194,"comment_status":"","ping_status":"","sticky":false,"template":"","format":"standard","meta":{"footnotes":""},"categories":[91],"tags":[15762,44513,567,23224,146,147,25,24,44515,23219,44514,23,692],"class_list":{"0":"post-144193","1":"post","2":"type-post","3":"status-publish","4":"format-standard","5":"has-post-thumbnail","7":"category-entretenimiento","8":"tag-bailando","9":"tag-con-las-estrellas","10":"tag-concursantes","11":"tag-eliminado","12":"tag-entertainment","13":"tag-entretenimiento","14":"tag-es","15":"tag-espana","16":"tag-gala-3","17":"tag-nominados","18":"tag-pepe-navarro","19":"tag-spain","20":"tag-telecinco"},"share_on_mastodon":{"url":"","error":""},"_links":{"self":[{"href":"https:\/\/www.europesays.com\/es\/wp-json\/wp\/v2\/posts\/144193","targetHints":{"allow":["GET"]}}],"collection":[{"href":"https:\/\/www.europesays.com\/es\/wp-json\/wp\/v2\/posts"}],"about":[{"href":"https:\/\/www.europesays.com\/es\/wp-json\/wp\/v2\/types\/post"}],"author":[{"embeddable":true,"href":"https:\/\/www.europesays.com\/es\/wp-json\/wp\/v2\/users\/2"}],"replies":[{"embeddable":true,"href":"https:\/\/www.europesays.com\/es\/wp-json\/wp\/v2\/comments?post=144193"}],"version-history":[{"count":0,"href":"https:\/\/www.europesays.com\/es\/wp-json\/wp\/v2\/posts\/144193\/revisions"}],"wp:featuredmedia":[{"embeddable":true,"href":"https:\/\/www.europesays.com\/es\/wp-json\/wp\/v2\/media\/144194"}],"wp:attachment":[{"href":"https:\/\/www.europesays.com\/es\/wp-json\/wp\/v2\/media?parent=144193"}],"wp:term":[{"taxonomy":"category","embeddable":true,"href":"https:\/\/www.europesays.com\/es\/wp-json\/wp\/v2\/categories?post=144193"},{"taxonomy":"post_tag","embeddable":true,"href":"https:\/\/www.europesays.com\/es\/wp-json\/wp\/v2\/tags?post=144193"}],"curies":[{"name":"wp","href":"https:\/\/api.w.org\/{rel}","templated":true}]}}