{"id":144211,"date":"2025-09-28T12:24:16","date_gmt":"2025-09-28T12:24:16","guid":{"rendered":"https:\/\/www.europesays.com\/es\/144211\/"},"modified":"2025-09-28T12:24:16","modified_gmt":"2025-09-28T12:24:16","slug":"el-descuido-de-un-periodista-argentino-con-la-reina-maxima-y-el-rey-guillermo-en-la-previa-del-gp-de-paises-bajos-de-la-formula-1","status":"publish","type":"post","link":"https:\/\/www.europesays.com\/es\/144211\/","title":{"rendered":"El descuido de un periodista argentino con la reina M\u00e1xima y el rey Guillermo en la previa del GP de Pa\u00edses Bajos de la F\u00f3rmula 1"},"content":{"rendered":"<p><strong>Juan Fossaroli <\/strong>es el &#8216;Messi&#8217; del periodismo argentino en la F\u00f3rmula 1. Su cabellera rubia permite que r\u00e1pidamente lo identifiquen, despu\u00e9s de dos d\u00e9cadas siguiendo al &#8216;Gran Circo&#8217; por todas partes del mundo. As\u00ed, durante un mismo fin de semana, se lo puede ver entrevistando pilotos con una sapiencia envidiable, brindando datos a pura memoria y tomar confianza r\u00e1pidamente con las diferentes personalidades que, principalmente el d\u00eda de la carrera, se hacen presentes en la recta principal. Este domingo, en el circuito de Zandvoort, <strong>abord\u00f3 a los reyes de Pa\u00edses Bajos, pero debi\u00f3 terminar abruptamente la charla<\/strong>.<\/p>\n<p>\u00bfQu\u00e9 pas\u00f3? Unos metros despu\u00e9s de intercambiar unas palabras con el ex futbolista <strong>Ruud Gullit<\/strong>, Fossaroli esper\u00f3 paciente <strong>cruzarse de frente con la argentina M\u00e1xima Zorreguieta y su esposo el rey Guillermo Alejandro<\/strong>.<\/p>\n<blockquote class=\"twitter-tweet\">\n<p lang=\"es\" dir=\"ltr\">\u00a1ESPN CON LA REINA M\u00c1XIMA DE PA\u00cdSES BAJOS!<\/p>\n<p>Fan\u00e1tica de Verstappen pero tambi\u00e9n alienta a su compatriota, Franco Colapinto, en el <a href=\"https:\/\/twitter.com\/hashtag\/DutchGP?src=hash&amp;ref_src=twsrc%5Etfw\" rel=\"nofollow noopener\" target=\"_blank\">#DutchGP<\/a>.<\/p>\n<p>\u25b6\ufe0f\u00a0Mir\u00e1 la \ud83c\udfc1\u00a0<a href=\"https:\/\/twitter.com\/hashtag\/Formula1?src=hash&amp;ref_src=twsrc%5Etfw\" rel=\"nofollow noopener\" target=\"_blank\">#Formula1<\/a> en el Plan Premium de <a href=\"https:\/\/twitter.com\/hashtag\/DisneyPlus?src=hash&amp;ref_src=twsrc%5Etfw\" rel=\"nofollow noopener\" target=\"_blank\">#DisneyPlus<\/a> <a href=\"https:\/\/t.co\/F7eqlC5mnI\" rel=\"nofollow\">pic.twitter.com\/F7eqlC5mnI<\/a><\/p>\n<p>\u2014 ESPN Argentina (@ESPNArgentina) <a href=\"https:\/\/twitter.com\/ESPNArgentina\/status\/1962135532412015084?ref_src=twsrc%5Etfw\" rel=\"nofollow noopener\" target=\"_blank\">August 31, 2025<\/a><\/p><\/blockquote>\n<p><strong>\u00abM\u00e1xima, volvemos a encontrarnos un a\u00f1o despu\u00e9s\u00bb<\/strong>, rompi\u00f3 el hielo el periodista argentino, haciendo referencia a su presencia en la edici\u00f3n 2024 del Gran Premio de los Pa\u00edses Bajos.<\/p>\n<p><strong>\u00abSomos de Argentina\u00bb<\/strong>, le aclar\u00f3 al rey que estaba a su lado, quien le devolvi\u00f3 un risue\u00f1o: <strong>\u00abNo lo puedo creer\u00bb<\/strong>. \u00abMe parece que hay mucha gente &#8216;naranja&#8217; que viene a disfrutar de este deporte, sobre todo a apoyarlo mucho a Max (Verstappen), pero tambi\u00e9n a todos los corredores, porque en el fondo es un deporte fant\u00e1stico, porque no solo es el corredor, los equipos, la tecnolog\u00eda, reci\u00e9n me explicaron c\u00f3mo cambiaron un auto de un a\u00f1o al otro\u00bb, explic\u00f3 M\u00e1xima.<\/p>\n<p><strong>\u00abTodav\u00eda no lo conoc\u00ed\u00bb<\/strong>, aclar\u00f3 sobre <strong>Franco Colapinto<\/strong>, el \u00fanico argentino en la parrilla.<\/p>\n<p>Luego de eso quiso consultar al rey Guillermo Alejandro sobre la importancia de tener un Gran Premio de F\u00f3rmula 1, pero justo en ese momento, tanto Fossaroli como los acompa\u00f1antes de la pareja de la corona no se percataron de un detalle.<\/p>\n<p>\u00abPerd\u00f3n, est\u00e1 sonando el Himno Nacional\u00bb, le respondi\u00f3 el Rey, mientras el periodista argentino se retiraba haciendo una cara extra\u00f1a por haber \u00abmetido la pata\u00bb.<\/p>\n<p><script async src=\"https:\/\/platform.twitter.com\/widgets.js\" charset=\"utf-8\"><\/script><\/p>\n","protected":false},"excerpt":{"rendered":"Juan Fossaroli es el &#8216;Messi&#8217; del periodismo argentino en la F\u00f3rmula 1. Su cabellera rubia permite que r\u00e1pidamente&hellip;\n","protected":false},"author":2,"featured_media":144212,"comment_status":"","ping_status":"","sticky":false,"template":"","format":"standard","meta":{"footnotes":""},"categories":[270],"tags":[168,25,24,306,271,272,23,167],"class_list":{"0":"post-144211","1":"post","2":"type-post","3":"status-publish","4":"format-standard","5":"has-post-thumbnail","7":"category-formula-1","8":"tag-deportes","9":"tag-es","10":"tag-espana","11":"tag-f1","12":"tag-formula-1","13":"tag-formula1","14":"tag-spain","15":"tag-sports"},"share_on_mastodon":{"url":"","error":""},"_links":{"self":[{"href":"https:\/\/www.europesays.com\/es\/wp-json\/wp\/v2\/posts\/144211","targetHints":{"allow":["GET"]}}],"collection":[{"href":"https:\/\/www.europesays.com\/es\/wp-json\/wp\/v2\/posts"}],"about":[{"href":"https:\/\/www.europesays.com\/es\/wp-json\/wp\/v2\/types\/post"}],"author":[{"embeddable":true,"href":"https:\/\/www.europesays.com\/es\/wp-json\/wp\/v2\/users\/2"}],"replies":[{"embeddable":true,"href":"https:\/\/www.europesays.com\/es\/wp-json\/wp\/v2\/comments?post=144211"}],"version-history":[{"count":0,"href":"https:\/\/www.europesays.com\/es\/wp-json\/wp\/v2\/posts\/144211\/revisions"}],"wp:featuredmedia":[{"embeddable":true,"href":"https:\/\/www.europesays.com\/es\/wp-json\/wp\/v2\/media\/144212"}],"wp:attachment":[{"href":"https:\/\/www.europesays.com\/es\/wp-json\/wp\/v2\/media?parent=144211"}],"wp:term":[{"taxonomy":"category","embeddable":true,"href":"https:\/\/www.europesays.com\/es\/wp-json\/wp\/v2\/categories?post=144211"},{"taxonomy":"post_tag","embeddable":true,"href":"https:\/\/www.europesays.com\/es\/wp-json\/wp\/v2\/tags?post=144211"}],"curies":[{"name":"wp","href":"https:\/\/api.w.org\/{rel}","templated":true}]}}