{"id":144217,"date":"2025-09-28T12:27:12","date_gmt":"2025-09-28T12:27:12","guid":{"rendered":"https:\/\/www.europesays.com\/es\/144217\/"},"modified":"2025-09-28T12:27:12","modified_gmt":"2025-09-28T12:27:12","slug":"antonio-banderas-hace-la-mejor-paella-del-mundo-y-le-anade-un-ingrediente-especial","status":"publish","type":"post","link":"https:\/\/www.europesays.com\/es\/144217\/","title":{"rendered":"\u201cAntonio Banderas hace la mejor paella del mundo\u201d (y le a\u00f1ade un ingrediente especial)"},"content":{"rendered":"<p>Hablar de <a href=\"https:\/\/www.lecturas.com\/famosos\/antonio-banderas\" target=\"_blank\" rel=\"nofollow noopener\">Antonio Banderas<\/a> es hacerlo de M\u00e1laga y, adem\u00e1s de ser uno de nuestros actores m\u00e1s conocidos, todos somos conscientes de su amor por la gastronom\u00eda. Durante su visita a &#8216;Desmontadito&#8217;, el p\u00f3dcast de <a href=\"https:\/\/www.lecturas.com\/recetas\/cocineros\/dani-garcia\" rel=\"nofollow noopener\" target=\"_blank\">Dani Garc\u00eda<\/a>, explic\u00f3 que recuerda de cuando era peque\u00f1o \u00abel\u00a0gazpachuelo de mi madre, la\u00a0<a href=\"http:\/\/lecturas.com\/recetas\/actualidad\/ensalada-malaguena-receta-rica-y-salerosa-celia-villalobos-con-video_13566\" rel=\"nofollow noopener\" target=\"_blank\">ensalada malague\u00f1a<\/a>, el ajoblanco&#8230;\u00bb, aunque tambi\u00e9n confes\u00f3 que durante su primera \u00e9poca en Madrid pas\u00f3 mucha hambre y se compr\u00f3 un libro para cocinar patatas, porque era lo m\u00e1s barato. Su aventura culinaria, sin embargo, lleg\u00f3 al mudarse a Los \u00c1ngeles y encontrar los ingredientes para preparar uno de sus platos estrella,<strong> la paella<\/strong>, que hasta <a href=\"https:\/\/www.lecturas.com\/famosos\/penelope-cruz\" target=\"_blank\" rel=\"nofollow noopener\">Pen\u00e9lope Cruz<\/a> confes\u00f3, en alguna ocasi\u00f3n, que es la mejor que ha comido.<\/p>\n<p><img decoding=\"async\" src=\"https:\/\/www.europesays.com\/es\/wp-content\/uploads\/2025\/09\/georgina-rodriguez_5cc4c46d_250904133244_600x600.webp.webp\" alt=\"Georgina Rodr\u00edguez\" class=\"image lazyload\"\/><\/p>\n<p class=\"epigraph\">Cocina F\u00e1cil<\/p>\n<p class=\"title\"><a href=\"https:\/\/www.lecturas.com\/recetas\/actualidad\/georgina-rodriguez-31-anos-me-estoy-comiendo-trozo-chorizo-veo-corazon-como-sin-miedo-buen-iberico-para-mi-significa-alegria_19627\" rel=\"nofollow noopener\" target=\"_blank\">Georgina Rodr\u00edguez (31 a\u00f1os): \u00abMe estoy comiendo un trozo de chorizo y veo un coraz\u00f3n, como sin miedo y un buen ib\u00e9rico para m\u00ed significa alegr\u00eda\u00bb<\/a><\/p>\n<p>\u00ab<strong>Lo reconozco, hago pel\u00edculas muy raras y <a href=\"https:\/\/www.lecturas.com\/recetas\/paellas\/\" rel=\"nofollow noopener\" target=\"_blank\">paellas muy buenas<\/a><\/strong>\u00ab, contaba el actor. No obstante, Antonio Banderas asegur\u00f3 que hacerla en Los \u00c1ngeles era una aut\u00e9ntica odisea. \u00abDescubr\u00ed que en Chinatown vend\u00edan gambas con cabeza, entonces, cuando iba a hacer una paella, iba all\u00ed a comprarlas\u00bb recordaba. Adem\u00e1s, explicaba que a su paella no le echaba ni almejas ni mejillones, sino que le echaba pechuga de pollo porque a sus hijos les gustaba as\u00ed. \u00ab<strong>A <a href=\"https:\/\/www.lecturas.com\/famosos\/melanie-griffith\" rel=\"nofollow noopener\" target=\"_blank\">Melanie (Griffith)<\/a> tambi\u00e9n le gustaba la paella mixta<\/strong>\u00ab, puntualizaba.\u00a0 \u00abAhora quiero un poquito m\u00e1s de sabor y le echo chorizo, que suelta un saborcito muy bueno\u00bb, a\u00f1ad\u00eda Antonio Banderas. Te contamos c\u00f3mo preparar una <a href=\"https:\/\/www.lecturas.com\/recetas\/paella-mixta-pollo-calamares-y-gambas_12188.html\" rel=\"nofollow noopener\" target=\"_blank\">paella mixta<\/a> a su estilo, un plato con el que seguro arrasas en cualquier ocasi\u00f3n.<\/p>\n<p>No obstante, si quieres preparar otras recetas de paella, te animamos a que te atrevas con una receta muy original <a href=\"https:\/\/www.lecturas.com\/recetas\/paella-bacalao-espinacas-receta-cuaresma_603.html\" rel=\"nofollow noopener\" target=\"_blank\">con espinacas y bacalao<\/a> o con <a href=\"https:\/\/www.lecturas.com\/recetas\/paella-calamares-alcachofas-supergustosa_15612.html\" rel=\"nofollow noopener\" target=\"_blank\">una paella supergustosa con calamares y alcachofas<\/a>.<\/p>\n<p>&#13;&#13;<\/p>\n<p class=\"placeholder-jwp\">Cargando v\u00eddeo: Paella con bacalao y espinacas receta de Cuaresma<\/p>\n<p>Paella con bacalao y espinacas receta de Cuaresma <\/p>\n<p><a href=\"https:\/\/tienda.rba.es\/revistas\/landing-suscripcion-cocina-facil?ORIGIN=REF&amp;rba_medium=referral&amp;rba_source=lecturas.com&amp;rba_campaign=RBA_rev_cofa_es_web_conv_pur_pro&amp;rba_term=RBA_rev_cofa_es_web_conv_pur_pro_general&amp;rba_content=general_RBA_rev_cofa_es_web_conv_pur_pro_general_oferta-especial-2025_general_lanzamiento_frase-articulo-generic\" target=\"_blank\" rel=\"nofollow noopener\">Suscr\u00edbete a Cocina F\u00e1cil y guarda todas tus recetas en el libro de Cocina m\u00e1s grande del mundo: solo 1 \u20ac\/mes<\/a><a href=\"https:\/\/tienda.rba.es\/revistas\/landing-suscripcion-cocina-facil?ORIGIN=REF&amp;rba_medium=referral&amp;rba_source=lecturas.com&amp;rba_campaign=RBA_rev_cofa_es_web_conv_pur_pro&amp;rba_term=RBA_rev_cofa_es_web_conv_pur_pro_general&amp;rba_content=general_RBA_rev_cofa_es_web_conv_pur_pro_general_oferta-especial-2025_general_lanzamiento_frase-articulo-generic\" target=\"_blank\" rel=\"nofollow noopener\">Suscr\u00edbete a Cocina F\u00e1cil y guarda todas tus recetas en el libro de Cocina m\u00e1s grande del mundo: solo 1 \u20ac\/mes<\/a>.<\/p>\n<p>Paella mixta al estilo de Antonio Banderas<\/p>\n<p>A pesar de que podemos cocinar tantas recetas de paella como se nos ocurran, te contamos c\u00f3mo puedes cocinar la versi\u00f3n de paella mixta m\u00e1s sabrosa de Antonio Banderas con la que, sin duda, triunfar\u00e1s en cualquier ocasi\u00f3n.<\/p>\n<p><img loading=\"lazy\" decoding=\"async\" src=\"https:\/\/www.europesays.com\/es\/wp-content\/uploads\/2025\/09\/paella-con-carne-y-verduritas_00000000_3c0bfd5f_250910101915_1200x1798.webp.webp\" alt=\"PAELLA CON CARNE Y VERDURITAS.\" class=\"lazyload\" width=\"1200\" height=\"1798\" data-aspectratio=\"1200\/1798\"\/>&#13;Cocina F\u00e1cil \/ RBA<\/p>\n<p>\u00a0<\/p>\n<p><img decoding=\"async\" src=\"https:\/\/www.europesays.com\/es\/wp-content\/uploads\/2025\/09\/paella_mixta_con_pollo_calamares_y_gambas_b0e351bd_600x600.jpg\" alt=\"paella_mixta_con_pollo_calamares_y_gambas\" class=\"image lazyload\"\/>&#13;<\/p>\n<p class=\"title\"><a href=\"https:\/\/www.lecturas.com\/recetas\/paella-mixta-pollo-calamares-y-gambas_12188.html\" rel=\"nofollow noopener\" target=\"_blank\">Paella mixta con pollo, calamares y gambas<\/a><\/p>\n<p>Paella mixta de Antonio Banderas<\/p>\n<p>Para 4 personas<\/p>\n<p>Ingredientes<\/p>\n<ul class=\"recipe-sheet-ingredients\">\n<li class=\"recipe-sheet-ingredient\">350 gramos de arroz<\/li>\n<li class=\"recipe-sheet-ingredient\">Una pechuga de pollo<\/li>\n<li class=\"recipe-sheet-ingredient\">12 gambas frescas<\/li>\n<li class=\"recipe-sheet-ingredient\">Un chorizo tierno<\/li>\n<li class=\"recipe-sheet-ingredient\">Un pimiento verde<\/li>\n<li class=\"recipe-sheet-ingredient\">Un pimiento rojo<\/li>\n<li class=\"recipe-sheet-ingredient\">Media cebolla<\/li>\n<li class=\"recipe-sheet-ingredient\">2 ajos<\/li>\n<li class=\"recipe-sheet-ingredient\">Perejil fresco<\/li>\n<li class=\"recipe-sheet-ingredient\">Una pastilla de Avecrem<\/li>\n<li class=\"recipe-sheet-ingredient\">Azafr\u00e1n<\/li>\n<li class=\"recipe-sheet-ingredient\">Aceite de oliva<\/li>\n<li class=\"recipe-sheet-ingredient\">Sal<\/li>\n<\/ul>\n<p>Paso a paso<\/p>\n<ol class=\"recipe-sheet-steps\">\n<li class=\"recipe-sheet-step\">\n<p class=\"recipe-sheet-step-title\">Cuece las gambas<\/p>\n<p class=\"recipe-sheet-step-desc\">Cuece las gambas y, cuando est\u00e9n listas, esc\u00farrelas y reserva el agua.<\/p>\n<\/li>\n<li class=\"recipe-sheet-step\">\n<p class=\"recipe-sheet-step-title\">Cocina el pollo<\/p>\n<p class=\"recipe-sheet-step-desc\">Corta la pechuga de pollo a taquitos, incorpora sal al gusto, s\u00e9llala en la paella con un poco de aceite de oliva y res\u00e9rvala. Cuando la tengas, corta el chorizo a rodajas y haz lo mismo, pas\u00e1ndolo vuelta y vuelta para que no se seque demasiado.<\/p>\n<\/li>\n<li class=\"recipe-sheet-step\">\n<p class=\"recipe-sheet-step-title\">Prepara el sofrito<\/p>\n<p class=\"recipe-sheet-step-desc\">Pela la cebolla, lava el pimiento, c\u00f3rtalo todo a trocitos peque\u00f1os y sofr\u00edelo en la paella con un poco m\u00e1s de aceite, hasta que est\u00e9n pochaditos. Mientras tanto, prepara una majada con ajo, perejil, azafr\u00e1n y la pastilla de Avecrem y a\u00f1\u00e1delo al sofrito.<\/p>\n<\/li>\n<li class=\"recipe-sheet-step\">\n<p class=\"recipe-sheet-step-title\">Echa el arroz y el pollo<\/p>\n<p class=\"recipe-sheet-step-desc\">Pon el arroz y remueve bien para que los ingredientes se integren, repite el proceso con el pollo y, cuando est\u00e9, echa el agua de las gambas, procurando que sea el tripe de cantidad que el arroz, y deja que se cueza durante unos 15 minutos. En los \u00faltimos 2 minutos, a\u00f1ade el chorizo y las gambas peladas. D\u00e9jala que repose un poquito y lista para tomar.<\/p>\n<\/li>\n<\/ol>\n<p><img decoding=\"async\" src=\"https:\/\/www.europesays.com\/es\/wp-content\/uploads\/2025\/09\/paso_a_paso_para_hacer_paella_mixta_con_extra_de_marisco_resultado_final_a80c01bd_600x600.jpg\" alt=\"paso_a_paso_para_hacer_paella_mixta_con_extra_de_marisco_resultado_final\" class=\"image lazyload\"\/>&#13;<\/p>\n<p class=\"title\"><a href=\"https:\/\/www.lecturas.com\/recetas\/paella-mixta-marisco_9890.html\" rel=\"nofollow noopener\" target=\"_blank\">Paella mixta con marisco<\/a><\/p>\n<p>De esta forma tan sencilla podr\u00e1s preparar una paella mixta al estilo de Antonio Banderas, con la que triunfar, sin esfuerzo, en cualquier comida especial y coronar como una gran anfitriona.<\/p>\n","protected":false},"excerpt":{"rendered":"Hablar de Antonio Banderas es hacerlo de M\u00e1laga y, adem\u00e1s de ser uno de nuestros actores m\u00e1s conocidos,&hellip;\n","protected":false},"author":2,"featured_media":144218,"comment_status":"","ping_status":"","sticky":false,"template":"","format":"standard","meta":{"footnotes":""},"categories":[174],"tags":[255,146,147,25,24,256,23],"class_list":{"0":"post-144217","1":"post","2":"type-post","3":"status-publish","4":"format-standard","5":"has-post-thumbnail","7":"category-famosos","8":"tag-celebrities","9":"tag-entertainment","10":"tag-entretenimiento","11":"tag-es","12":"tag-espana","13":"tag-famosos","14":"tag-spain"},"share_on_mastodon":{"url":"","error":""},"_links":{"self":[{"href":"https:\/\/www.europesays.com\/es\/wp-json\/wp\/v2\/posts\/144217","targetHints":{"allow":["GET"]}}],"collection":[{"href":"https:\/\/www.europesays.com\/es\/wp-json\/wp\/v2\/posts"}],"about":[{"href":"https:\/\/www.europesays.com\/es\/wp-json\/wp\/v2\/types\/post"}],"author":[{"embeddable":true,"href":"https:\/\/www.europesays.com\/es\/wp-json\/wp\/v2\/users\/2"}],"replies":[{"embeddable":true,"href":"https:\/\/www.europesays.com\/es\/wp-json\/wp\/v2\/comments?post=144217"}],"version-history":[{"count":0,"href":"https:\/\/www.europesays.com\/es\/wp-json\/wp\/v2\/posts\/144217\/revisions"}],"wp:featuredmedia":[{"embeddable":true,"href":"https:\/\/www.europesays.com\/es\/wp-json\/wp\/v2\/media\/144218"}],"wp:attachment":[{"href":"https:\/\/www.europesays.com\/es\/wp-json\/wp\/v2\/media?parent=144217"}],"wp:term":[{"taxonomy":"category","embeddable":true,"href":"https:\/\/www.europesays.com\/es\/wp-json\/wp\/v2\/categories?post=144217"},{"taxonomy":"post_tag","embeddable":true,"href":"https:\/\/www.europesays.com\/es\/wp-json\/wp\/v2\/tags?post=144217"}],"curies":[{"name":"wp","href":"https:\/\/api.w.org\/{rel}","templated":true}]}}