{"id":144219,"date":"2025-09-28T12:28:28","date_gmt":"2025-09-28T12:28:28","guid":{"rendered":"https:\/\/www.europesays.com\/es\/144219\/"},"modified":"2025-09-28T12:28:28","modified_gmt":"2025-09-28T12:28:28","slug":"pintura-de-luz-de-palencia-como-recuerdo","status":"publish","type":"post","link":"https:\/\/www.europesays.com\/es\/144219\/","title":{"rendered":"Pintura de luz de Palencia como recuerdo"},"content":{"rendered":"<p><a class=\"v-mdl-ath__fig-a\" href=\"https:\/\/www.elnortedecastilla.es\/autor\/marta-moras-boada-7250.html\" title=\"Marta Moras Boada\" rel=\"nofollow noopener\" target=\"_blank\"><br \/>\n<img decoding=\"async\" class=\"v-mdl-ath__img\" src=\"https:\/\/www.europesays.com\/es\/wp-content\/uploads\/2025\/09\/autor-7250-foto-1.jpeg\" alt=\"Marta Moras Boada\"\/><br \/>\n<\/a><\/p>\n<p class=\"v-mdl-ath__p v-mdl-ath__p--2\">\n<a href=\"https:\/\/www.elnortedecastilla.es\/autor\/marta-moras-boada-7250.html\" rel=\"nofollow noopener\" target=\"_blank\">Marta Moras Boada<\/a>\n<\/p>\n<p class=\"v-mdl-ath__p v-mdl-ath__p--6\">\nS\u00e1bado, 27 de septiembre 2025, 22:45<\/p>\n<p>Modo oscuro<\/p>\n<p>Compartir<\/p>\n<p class=\"v-p\">El Ayuntamiento de Palencia ha celebrado el D\u00eda Mundial del Turismo, que tiene lugar cada 27 de septiembre desde 1980, con un amplio abanico de actividades que han ido desde el programa con Paco Nadal &#8216;Ser Viajeros&#8217;, hasta una charla coloquio con importantes generadoras de contenido de promoci\u00f3n tur\u00edstica o un &#8216;ligth painting&#8217;, con el objetivo de divulgar el valor social, cultural y econ\u00f3mico del turismo. Ese espect\u00e1culo de luces se ha celebrado este s\u00e1bado en la plaza de la Inmaculada con el artista internacional Frado \u00c1lvarez DKL como &#8216;light painter&#8217; profesional y en la animaci\u00f3n, el DJ y productor internacional David Longoria (Premio AMAS 2025 a mejor DJ y producci\u00f3n electr\u00f3nica). Los participantes interesados acced\u00edan a un recinto donde pod\u00edan realizarse una foto para tener un recuerdo de la ciudad de <a href=\"https:\/\/www.elnortedecastilla.es\/palencia\/\" data-voc-vtm-id=\"in-text-traffic\" title=\"Palencia\" data-mrf-link=\"www.elnortedecastilla.es\" rel=\"nofollow noopener\" target=\"_blank\">Palencia<\/a>.<\/p>\n<p><img decoding=\"async\" loading=\"lazy\" src=\"https:\/\/www.europesays.com\/es\/wp-content\/uploads\/2025\/09\/lightpainting01.jpg\" class=\"v-a-img\" width=\"624\" height=\"900\" alt=\"Pintura de luz de Palencia como recuerdo\"\/><\/p>\n<p class=\"v-pill-m__c\">\n<p>Ampliar\n<\/p>\n<p><img decoding=\"async\" loading=\"lazy\" src=\"https:\/\/www.europesays.com\/es\/wp-content\/uploads\/2025\/09\/lightpainting01.jpg\" class=\"v-mdl__img-z\" width=\"624\" height=\"900\" alt=\"Pintura de luz de Palencia como recuerdo\"\/><\/p>\n<p><img loading=\"lazy\" decoding=\"async\" src=\"https:\/\/www.europesays.com\/es\/wp-content\/uploads\/2025\/09\/lightpainting01.jpg\" class=\"v-mdl__img-z\" width=\"624\" height=\"900\" alt=\"Pintura de luz de Palencia como recuerdo\"\/><\/p>\n<p><img decoding=\"async\" loading=\"lazy\" src=\"https:\/\/www.europesays.com\/es\/wp-content\/uploads\/2025\/09\/lightpainting02.jpg\" class=\"v-a-img\" width=\"624\" height=\"900\" alt=\"Pintura de luz de Palencia como recuerdo\"\/><\/p>\n<p class=\"v-pill-m__c\">\n<p>Ampliar\n<\/p>\n<p><img decoding=\"async\" loading=\"lazy\" src=\"https:\/\/www.europesays.com\/es\/wp-content\/uploads\/2025\/09\/lightpainting02.jpg\" class=\"v-mdl__img-z\" width=\"624\" height=\"900\" alt=\"Pintura de luz de Palencia como recuerdo\"\/><\/p>\n<p><img loading=\"lazy\" decoding=\"async\" src=\"https:\/\/www.europesays.com\/es\/wp-content\/uploads\/2025\/09\/lightpainting02.jpg\" class=\"v-mdl__img-z\" width=\"624\" height=\"900\" alt=\"Pintura de luz de Palencia como recuerdo\"\/><\/p>\n<p><img decoding=\"async\" loading=\"lazy\" src=\"https:\/\/www.europesays.com\/es\/wp-content\/uploads\/2025\/09\/lightpainting03.jpg\" class=\"v-a-img\" width=\"624\" height=\"900\" alt=\"Pintura de luz de Palencia como recuerdo\"\/><\/p>\n<p class=\"v-pill-m__c\">\n<p>Ampliar\n<\/p>\n<p><img decoding=\"async\" loading=\"lazy\" src=\"https:\/\/www.europesays.com\/es\/wp-content\/uploads\/2025\/09\/lightpainting03.jpg\" class=\"v-mdl__img-z\" width=\"624\" height=\"900\" alt=\"Pintura de luz de Palencia como recuerdo\"\/><\/p>\n<p><img loading=\"lazy\" decoding=\"async\" src=\"https:\/\/www.europesays.com\/es\/wp-content\/uploads\/2025\/09\/lightpainting03.jpg\" class=\"v-mdl__img-z\" width=\"624\" height=\"900\" alt=\"Pintura de luz de Palencia como recuerdo\"\/><\/p>\n<p><img decoding=\"async\" loading=\"lazy\" src=\"https:\/\/www.europesays.com\/es\/wp-content\/uploads\/2025\/09\/lightpainting04.jpg\" class=\"v-a-img\" width=\"624\" height=\"900\" alt=\"Pintura de luz de Palencia como recuerdo\"\/><\/p>\n<p class=\"v-pill-m__c\">\n<p>Ampliar\n<\/p>\n<p><img decoding=\"async\" loading=\"lazy\" src=\"https:\/\/www.europesays.com\/es\/wp-content\/uploads\/2025\/09\/lightpainting04.jpg\" class=\"v-mdl__img-z\" width=\"624\" height=\"900\" alt=\"Pintura de luz de Palencia como recuerdo\"\/><\/p>\n<p><img loading=\"lazy\" decoding=\"async\" src=\"https:\/\/www.europesays.com\/es\/wp-content\/uploads\/2025\/09\/lightpainting04.jpg\" class=\"v-mdl__img-z\" width=\"624\" height=\"900\" alt=\"Pintura de luz de Palencia como recuerdo\"\/><\/p>\n<p><img decoding=\"async\" loading=\"lazy\" src=\"https:\/\/www.europesays.com\/es\/wp-content\/uploads\/2025\/09\/lightpainting05.jpg\" class=\"v-a-img\" width=\"624\" height=\"900\" alt=\"Pintura de luz de Palencia como recuerdo\"\/><\/p>\n<p class=\"v-pill-m__c\">\n<p>Ampliar\n<\/p>\n<p><img decoding=\"async\" loading=\"lazy\" src=\"https:\/\/www.europesays.com\/es\/wp-content\/uploads\/2025\/09\/lightpainting05.jpg\" class=\"v-mdl__img-z\" width=\"624\" height=\"900\" alt=\"Pintura de luz de Palencia como recuerdo\"\/><\/p>\n<p><img loading=\"lazy\" decoding=\"async\" src=\"https:\/\/www.europesays.com\/es\/wp-content\/uploads\/2025\/09\/lightpainting05.jpg\" class=\"v-mdl__img-z\" width=\"624\" height=\"900\" alt=\"Pintura de luz de Palencia como recuerdo\"\/><\/p>\n<p><img decoding=\"async\" loading=\"lazy\" src=\"https:\/\/www.europesays.com\/es\/wp-content\/uploads\/2025\/09\/lightpainting06.jpg\" class=\"v-a-img\" width=\"624\" height=\"900\" alt=\"Pintura de luz de Palencia como recuerdo\"\/><\/p>\n<p class=\"v-pill-m__c\">\n<p>Ampliar\n<\/p>\n<p><img decoding=\"async\" loading=\"lazy\" src=\"https:\/\/www.europesays.com\/es\/wp-content\/uploads\/2025\/09\/lightpainting06.jpg\" class=\"v-mdl__img-z\" width=\"624\" height=\"900\" alt=\"Pintura de luz de Palencia como recuerdo\"\/><\/p>\n<p><img loading=\"lazy\" decoding=\"async\" src=\"https:\/\/www.europesays.com\/es\/wp-content\/uploads\/2025\/09\/lightpainting06.jpg\" class=\"v-mdl__img-z\" width=\"624\" height=\"900\" alt=\"Pintura de luz de Palencia como recuerdo\"\/><\/p>\n<p><img decoding=\"async\" loading=\"lazy\" src=\"https:\/\/www.europesays.com\/es\/wp-content\/uploads\/2025\/09\/lightpainting07.jpg\" class=\"v-a-img\" width=\"624\" height=\"900\" alt=\"Pintura de luz de Palencia como recuerdo\"\/><\/p>\n<p class=\"v-pill-m__c\">\n<p>Ampliar\n<\/p>\n<p><img decoding=\"async\" loading=\"lazy\" src=\"https:\/\/www.europesays.com\/es\/wp-content\/uploads\/2025\/09\/lightpainting07.jpg\" class=\"v-mdl__img-z\" width=\"624\" height=\"900\" alt=\"Pintura de luz de Palencia como recuerdo\"\/><\/p>\n<p><img loading=\"lazy\" decoding=\"async\" src=\"https:\/\/www.europesays.com\/es\/wp-content\/uploads\/2025\/09\/lightpainting07.jpg\" class=\"v-mdl__img-z\" width=\"624\" height=\"900\" alt=\"Pintura de luz de Palencia como recuerdo\"\/><\/p>\n<p><img decoding=\"async\" loading=\"lazy\" src=\"https:\/\/www.europesays.com\/es\/wp-content\/uploads\/2025\/09\/lightpainting08.jpg\" class=\"v-a-img\" width=\"624\" height=\"900\" alt=\"Pintura de luz de Palencia como recuerdo\"\/><\/p>\n<p class=\"v-pill-m__c\">\n<p>Ampliar\n<\/p>\n<p><img decoding=\"async\" loading=\"lazy\" src=\"https:\/\/www.europesays.com\/es\/wp-content\/uploads\/2025\/09\/lightpainting08.jpg\" class=\"v-mdl__img-z\" width=\"624\" height=\"900\" alt=\"Pintura de luz de Palencia como recuerdo\"\/><\/p>\n<p><img loading=\"lazy\" decoding=\"async\" src=\"https:\/\/www.europesays.com\/es\/wp-content\/uploads\/2025\/09\/lightpainting08.jpg\" class=\"v-mdl__img-z\" width=\"624\" height=\"900\" alt=\"Pintura de luz de Palencia como recuerdo\"\/><\/p>\n<p><img decoding=\"async\" loading=\"lazy\" src=\"https:\/\/www.europesays.com\/es\/wp-content\/uploads\/2025\/09\/lightpainting09.jpg\" class=\"v-a-img\" width=\"624\" height=\"900\" alt=\"Pintura de luz de Palencia como recuerdo\"\/><\/p>\n<p class=\"v-pill-m__c\">\n<p>Ampliar\n<\/p>\n<p><img decoding=\"async\" loading=\"lazy\" src=\"https:\/\/www.europesays.com\/es\/wp-content\/uploads\/2025\/09\/lightpainting09.jpg\" class=\"v-mdl__img-z\" width=\"624\" height=\"900\" alt=\"Pintura de luz de Palencia como recuerdo\"\/><\/p>\n<p><img loading=\"lazy\" decoding=\"async\" src=\"https:\/\/www.europesays.com\/es\/wp-content\/uploads\/2025\/09\/lightpainting09.jpg\" class=\"v-mdl__img-z\" width=\"624\" height=\"900\" alt=\"Pintura de luz de Palencia como recuerdo\"\/><\/p>\n<p><img decoding=\"async\" loading=\"lazy\" src=\"https:\/\/www.europesays.com\/es\/wp-content\/uploads\/2025\/09\/lightpainting10.jpg\" class=\"v-a-img\" width=\"624\" height=\"900\" alt=\"Pintura de luz de Palencia como recuerdo\"\/><\/p>\n<p class=\"v-pill-m__c\">\n<p>Ampliar\n<\/p>\n<p><img decoding=\"async\" loading=\"lazy\" src=\"https:\/\/www.europesays.com\/es\/wp-content\/uploads\/2025\/09\/lightpainting10.jpg\" class=\"v-mdl__img-z\" width=\"624\" height=\"900\" alt=\"Pintura de luz de Palencia como recuerdo\"\/><\/p>\n<p><img loading=\"lazy\" decoding=\"async\" src=\"https:\/\/www.europesays.com\/es\/wp-content\/uploads\/2025\/09\/lightpainting10.jpg\" class=\"v-mdl__img-z\" width=\"624\" height=\"900\" alt=\"Pintura de luz de Palencia como recuerdo\"\/><\/p>\n<p><img decoding=\"async\" loading=\"lazy\" src=\"https:\/\/www.europesays.com\/es\/wp-content\/uploads\/2025\/09\/lightpainting11.jpg\" class=\"v-a-img\" width=\"624\" height=\"900\" alt=\"Pintura de luz de Palencia como recuerdo\"\/><\/p>\n<p class=\"v-pill-m__c\">\n<p>Ampliar\n<\/p>\n<p><img decoding=\"async\" loading=\"lazy\" src=\"https:\/\/www.europesays.com\/es\/wp-content\/uploads\/2025\/09\/lightpainting11.jpg\" class=\"v-mdl__img-z\" width=\"624\" height=\"900\" alt=\"Pintura de luz de Palencia como recuerdo\"\/><\/p>\n<p><img loading=\"lazy\" decoding=\"async\" src=\"https:\/\/www.europesays.com\/es\/wp-content\/uploads\/2025\/09\/lightpainting11.jpg\" class=\"v-mdl__img-z\" width=\"624\" height=\"900\" alt=\"Pintura de luz de Palencia como recuerdo\"\/><\/p>\n<p><img decoding=\"async\" loading=\"lazy\" src=\"https:\/\/www.europesays.com\/es\/wp-content\/uploads\/2025\/09\/lightpainting12.jpg\" class=\"v-a-img\" width=\"624\" height=\"900\" alt=\"Pintura de luz de Palencia como recuerdo\"\/><\/p>\n<p class=\"v-pill-m__c\">\n<p>Ampliar\n<\/p>\n<p><img decoding=\"async\" loading=\"lazy\" src=\"https:\/\/www.europesays.com\/es\/wp-content\/uploads\/2025\/09\/lightpainting12.jpg\" class=\"v-mdl__img-z\" width=\"624\" height=\"900\" alt=\"Pintura de luz de Palencia como recuerdo\"\/><\/p>\n<p><img loading=\"lazy\" decoding=\"async\" src=\"https:\/\/www.europesays.com\/es\/wp-content\/uploads\/2025\/09\/lightpainting12.jpg\" class=\"v-mdl__img-z\" width=\"624\" height=\"900\" alt=\"Pintura de luz de Palencia como recuerdo\"\/><\/p>\n<p><img decoding=\"async\" loading=\"lazy\" src=\"https:\/\/www.europesays.com\/es\/wp-content\/uploads\/2025\/09\/lightpainting13.jpg\" class=\"v-a-img\" width=\"624\" height=\"900\" alt=\"Pintura de luz de Palencia como recuerdo\"\/><\/p>\n<p class=\"v-pill-m__c\">\n<p>Ampliar\n<\/p>\n<p><img decoding=\"async\" loading=\"lazy\" src=\"https:\/\/www.europesays.com\/es\/wp-content\/uploads\/2025\/09\/lightpainting13.jpg\" class=\"v-mdl__img-z\" width=\"624\" height=\"900\" alt=\"Pintura de luz de Palencia como recuerdo\"\/><\/p>\n<p><img loading=\"lazy\" decoding=\"async\" src=\"https:\/\/www.europesays.com\/es\/wp-content\/uploads\/2025\/09\/lightpainting13.jpg\" class=\"v-mdl__img-z\" width=\"624\" height=\"900\" alt=\"Pintura de luz de Palencia como recuerdo\"\/><\/p>\n<p><img decoding=\"async\" loading=\"lazy\" src=\"https:\/\/www.europesays.com\/es\/wp-content\/uploads\/2025\/09\/lightpainting14.jpg\" class=\"v-a-img\" width=\"624\" height=\"900\" alt=\"Pintura de luz de Palencia como recuerdo\"\/><\/p>\n<p class=\"v-pill-m__c\">\n<p>Ampliar\n<\/p>\n<p><img decoding=\"async\" loading=\"lazy\" src=\"https:\/\/www.europesays.com\/es\/wp-content\/uploads\/2025\/09\/lightpainting14.jpg\" class=\"v-mdl__img-z\" width=\"624\" height=\"900\" alt=\"Pintura de luz de Palencia como recuerdo\"\/><\/p>\n<p><img loading=\"lazy\" decoding=\"async\" src=\"https:\/\/www.europesays.com\/es\/wp-content\/uploads\/2025\/09\/lightpainting14.jpg\" class=\"v-mdl__img-z\" width=\"624\" height=\"900\" alt=\"Pintura de luz de Palencia como recuerdo\"\/><\/p>\n<p><img decoding=\"async\" loading=\"lazy\" src=\"https:\/\/www.europesays.com\/es\/wp-content\/uploads\/2025\/09\/lightpainting15.jpg\" class=\"v-a-img\" width=\"624\" height=\"900\" alt=\"Pintura de luz de Palencia como recuerdo\"\/><\/p>\n<p class=\"v-pill-m__c\">\n<p>Ampliar\n<\/p>\n<p><img decoding=\"async\" loading=\"lazy\" src=\"https:\/\/www.europesays.com\/es\/wp-content\/uploads\/2025\/09\/lightpainting15.jpg\" class=\"v-mdl__img-z\" width=\"624\" height=\"900\" alt=\"Pintura de luz de Palencia como recuerdo\"\/><\/p>\n<p><img loading=\"lazy\" decoding=\"async\" src=\"https:\/\/www.europesays.com\/es\/wp-content\/uploads\/2025\/09\/lightpainting15.jpg\" class=\"v-mdl__img-z\" width=\"624\" height=\"900\" alt=\"Pintura de luz de Palencia como recuerdo\"\/><\/p>\n<ul class=\"v-mdl-tpc__u\">\n<li class=\"v-mdl-tpc__l\">\n<p>Temas<\/p>\n<\/li>\n<li class=\"v-mdl-tpc__l\">\n<a class=\"v-mdl-tpc__a v-btn v-btn-s\" href=\"https:\/\/www.elnortedecastilla.es\/temas\/generales\/turismo.html\" title=\"Turismo\" data-mrf-link=\"https:\/\/www.elnortedecastilla.es\/temas\/generales\/turismo.html\" rel=\"nofollow noopener\" target=\"_blank\"><br \/>\nTurismo<br \/>\n<\/a>\n<\/li>\n<li class=\"v-mdl-tpc__l\">\n<a class=\"v-mdl-tpc__a v-btn v-btn-s\" href=\"https:\/\/www.elnortedecastilla.es\/temas\/entidades\/ayuntamiento-de-palencia.html\" title=\"Ayuntamiento de Palencia\" data-mrf-link=\"https:\/\/www.elnortedecastilla.es\/temas\/entidades\/ayuntamiento-de-palencia.html\" rel=\"nofollow noopener\" target=\"_blank\"><br \/>\nAyuntamiento de Palencia<br \/>\n<\/a>\n<\/li>\n<li class=\"v-mdl-tpc__l\">\n<a class=\"v-mdl-tpc__a v-btn v-btn-s\" href=\"https:\/\/www.elnortedecastilla.es\/temas\/lugares\/palencia-ciudad.html\" title=\"Palencia\" data-mrf-link=\"https:\/\/www.elnortedecastilla.es\/temas\/lugares\/palencia-ciudad.html\" rel=\"nofollow noopener\" target=\"_blank\"><br \/>\nPalencia<br \/>\n<\/a>\n<\/li>\n<\/ul>\n","protected":false},"excerpt":{"rendered":"Marta Moras Boada S\u00e1bado, 27 de septiembre 2025, 22:45 Modo oscuro Compartir El Ayuntamiento de Palencia ha celebrado&hellip;\n","protected":false},"author":2,"featured_media":144220,"comment_status":"","ping_status":"","sticky":false,"template":"","format":"standard","meta":{"footnotes":""},"categories":[173],"tags":[229,233,231,230,232,234,146,147,25,24,1875,6442,503,910,23],"class_list":{"0":"post-144219","1":"post","2":"type-post","3":"status-publish","4":"format-standard","5":"has-post-thumbnail","7":"category-arte-y-diseno","8":"tag-arte","9":"tag-arte-y-diseno","10":"tag-arts","11":"tag-arts-and-design","12":"tag-design","13":"tag-diseno","14":"tag-entertainment","15":"tag-entretenimiento","16":"tag-es","17":"tag-espana","18":"tag-luz","19":"tag-palencia","20":"tag-pintura","21":"tag-recuerdo","22":"tag-spain"},"share_on_mastodon":{"url":"","error":""},"_links":{"self":[{"href":"https:\/\/www.europesays.com\/es\/wp-json\/wp\/v2\/posts\/144219","targetHints":{"allow":["GET"]}}],"collection":[{"href":"https:\/\/www.europesays.com\/es\/wp-json\/wp\/v2\/posts"}],"about":[{"href":"https:\/\/www.europesays.com\/es\/wp-json\/wp\/v2\/types\/post"}],"author":[{"embeddable":true,"href":"https:\/\/www.europesays.com\/es\/wp-json\/wp\/v2\/users\/2"}],"replies":[{"embeddable":true,"href":"https:\/\/www.europesays.com\/es\/wp-json\/wp\/v2\/comments?post=144219"}],"version-history":[{"count":0,"href":"https:\/\/www.europesays.com\/es\/wp-json\/wp\/v2\/posts\/144219\/revisions"}],"wp:featuredmedia":[{"embeddable":true,"href":"https:\/\/www.europesays.com\/es\/wp-json\/wp\/v2\/media\/144220"}],"wp:attachment":[{"href":"https:\/\/www.europesays.com\/es\/wp-json\/wp\/v2\/media?parent=144219"}],"wp:term":[{"taxonomy":"category","embeddable":true,"href":"https:\/\/www.europesays.com\/es\/wp-json\/wp\/v2\/categories?post=144219"},{"taxonomy":"post_tag","embeddable":true,"href":"https:\/\/www.europesays.com\/es\/wp-json\/wp\/v2\/tags?post=144219"}],"curies":[{"name":"wp","href":"https:\/\/api.w.org\/{rel}","templated":true}]}}