{"id":144221,"date":"2025-09-28T12:29:07","date_gmt":"2025-09-28T12:29:07","guid":{"rendered":"https:\/\/www.europesays.com\/es\/144221\/"},"modified":"2025-09-28T12:29:07","modified_gmt":"2025-09-28T12:29:07","slug":"la-setmana-del-llibre-cierra-su-43-edicion-con-120-000-asistentes-un-20-mas-que-en-2024","status":"publish","type":"post","link":"https:\/\/www.europesays.com\/es\/144221\/","title":{"rendered":"La Setmana del Llibre cierra su 43 edici\u00f3n con 120.000 asistentes, un 20 % m\u00e1s que en 2024"},"content":{"rendered":"<p data-gtm-element-container=\"modulo-texto-link\" class=\"paragraph\">Barcelona, 28 sep (EFE).- La Setmana del Llibre en Catal\u00e0 cierra este domingo su 43 edici\u00f3n con la asistencia de unas 120.000 personas, un 20 % m\u00e1s que el a\u00f1o pasado, seg\u00fan c\u00e1lculos provisionales de los organizadores, y con una facturaci\u00f3n entre un 12 % y un 15 % superior, de acuerdo con la estimaci\u00f3n de los vendedores.<\/p>\n<p data-gtm-element-container=\"modulo-texto-link\" class=\"paragraph\">La edici\u00f3n de este a\u00f1o, que por segunda vez consecutiva ha coincidido con las Fiestas de la Merc\u00e8 y se ha celebrado en el paseo Llu\u00eds Companys, ha contado con casi mil metros cuadrados m\u00e1s de superficie que en 2024, hasta llegar a los 8.900, y con 94 casetas, ocho m\u00e1s que entonces, que han representado a 312 expositores y 265 sellos editoriales.<\/p>\n<p data-gtm-element-container=\"modulo-texto-link\" class=\"paragraph\">De este modo, la Setmana del Llibre se consolida como el tercer periodo del a\u00f1o en que se venden m\u00e1s ejemplares en lengua catalana, despu\u00e9s de Sant Jordi y las fiestas navide\u00f1as, destaca la nota de prensa.<\/p>\n<p data-gtm-element-container=\"modulo-texto-link\" class=\"paragraph\">Se han organizado unas 300 actividades, desde conversaciones y mesas redondas a recitales, conciertos, firmas de libros o itinerarios literarios, en una edici\u00f3n que fue inaugurada oficialmente, el d\u00eda 20, con una glosa a cargo del Premio de Honor de las Letras Catalanas 2025, el fil\u00f3sofo Pere Llu\u00eds Font.<\/p>\n<p data-gtm-element-container=\"modulo-texto-link\" class=\"paragraph\">Otros actos destacados ha sido la entrega del premio Traject\u00f2ria al escritor Andreu Mart\u00edn y el premio Difusi\u00f3 al periodista David Guzman, as\u00ed como &#8216;Grops de paraules. Entonant Llompart i Vicens&#8217;, organizado por la Instituci\u00f3 de les Lletres Catalanes, conducido por el poeta Josep Pedrals, donde se han le\u00eddo fragmentos de textos de los mallorquines Josep Maria Llompart y Ant\u00f2nia Vicens, que han inspirado las intervenciones improvisadas de La Ludwig Band y Glosa C\u00e0ustica.<\/p>\n<p data-gtm-element-container=\"modulo-texto-link\" class=\"paragraph\">Asimismo, se ha homenajeado al nonagenario Feliu Formosa y se han conmemorado los cincuenta a\u00f1os de &#8216;Te deix, amor, la mar com a penyora&#8217;, de Carme Riera. EFE<\/p>\n<p data-gtm-element-container=\"modulo-texto-link\" class=\"paragraph\">mpl\/mg<\/p>\n","protected":false},"excerpt":{"rendered":"Barcelona, 28 sep (EFE).- La Setmana del Llibre en Catal\u00e0 cierra este domingo su 43 edici\u00f3n con la&hellip;\n","protected":false},"author":2,"featured_media":134164,"comment_status":"","ping_status":"","sticky":false,"template":"","format":"standard","meta":{"footnotes":""},"categories":[172],"tags":[224,146,147,25,24,225,23],"class_list":{"0":"post-144221","1":"post","2":"type-post","3":"status-publish","4":"format-standard","5":"has-post-thumbnail","7":"category-libros","8":"tag-books","9":"tag-entertainment","10":"tag-entretenimiento","11":"tag-es","12":"tag-espana","13":"tag-libros","14":"tag-spain"},"share_on_mastodon":{"url":"","error":""},"_links":{"self":[{"href":"https:\/\/www.europesays.com\/es\/wp-json\/wp\/v2\/posts\/144221","targetHints":{"allow":["GET"]}}],"collection":[{"href":"https:\/\/www.europesays.com\/es\/wp-json\/wp\/v2\/posts"}],"about":[{"href":"https:\/\/www.europesays.com\/es\/wp-json\/wp\/v2\/types\/post"}],"author":[{"embeddable":true,"href":"https:\/\/www.europesays.com\/es\/wp-json\/wp\/v2\/users\/2"}],"replies":[{"embeddable":true,"href":"https:\/\/www.europesays.com\/es\/wp-json\/wp\/v2\/comments?post=144221"}],"version-history":[{"count":0,"href":"https:\/\/www.europesays.com\/es\/wp-json\/wp\/v2\/posts\/144221\/revisions"}],"wp:featuredmedia":[{"embeddable":true,"href":"https:\/\/www.europesays.com\/es\/wp-json\/wp\/v2\/media\/134164"}],"wp:attachment":[{"href":"https:\/\/www.europesays.com\/es\/wp-json\/wp\/v2\/media?parent=144221"}],"wp:term":[{"taxonomy":"category","embeddable":true,"href":"https:\/\/www.europesays.com\/es\/wp-json\/wp\/v2\/categories?post=144221"},{"taxonomy":"post_tag","embeddable":true,"href":"https:\/\/www.europesays.com\/es\/wp-json\/wp\/v2\/tags?post=144221"}],"curies":[{"name":"wp","href":"https:\/\/api.w.org\/{rel}","templated":true}]}}