{"id":144226,"date":"2025-09-28T12:34:12","date_gmt":"2025-09-28T12:34:12","guid":{"rendered":"https:\/\/www.europesays.com\/es\/144226\/"},"modified":"2025-09-28T12:34:12","modified_gmt":"2025-09-28T12:34:12","slug":"como-si-tuviera-ocho-anos-mas","status":"publish","type":"post","link":"https:\/\/www.europesays.com\/es\/144226\/","title":{"rendered":"\u00abComo si tuviera ocho a\u00f1os m\u00e1s\u00bb"},"content":{"rendered":"<p><img decoding=\"async\" class=\"voc-author__img\" src=\"https:\/\/www.europesays.com\/es\/wp-content\/uploads\/2025\/09\/autor-6148-foto-6.png\" alt=\"Marina Ortiz\"\/><\/p>\n<p class=\"voc-p\" style=\"\">La alimentaci\u00f3n, la actividad f\u00edsica, la hidrataci\u00f3n y el <a href=\"https:\/\/www.abc.es\/recreo\/fisioterapeuta-indica-ejercicios-hacer-antes-dormir-20250829170859-nt.html\" title=\"www.abc.es\" data-voc-vtm-id=\"in-text-traffic\" data-mrf-link=\"www.abc.es\" rel=\"nofollow noopener\" target=\"_blank\">descanso <\/a>son varios de los factores que influyen de manera profunda en la<strong> buena salud f\u00edsica y mental <\/strong>de cualquier persona. <\/p>\n<p class=\"voc-p\" style=\"\">Cuidar cada una de ellas y adaptarla a nuestras condiciones y necesidades es clave. Si nos centramos en <strong>el descanso, este es crucial a cualquier edad<\/strong>, debiendo aumentar las horas de sue\u00f1o en algunas etapas vitales como la ni\u00f1ez o la adolescencia.<\/p>\n<p class=\"voc-p\" style=\"\">Seg\u00fan la Organizaci\u00f3n Mundial de la Salud (OMS) y otras entidades, est\u00e1 recomendado <strong>que los adultos duerman entre siete y nueve horas cada noche <\/strong>para asegurar un buen descanso del organismo. Los ni\u00f1os en edad escolar, por ejemplo, necsitan entre nueve y 12 horas y los ancianos entre siete y ocho horas de sue\u00f1o.<\/p>\n<p class=\"voc-p\" style=\"\">Cumplir estos par\u00e1metros puede ser m\u00e1s importante de lo que muchos creen, ya que en esas horas todo<strong> nuestro cuerpo se recupera<\/strong> y, de alg\u00fan modo, se recarga para tener la energ\u00eda necesaria para afrontar el d\u00eda siguiente. <\/p>\n<p class=\"voc-p\" style=\"\">As\u00ed, aunque <strong>muchas personas piensen que con dormir pocas horas tienen suficiciente<\/strong> porque no se notan cansados, las consecuencias f\u00edsicas y ps\u00edquisicas son una relalidad que puede afectar seriamente a nuestra salud, aunque no las veamos ni las notemos a corto plazo. <\/p>\n<p>\nUn psiquiatra avisa de c\u00f3mo afecta al cerebro dormir poco y mal\n<\/p>\n<p class=\"voc-p\" style=\"\">El psquiatra Alejandro Mart\u00ednez Rico lo ha explicado en una de sus publicaciones de Instagram, advirtiendo de los efectos de dormir poco en nuestro cerebro. \u00ab\u00bfSab\u00edas que dormir mal envejece tu cerebro? Un estudio con m\u00e1s de 10.000 personas en todo el mundo descubri\u00f3 algo incre\u00edble: Domir solo cuatro horas por noche <strong>hace que tu cerebro funcione como si tuviera ocho a\u00f1os m\u00e1s de edad<\/strong>\u00bb, comienza explicando el doctor. <\/p>\n<p class=\"voc-p\" style=\"\">Si continuamos leyendo sus palabras, indica que las consecuencias son, no solo estar cansado, sino<strong> el deterioro de las habilidades de razonamiento, la memoria de trabajo o la capacidad para tomar decisiones<\/strong>. \u00abEste efecto ocurre a cualquier edad\u00bb, aclara el psiquiatra.<\/p>\n<p class=\"voc-p\" style=\"\">Para hacer m\u00e1s visual su explicaci\u00f3n, muestra dos resonancias magn\u00e9ticas funcionales en las que se mide <strong>el flujo sangu\u00edneo en el cerebro<\/strong>: \u00abCuando m\u00e1s activa est\u00e1 un \u00e1rea, m\u00e1s sangre necesita y m\u00e1s &#8216;luces naranjas&#8217; aparecen en la imagen\u00bb. <\/p>\n<p class=\"voc-p\" style=\"\">As\u00ed, se puede ver que la imagen que tiene m\u00e1s zonas naranjas corresponde a la de quien ha dormido bien: \u00abEl cerebro muestra <strong>mucha m\u00e1s actividad en las zonas frontal y parietal, responsables de decidir, resolver problemas y memorizar<\/strong>\u00bb. Por otro lado, la resonancia donde hay menos color naranja es la de un cerebro tras una noche sin dormir: \u00abEsas \u00e1reas est\u00e1n casi apagadas:<strong> mucho menos flujo sangu\u00edneo, mucho menos rendimiento. Dormir poco literalmente apaga partes de tu cerebro<\/strong>\u00bb, explica. <\/p>\n<p class=\"voc-p\" style=\"\">De este modo, el psiquiatra recuerda que \u00abincluso <strong>una sola noche de sue\u00f1o reparador ya puede mejorar tu rendimiento mental<\/strong>\u00bb y concluye resaltando que \u00abdormir no es un lujo, es el combustible que mantiene tu cerebro joven y afilado\u00bb. <\/p>\n<p>\nRecomendaciones para dormir bien\n<\/p>\n<p class=\"voc-p\" style=\"\">Pero el doctor Alejandro Mart\u00ednez no solo se queda en explicar c\u00f3mo envejece el cerebro si dormimos poco, sino que deja sus propias &#8217;16 <strong>reglas de oro para dormir bien<\/strong>&#8216;. Aunque se pueden ver en el v\u00eddeo que ha compartido, a continuaci\u00f3n te dejamos algunas de ellas: <\/p>\n<p class=\"voc-p\" style=\"\">\u00ab- Ve a la cama y lev\u00e1ntate siempre a la misma hora, incluso los fines de semana. <\/p>\n<p class=\"voc-p\" style=\"\">&#8211; Usa la cama solo para dormir o amar. Nada de m\u00f3vil, tele o trabajo.<\/p>\n<p class=\"voc-p\" style=\"\">&#8211; Si no duermes en 20 min, lev\u00e1ntate. Haz algo relajante y vuelve cuando tengas sue\u00f1o. <\/p>\n<p class=\"voc-p\" style=\"\">&#8211; Evita mirar el reloj por la noche, aumenta la ansiedad y el insomnio\u00bb<\/p>\n<p class=\"voc-p\" style=\"\">&#8211; Nada de siestas largas ni tarde. M\u00e1ximo 20-20 minutos y antes de las 15.00 horas.<\/p>\n<p class=\"voc-p\" style=\"\">&#8211; Mant\u00e9n el dormitorio oscuro, fresco y silencioso.<\/p>\n<p class=\"voc-p\" style=\"\">-Sin luz brillante una o dos horas antes de dormir<\/p>\n<p class=\"voc-p\" style=\"\">&#8211; Evita cafe\u00edna, alcohol y nicotina por la tarde, alteran el sue\u00f1o profundo. <\/p>\n<p class=\"voc-p\" style=\"\">&#8211; Cena ligero y temprano<\/p>\n<p class=\"voc-p\" style=\"\">&#8211; Sin pantallas una o dos horas antes de dormir, la luz azul frena la melatonina y te mantiene despierto\u00bb.<\/p>\n<p>Reportar un error<\/p>\n","protected":false},"excerpt":{"rendered":"La alimentaci\u00f3n, la actividad f\u00edsica, la hidrataci\u00f3n y el descanso son varios de los factores que influyen de&hellip;\n","protected":false},"author":2,"featured_media":144227,"comment_status":"","ping_status":"","sticky":false,"template":"","format":"standard","meta":{"footnotes":""},"categories":[92],"tags":[10854,988,2670,3937,44518,25,24,165,4627,2799,44517,166,23],"class_list":{"0":"post-144226","1":"post","2":"type-post","3":"status-publish","4":"format-standard","5":"has-post-thumbnail","7":"category-salud","8":"tag-advierte","9":"tag-anos","10":"tag-cerebro","11":"tag-dormir","12":"tag-envejece","13":"tag-es","14":"tag-espana","15":"tag-health","16":"tag-mal","17":"tag-ocho","18":"tag-psiquiatra","19":"tag-salud","20":"tag-spain"},"share_on_mastodon":{"url":"","error":""},"_links":{"self":[{"href":"https:\/\/www.europesays.com\/es\/wp-json\/wp\/v2\/posts\/144226","targetHints":{"allow":["GET"]}}],"collection":[{"href":"https:\/\/www.europesays.com\/es\/wp-json\/wp\/v2\/posts"}],"about":[{"href":"https:\/\/www.europesays.com\/es\/wp-json\/wp\/v2\/types\/post"}],"author":[{"embeddable":true,"href":"https:\/\/www.europesays.com\/es\/wp-json\/wp\/v2\/users\/2"}],"replies":[{"embeddable":true,"href":"https:\/\/www.europesays.com\/es\/wp-json\/wp\/v2\/comments?post=144226"}],"version-history":[{"count":0,"href":"https:\/\/www.europesays.com\/es\/wp-json\/wp\/v2\/posts\/144226\/revisions"}],"wp:featuredmedia":[{"embeddable":true,"href":"https:\/\/www.europesays.com\/es\/wp-json\/wp\/v2\/media\/144227"}],"wp:attachment":[{"href":"https:\/\/www.europesays.com\/es\/wp-json\/wp\/v2\/media?parent=144226"}],"wp:term":[{"taxonomy":"category","embeddable":true,"href":"https:\/\/www.europesays.com\/es\/wp-json\/wp\/v2\/categories?post=144226"},{"taxonomy":"post_tag","embeddable":true,"href":"https:\/\/www.europesays.com\/es\/wp-json\/wp\/v2\/tags?post=144226"}],"curies":[{"name":"wp","href":"https:\/\/api.w.org\/{rel}","templated":true}]}}