{"id":144234,"date":"2025-09-28T12:38:09","date_gmt":"2025-09-28T12:38:09","guid":{"rendered":"https:\/\/www.europesays.com\/es\/144234\/"},"modified":"2025-09-28T12:38:09","modified_gmt":"2025-09-28T12:38:09","slug":"polonia-cierra-parcialmente-su-espacio-aereo-y-activa-sus-sistemas-de-defensa-por-los-ataques-de-rusia-en-ucrania","status":"publish","type":"post","link":"https:\/\/www.europesays.com\/es\/144234\/","title":{"rendered":"Polonia cierra parcialmente su espacio a\u00e9reo y activa sus sistemas de defensa por los ataques de Rusia en Ucrania"},"content":{"rendered":"<p class=\"L6-news-detail__text\">El Mando Operativo de las Fuerzas Armadas <b><a title=\"de Polonia\" href=\"https:\/\/www.lasexta.com\/temas\/polonia-1\" target=\"_blank\" rel=\"nofollow noopener\">de Polonia<\/a><\/b> ha informado que han desplegado cazas y que han activado adem\u00e1s sistemas de defensa a\u00e9rea como<b> medida \u00abpreventiva\u00bb <\/b>despu\u00e9s de los \u00faltimos ataques <b><a title=\"de Rusia\" href=\"https:\/\/www.lasexta.com\/temas\/rusia-1\" target=\"_blank\" rel=\"nofollow noopener\">de Rusia<\/a><\/b> sobre <b><a title=\"Ucrania\" href=\"https:\/\/www.lasexta.com\/temas\/ucrania-1\" target=\"_blank\" rel=\"nofollow noopener\">Ucrania<\/a><\/b>. Adem\u00e1s, han cerrado parcialmente su espacio a\u00e9reo para <b>\u00abgarantizar la seguridad y proteger a la poblaci\u00f3n\u00bb.<\/b><\/p>\n<p class=\"L6-news-detail__text\">Las fuerzas a\u00e9reas polacas, en coordinaci\u00f3n con los pa\u00edses aliados, han comenzado a operar en su espacio a\u00e9reo como reacci\u00f3n a esos ataques lanzados por la aviaci\u00f3n de largo alcance rusa en territorio ucraniano. Adem\u00e1s, se\u00f1alan que han llevado a cabo dichas actuaciones \u00abde acuerdo con los procedimientos aplicables\u00bb y activando <b>\u00abtodas las fuerzas y los recursos a su disposici\u00f3n\u00bb.<\/b><\/p>\n<p class=\"L6-news-detail__text\">Como parte de la operaci\u00f3n, las autoridades militares de Polonia han reforzado la vigilancia en las regiones fronterizas para seguir la situaci\u00f3n actual mientras mantienen<b> \u00absus fuerzas y recursos subordinados listos <\/b>para una respuesta inmediata\u00bb.<\/p>\n<p class=\"L6-news-detail__text\">Estas medidas se producen despu\u00e9s de varios d\u00edas en los que el Ej\u00e9rcito ruso ha realizado diversas maniobras que han violado el espacio a\u00e9reo de pa\u00edses como Estonia, miembro <b><a title=\"de la OTAN\" href=\"https:\/\/www.lasexta.com\/temas\/otan-1\" target=\"_blank\" rel=\"nofollow noopener\">de la OTAN<\/a><\/b>, y tambi\u00e9n el del propio pa\u00eds polaco. El Gobierno estonio catalog\u00f3 <b>el incidente como \u00abinaceptable\u00bb<\/b>, despu\u00e9s de que tres cazas de Rusia sobrevolaran durante varios minutos en su territorio.<\/p>\n<p class=\"L6-news-detail__text\">Adem\u00e1s, aseguraban que las aeronaves rusas carec\u00edan de planes de vuelo y que sus transpondedores estaban<b> desactivados para evitar su detecci\u00f3n.<\/b><\/p>\n<p class=\"L6-news-detail__text\">Por su parte, horas antes de dicha invasi\u00f3n rusa al espacio a\u00e9reo de Estonia, <b>Polonia ya denunci\u00f3 que dos aviones de combate de Rusia <\/b>sobrevolaron \u00aba baja altura\u00bb la plataforma petrol\u00edfera Petrobaltic, ubicada en el mar B\u00e1ltico.<\/p>\n<p class=\"L6-news-detail__text\">\u00abLos servicios de seguridad polacos supervisan constantemente la situaci\u00f3n en la infraestructura mar\u00edtima cr\u00edtica, <b>incluso m\u00e1s all\u00e1 de las aguas territoriales polacas\u00bb<\/b>, ha dicho en redes sociales la unidad mar\u00edtima de la Guardia Fronteriza.<\/p>\n<p class=\"L6-news-detail__text\">Varsovia inform\u00f3 adem\u00e1s de que los dos aviones rusos han violado <b>\u00abla zona de seguridad de la plataforma\u00bb.<\/b> \u00abSe ha notificado a las Fuerzas Armadas polacas y a otros servicios\u00bb, a\u00f1adi\u00f3 el Ej\u00e9rcito polaco sin dar m\u00e1s detalles.<\/p>\n<p class=\"L6-news-detail__text\">Las medidas de Polonia en relaci\u00f3n a su espacio a\u00e9reo llegan adem\u00e1s despu\u00e9s de las palabras de Sergei Lavrov, ministro de Exteriores de Rusia, en la Asamblea General de la ONU. En ella, advirti\u00f3 a la OTAN y a la Uni\u00f3n Europea de que <b>cualquier acci\u00f3n contra sus drones o aviones \u00abtendr\u00e1 una respuesta\u00bb.<\/b><\/p>\n<p>Rusia golpea Kyiv<\/p>\n<p class=\"L6-news-detail__text\">Mientras, Rusia ha lanzado sobre Kyiv uno de sus m\u00e1s duros y mort\u00edferos ataques desde el comienzo de la guerra en Ucrania. En total, su ofensiva a la capital ucraniana <b>ha dejado al menos cuatro muertos y 10 personas heridas<\/b> en unos bombardeos que se centraron sobre todo en el distrito de Solomiansk.<\/p>\n<p class=\"L6-news-detail__text\">Entre los fallecidos, tal y como informa el Servicio Estatal de Emergencias de Ucrania, <b>hay una menor de edad.<\/b><\/p>\n<p class=\"L6-news-detail__text\">Adem\u00e1s, un ataque ruso<b> sobre Zaporiyia ha dejado al menos 22 heridos.<\/b> \u00abEl enemigo ha lanzado al menos ocho ataques contra el territorio de la ciudad de Zaporiyia, desde las 01:00 hasta las 05:30\u00bb, ha comunicado el gobernador de la provincia, Ivan Fedorov.<\/p>\n<p class=\"L6-news-detail__text\"><b><a title=\"*Sigue a laSexta en Google. Toda la actualidad y el mejor contenido aqu\u00ed.\" href=\"https:\/\/profile.google.com\/cp\/CgkvbS8wZG5xejA\" target=\"_blank\" rel=\"nofollow noopener\">*Sigue a laSexta en Google. Toda la actualidad y el mejor contenido aqu\u00ed.<\/a><\/b><\/p>\n<p class=\"L6-support-news-video__title\">A dos ruedas<\/p>\n<p>            <a href=\"https:\/\/www.lasexta.com\/noticias\/sociedad\/carril-bici-yinkana-ciclistas-denuncian-invasion-vehiculos-peatones-aseguran-que-peligroso_2025092868d8f9683ce0ad1de8848e71.html\" class=\"L6-news__link\" rel=\"nofollow noopener\" target=\"_blank\"><br \/>\n                De carril bici a yinkana: los ciclistas denuncian la invasi\u00f3n de veh\u00edculos y peatones y aseguran que es \u00abpeligroso\u00bb<\/p>\n<p class=\"recirculation-video-desc\">Los detalles Una ciudadana de Valencia sostiene que intenta poner de su parte e ir a diferentes lugares en bicicleta para hacer la ciudad m\u00e1s sostenible: \u00abA veces te dan ganas de coger el coche\u00bb.<\/p>\n<p>            <\/a><\/p>\n","protected":false},"excerpt":{"rendered":"El Mando Operativo de las Fuerzas Armadas de Polonia ha informado que han desplegado cazas y que han&hellip;\n","protected":false},"author":2,"featured_media":144235,"comment_status":"","ping_status":"","sticky":false,"template":"","format":"standard","meta":{"footnotes":""},"categories":[42],"tags":[17,18,13,14,11,61,62,63,64,19,20,9,10,15,16,12,21,22,65,66,67],"class_list":{"0":"post-144234","1":"post","2":"type-post","3":"status-publish","4":"format-standard","5":"has-post-thumbnail","7":"category-internacional","8":"tag-breaking-news","9":"tag-breakingnews","10":"tag-featured-news","11":"tag-featurednews","12":"tag-headlines","13":"tag-internacional","14":"tag-international","15":"tag-international-news","16":"tag-internationalnews","17":"tag-latest-news","18":"tag-latestnews","19":"tag-news","20":"tag-noticias","21":"tag-noticias-destacadas","22":"tag-noticiasdestacadas","23":"tag-titulares","24":"tag-ultimas-noticias","25":"tag-ultimasnoticias","26":"tag-world","27":"tag-world-news","28":"tag-worldnews"},"share_on_mastodon":{"url":"","error":""},"_links":{"self":[{"href":"https:\/\/www.europesays.com\/es\/wp-json\/wp\/v2\/posts\/144234","targetHints":{"allow":["GET"]}}],"collection":[{"href":"https:\/\/www.europesays.com\/es\/wp-json\/wp\/v2\/posts"}],"about":[{"href":"https:\/\/www.europesays.com\/es\/wp-json\/wp\/v2\/types\/post"}],"author":[{"embeddable":true,"href":"https:\/\/www.europesays.com\/es\/wp-json\/wp\/v2\/users\/2"}],"replies":[{"embeddable":true,"href":"https:\/\/www.europesays.com\/es\/wp-json\/wp\/v2\/comments?post=144234"}],"version-history":[{"count":0,"href":"https:\/\/www.europesays.com\/es\/wp-json\/wp\/v2\/posts\/144234\/revisions"}],"wp:featuredmedia":[{"embeddable":true,"href":"https:\/\/www.europesays.com\/es\/wp-json\/wp\/v2\/media\/144235"}],"wp:attachment":[{"href":"https:\/\/www.europesays.com\/es\/wp-json\/wp\/v2\/media?parent=144234"}],"wp:term":[{"taxonomy":"category","embeddable":true,"href":"https:\/\/www.europesays.com\/es\/wp-json\/wp\/v2\/categories?post=144234"},{"taxonomy":"post_tag","embeddable":true,"href":"https:\/\/www.europesays.com\/es\/wp-json\/wp\/v2\/tags?post=144234"}],"curies":[{"name":"wp","href":"https:\/\/api.w.org\/{rel}","templated":true}]}}