{"id":144251,"date":"2025-09-28T12:50:09","date_gmt":"2025-09-28T12:50:09","guid":{"rendered":"https:\/\/www.europesays.com\/es\/144251\/"},"modified":"2025-09-28T12:50:09","modified_gmt":"2025-09-28T12:50:09","slug":"boris-izaguirre-responde-a-maria-pombo-semanas-despues-de-sus-polemicas-palabras-sobre-la-lectura","status":"publish","type":"post","link":"https:\/\/www.europesays.com\/es\/144251\/","title":{"rendered":"Boris Izaguirre responde a Mar\u00eda Pombo semanas despu\u00e9s de sus pol\u00e9micas palabras sobre la lectura"},"content":{"rendered":"<p>Cuando parec\u00eda que las aguas se hab\u00edan calmado respecto a <a href=\"https:\/\/www.huffingtonpost.es\/virales\/maria-pombo-no-sois-mejores-guste-leer.html\" rel=\"nofollow noopener\" target=\"_blank\">las palabras de Mar\u00eda Pombo sobre leer<\/a>, el presentador y periodista Boris Izaguirre ha finiquitado el tema respondiendo con claridad y contundencia.<\/p>\n<p>\u00abCreo que hay que empezar a superar que <a href=\"https:\/\/www.huffingtonpost.es\/virales\/muchos-acuerdan-maria-pombo-frase-arturo-perezreverte-el-hormiguero.html\" rel=\"nofollow noopener\" target=\"_blank\">hay gente a la que no le gusta leer<\/a> y encima no sois mejores porque os guste leer\u00bb, pronunci\u00f3 la popular creadora de contenido. Las redes sociales se llenaron de reacciones e incluso hubo comentarios por parte de escritores como Miguel Gane y <a href=\"https:\/\/www.huffingtonpost.es\/virales\/preguntan-escritor-frances-michel-houellebecq-lio-maria-pombo-debate-sobre-leer-sorprende-respuesta.html\" rel=\"nofollow noopener\" target=\"_blank\">el pol\u00e9mico Michel Houellebecq.<\/a><\/p>\n<p>\u00abYo s\u00ed leo internet, no como Mar\u00eda Pombo, <b>que no lee nada, porque tampoco lee los comentarios que le hacen<\/b>\u00ab, ha pronunciado al principio de la entrevista en el p\u00f3dcast &#8216;Lo que t\u00fa digas&#8217;, presentado por \u00c1lex Fidalgo (<a href=\"https:\/\/www.tiktok.com\/@lqtdradio\/video\/7554816007408209174\" rel=\"nofollow noopener\" target=\"_blank\">@lqtdradio<\/a>).<\/p>\n<p>\u00abQue ella lo que ha dicho es que leer no te hace mejor, <b>estoy completamente en desacuerdo con ella y la prueba soy yo mismo<\/b>. A lo mejor ella tambi\u00e9n est\u00e1 en desacuerdo conmigo, \u00bfentiendes? Y no le parecer\u00e1 una prueba suficiente\u00bb, ha a\u00f1adido.<\/p>\n<p>Sin duda, para Izaguirre leer ha sido \u00abesencial\u00bb para que \u00e9l pueda tomar todas las decisiones que ha ido tomando a lo largo de su vida, sobre todo para tener la actitud que tiene \u00abante las desgracias, ante el populismo, ante las noticias falsas, ante la carencia total de credibilidad de muchos de los debates que en este momento se sostienen en este pa\u00eds y <b>que no hacen m\u00e1s que avanzar un pensamiento con el que nunca puedo estar de acuerdo<\/b>\u00ab.<\/p>\n<p>Este pensamiento es uno <b>\u00abopresor, molesto, que se irrita f\u00e1cilmente y que lo que quiere es subyugarte para dominarte\u00bb<\/b>. Ha concluido razonando no tener tan claro \u00abque una persona como Mar\u00eda Pombo tenga la misma actitud\u00bb.<\/p>\n<p>En cuanto a reacciones, algunos creen que aunque no lo haya dicho directamente, pareciera que le hubiera <b>\u00abllamado facha por no leer\u00bb<\/b>. Por otro lado, la gran mayor\u00eda ha defendido que leer \u00absolo da cosas positivas\u00bb. \u00abLeer te da conocimiento, pero no te hace mejor\u00bb, ha opinado otra usuaria.<\/p>\n<p><script async src=\"\/\/www.tiktok.com\/embed.js\"><\/script><\/p>\n","protected":false},"excerpt":{"rendered":"Cuando parec\u00eda que las aguas se hab\u00edan calmado respecto a las palabras de Mar\u00eda Pombo sobre leer, el&hellip;\n","protected":false},"author":2,"featured_media":144252,"comment_status":"","ping_status":"","sticky":false,"template":"","format":"standard","meta":{"footnotes":""},"categories":[174],"tags":[44520,255,146,147,25,24,256,1807,9127,23],"class_list":{"0":"post-144251","1":"post","2":"type-post","3":"status-publish","4":"format-standard","5":"has-post-thumbnail","7":"category-famosos","8":"tag-boris-izaguirre","9":"tag-celebrities","10":"tag-entertainment","11":"tag-entretenimiento","12":"tag-es","13":"tag-espana","14":"tag-famosos","15":"tag-lectura","16":"tag-maria-pombo","17":"tag-spain"},"share_on_mastodon":{"url":"","error":""},"_links":{"self":[{"href":"https:\/\/www.europesays.com\/es\/wp-json\/wp\/v2\/posts\/144251","targetHints":{"allow":["GET"]}}],"collection":[{"href":"https:\/\/www.europesays.com\/es\/wp-json\/wp\/v2\/posts"}],"about":[{"href":"https:\/\/www.europesays.com\/es\/wp-json\/wp\/v2\/types\/post"}],"author":[{"embeddable":true,"href":"https:\/\/www.europesays.com\/es\/wp-json\/wp\/v2\/users\/2"}],"replies":[{"embeddable":true,"href":"https:\/\/www.europesays.com\/es\/wp-json\/wp\/v2\/comments?post=144251"}],"version-history":[{"count":0,"href":"https:\/\/www.europesays.com\/es\/wp-json\/wp\/v2\/posts\/144251\/revisions"}],"wp:featuredmedia":[{"embeddable":true,"href":"https:\/\/www.europesays.com\/es\/wp-json\/wp\/v2\/media\/144252"}],"wp:attachment":[{"href":"https:\/\/www.europesays.com\/es\/wp-json\/wp\/v2\/media?parent=144251"}],"wp:term":[{"taxonomy":"category","embeddable":true,"href":"https:\/\/www.europesays.com\/es\/wp-json\/wp\/v2\/categories?post=144251"},{"taxonomy":"post_tag","embeddable":true,"href":"https:\/\/www.europesays.com\/es\/wp-json\/wp\/v2\/tags?post=144251"}],"curies":[{"name":"wp","href":"https:\/\/api.w.org\/{rel}","templated":true}]}}