{"id":144269,"date":"2025-09-28T13:02:08","date_gmt":"2025-09-28T13:02:08","guid":{"rendered":"https:\/\/www.europesays.com\/es\/144269\/"},"modified":"2025-09-28T13:02:08","modified_gmt":"2025-09-28T13:02:08","slug":"feijoo-propone-una-visa-por-puntos-para-solicitar-el-imv-que-beneficie-a-los-inmigrantes-que-mejor-se-integren","status":"publish","type":"post","link":"https:\/\/www.europesays.com\/es\/144269\/","title":{"rendered":"Feij\u00f3o propone una \u00abvisa por puntos\u00bb para solicitar el IMV que beneficie a los inmigrantes que mejor se integren"},"content":{"rendered":"<p class=\"articleParagraph\">El presidente del Partido Popular, Alberto N\u00fa\u00f1ez Feij\u00f3o, ha comparecido en el acto que ha reunido a sus barones en Murcia y ha detallado <b>algunas de las propuestas de su partido en pol\u00edtica migratoria<\/b>. Entre ellas se encuentra un \u00ab<b>visado por puntos\u00bb<\/b> que prime la entrada en el pa\u00eds de <b>\u00abquien conoce mejor\u00bb la cultura espa\u00f1ola<\/b>; de aquellos que tienen <b>\u00abmayor capacidad de integraci\u00f3n\u00bb<\/b> y de quienes quieran trabajar en los sectores profesionales donde hay <b>\u00abfalta de mano de obra\u00bb. <\/b><\/p>\n<p class=\"articleParagraph\">Asimismo, el l\u00edder de la oposici\u00f3n ha se\u00f1alado que los inmigrantes <b>\u00abhan de cumplir la ley y si no lo hacen se ir\u00e1n de nuestro pa\u00eds\u00bb<\/b>. De esta forma se van conociendo m\u00e1s detalles de una de las \u00faltimas propuestas &#8216;populares&#8217; que es la l<b>imitaci\u00f3n del acceso al Ingreso M\u00ednimo Vital.<\/b><\/p>\n<p class=\"articleParagraph\">Del mismo modo, ha ratificado que la pol\u00edtica migratoria de su formaci\u00f3n est\u00e1 <b>fundamentada en el principio de que para permanecer en el pa\u00eds es necesario contribuir.<\/b> Igualmente, ha expresado que en estos momentos miles de personas pueden entrar <b>\u00abilegalmente y sin voluntad de trabajar\u00bb<\/b>, empadronarse, reclamar el arraigo sin requisitos de permanencia ni contrato y despu\u00e9s <b>solicitar prestaciones como el IMV<\/b>. Por tanto, ha defendido que aquellos que trabajan tengan acceso a todos los derechos, no as\u00ed los que vienen a <b>\u00abvivir de los que trabajan\u00bb. <\/b><\/p>\n<p>\u00bfQu\u00e9 requisitos tendr\u00e1n que tener aquellos que soliciten el IMV seg\u00fan la nueva reforma del PP?<\/p>\n<p class=\"articleParagraph\">Tal y como ha avanzado el diario &#8216;El Mundo&#8217;, los populares entienden que esta medida naci\u00f3 para <b>\u00abproteger a quien lo necesita de verdad, no para convertirse en un efecto llamada\u00bb<\/b>. Por tanto, y seg\u00fan ha podido saber el peri\u00f3dico, algunas de las reformas que propondr\u00e1 el PP ser\u00e1n:<\/p>\n<ul class=\"articleList\">\n<li class=\"articleList-item\">Residir legal y de forma efectiva en Espa\u00f1a durante <b>al menos el a\u00f1o anterior<\/b> a la solicitud.<\/li>\n<li class=\"articleList-item\">Encontrarse en <b>situaci\u00f3n de vulnerabilidad econ\u00f3mica<\/b>, acreditando que los ingresos y patrimonio no superan los umbrales (que parten desde los 658 euros para una persona que vive sola).<\/li>\n<li class=\"articleList-item\">Formar parte de una <b>unidad de<\/b><b>convivencia reconocida<\/b> o, en su defecto, acreditar la emancipaci\u00f3n.<\/li>\n<li class=\"articleList-item\">Tener <b>entre 23 y 65 a\u00f1os<\/b> (salvo menores de esa edad con hijos a cargo).<\/li>\n<\/ul>\n<p>Carga contra S\u00e1nchez por el plant\u00f3n de Bego\u00f1a G\u00f3mez a Peinado<\/p>\n<p class=\"articleParagraph\">Por otra parte, el l\u00edder de la oposici\u00f3n tambi\u00e9n ha tenido palabras para el plant\u00f3n de la esposa del presidente del Gobierno, Bego\u00f1a G\u00f3mez, al juez Peinado, quien le iba a comunicar que ser\u00eda juzgada por un jurado popular en la causa que investiga la contrataci\u00f3n de su ayudante en Moncloa. Feij\u00f3o ha aseverado que <b>\u00abquien no tiene nada que ocultar no se esconde\u00bb<\/b>. Adem\u00e1s, ha a\u00f1adido que este s\u00e1bado se ha podido comprobar que el hermano del presidente, David S\u00e1nchez, <b>\u00abno era el \u00fanico que se ocultaba en La Moncloa\u00bb.<\/b><\/p>\n<p class=\"articleParagraph\">Feij\u00f3o ha aseverado que se siente <b>\u00aborgulloso\u00bb <\/b>de vivir en un pa\u00eds en el que la Justicia <b>\u00abno hace distinciones entre los ciudadanos y hace valer la igualdad ante la ley\u00bb, <\/b>al tiempo que ha reincidido en su apoyo a la labor que realizan los tribunales, jueces y a la independencia de la instituci\u00f3n.<\/p>\n<p class=\"articleParagraph\">Por \u00faltimo, el presidente del PP ha se\u00f1alado que Espa\u00f1a est\u00e1 instalada en el <b>\u00abacuario de los esc\u00e1ndalos del se\u00f1or S\u00e1nchez\u00bb<\/b> y ha vaticinado que el l\u00edder del Ejecutivo \u00abva a acabar mal\u00bb.<\/p>\n","protected":false},"excerpt":{"rendered":"El presidente del Partido Popular, Alberto N\u00fa\u00f1ez Feij\u00f3o, ha comparecido en el acto que ha reunido a sus&hellip;\n","protected":false},"author":2,"featured_media":144270,"comment_status":"","ping_status":"","sticky":false,"template":"","format":"standard","meta":{"footnotes":""},"categories":[8],"tags":[17,18,25,24,13,14,11,19,20,9,10,15,16,23,12,21,22],"class_list":{"0":"post-144269","1":"post","2":"type-post","3":"status-publish","4":"format-standard","5":"has-post-thumbnail","7":"category-espana","8":"tag-breaking-news","9":"tag-breakingnews","10":"tag-es","11":"tag-espana","12":"tag-featured-news","13":"tag-featurednews","14":"tag-headlines","15":"tag-latest-news","16":"tag-latestnews","17":"tag-news","18":"tag-noticias","19":"tag-noticias-destacadas","20":"tag-noticiasdestacadas","21":"tag-spain","22":"tag-titulares","23":"tag-ultimas-noticias","24":"tag-ultimasnoticias"},"share_on_mastodon":{"url":"","error":""},"_links":{"self":[{"href":"https:\/\/www.europesays.com\/es\/wp-json\/wp\/v2\/posts\/144269","targetHints":{"allow":["GET"]}}],"collection":[{"href":"https:\/\/www.europesays.com\/es\/wp-json\/wp\/v2\/posts"}],"about":[{"href":"https:\/\/www.europesays.com\/es\/wp-json\/wp\/v2\/types\/post"}],"author":[{"embeddable":true,"href":"https:\/\/www.europesays.com\/es\/wp-json\/wp\/v2\/users\/2"}],"replies":[{"embeddable":true,"href":"https:\/\/www.europesays.com\/es\/wp-json\/wp\/v2\/comments?post=144269"}],"version-history":[{"count":0,"href":"https:\/\/www.europesays.com\/es\/wp-json\/wp\/v2\/posts\/144269\/revisions"}],"wp:featuredmedia":[{"embeddable":true,"href":"https:\/\/www.europesays.com\/es\/wp-json\/wp\/v2\/media\/144270"}],"wp:attachment":[{"href":"https:\/\/www.europesays.com\/es\/wp-json\/wp\/v2\/media?parent=144269"}],"wp:term":[{"taxonomy":"category","embeddable":true,"href":"https:\/\/www.europesays.com\/es\/wp-json\/wp\/v2\/categories?post=144269"},{"taxonomy":"post_tag","embeddable":true,"href":"https:\/\/www.europesays.com\/es\/wp-json\/wp\/v2\/tags?post=144269"}],"curies":[{"name":"wp","href":"https:\/\/api.w.org\/{rel}","templated":true}]}}