{"id":144291,"date":"2025-09-28T13:16:08","date_gmt":"2025-09-28T13:16:08","guid":{"rendered":"https:\/\/www.europesays.com\/es\/144291\/"},"modified":"2025-09-28T13:16:08","modified_gmt":"2025-09-28T13:16:08","slug":"el-nuevo-viaje-de-el-principito-secuela-del-libro-de-saint-exupery-que-sigue-fascinando","status":"publish","type":"post","link":"https:\/\/www.europesays.com\/es\/144291\/","title":{"rendered":"&#8216;El nuevo viaje de El Principito&#8217;, secuela del libro de Saint-Exup\u00e9ry que sigue fascinando"},"content":{"rendered":"<p data-gtm-element-container=\"modulo-texto-link\" class=\"paragraph\">Madrid, 28 sep (EFE).- \u201d\u00bfQu\u00e9 hace moderno &#8216;El Principito&#8217;?, los mensajes que aborda, que se dirigen a toda la humanidad y que fascinan a las nuevas generaciones\u201d, lo dice el sobrino nieto de Antoine Saint-Exup\u00e9ry, Olivier D&#8217;Agay, que est\u00e1 \u201cencantado\u201d de la secuela del escritor Eloy Moreno, &#8216;El nuevo viaje de El Principito&#8217;, presentado este domingo.<\/p>\n<p data-gtm-element-container=\"modulo-texto-link\" class=\"paragraph\">El libro, editado por Salamandra e ilustrado por David Sierra, cuenta con la aprobaci\u00f3n oficial de la Fondation Antoine Saint-Exup\u00e9ry pour la Jeunesse y forma parte de la Biblioteca Saint-Exup\u00e9ry, una colecci\u00f3n dedicada a preservar y expandir el legado del autor franc\u00e9s. La novela se ha presentado hoy en el Teatro Capitol de Madrid ante un auditorio de mil personas,<\/p>\n<p data-gtm-element-container=\"modulo-texto-link\" class=\"paragraph\">En un audio remitido a EFE, D&#8217;Augay, que no ha podido acudir al evento de Madrid por tener covid, explica que la modernidad de &#8216;El Principito&#8217;, 80 a\u00f1os despu\u00e9s, reside en sus preguntas sobre temas universales como la muerte, el sentido de la vida o el medio ambiente, un asunto este \u00faltimo que preocupaba especialmente a Saint-Exup\u00e9ry.<\/p>\n<p data-gtm-element-container=\"modulo-texto-link\" class=\"paragraph\">\u201cEl Principito es un defensor del planeta, limpia el volc\u00e1n todos los d\u00edas\u201d y es que la protecci\u00f3n del medio ambiente es un asunto que siempre ha fascinado al autor, pero tambi\u00e9n aborda la tolerancia, el entendimiento entre los pueblos y las culturas y sobre todo la paz en el mundo.<\/p>\n<p data-gtm-element-container=\"modulo-texto-link\" class=\"paragraph\">D&#8217;Agay se muestra orgulloso de la obra de Saint-Exup\u00e9ry \u201cmuy bien escrita, con dibujos m\u00e1gicos\u201d y temas que son \u201cmuy bien percibidos por las generaciones m\u00e1s j\u00f3venes\u201d.<\/p>\n<p data-gtm-element-container=\"modulo-texto-link\" class=\"paragraph\">&#8216;El Principito&#8217;, con sus 640 versiones, es el libro m\u00e1s traducido del mundo despu\u00e9s de la Biblia.<\/p>\n<p data-gtm-element-container=\"modulo-texto-link\" class=\"paragraph\">La secuela de Moreno, muy respetuosa<\/p>\n<p data-gtm-element-container=\"modulo-texto-link\" class=\"paragraph\">El sobrino nieto de Saint-Exup\u00e9ry considera que la secuela de Moreno (&#8216;El nuevo viaje de El Principito&#8217;) es \u201cmuy respetuosa y una se\u00f1al de que la obra sigue viva y que la generaci\u00f3n actual necesita apropiarse de esta obra y el personaje\u201d.<\/p>\n<p data-gtm-element-container=\"modulo-texto-link\" class=\"paragraph\">El nuevo libro, explica D&#8217;Agay, recrea un nuevo encuentro entre el piloto (que es su t\u00edo Antoine) y el Principito, que conoci\u00f3 en el desierto egipcio en 1936 durante un accidente de su avi\u00f3n.<\/p>\n<p data-gtm-element-container=\"modulo-texto-link\" class=\"paragraph\">\u201cAl recrear este encuentro creo que Moreno necesita apropiarse del significado de este encuentro y redescubre la gran emoci\u00f3n que emana y que emerge del libro\u201d, ha comentado.<\/p>\n<p data-gtm-element-container=\"modulo-texto-link\" class=\"paragraph\">\u201cCompartir el significado de este encuentro en un entorno m\u00e1s actual, lo entiendo y lo apoyo. Es muy importante que las nuevas generaciones se apropien de este Principito y sus mensajes\u201d ha a\u00f1adido D&#8217;Agay.<\/p>\n<p data-gtm-element-container=\"modulo-texto-link\" class=\"paragraph\">Seg\u00fan ha informado la editorial Salamandra (sello de Penguin Random House) en este nuevo viaje, el Principito se encuentra con situaciones que representan los problemas actuales, con la amistad y la empat\u00eda como hilos conductores y Moreno, que recientemente bati\u00f3 el r\u00e9cord Guinness de libros firmados en 12 horas con 11.088 ejemplares, aporta su caracter\u00edstica sensibilidad para abordar estos temas universales. EFE<\/p>\n<p data-gtm-element-container=\"modulo-texto-link\" class=\"paragraph\">bf\/jlp<\/p>\n","protected":false},"excerpt":{"rendered":"Madrid, 28 sep (EFE).- \u201d\u00bfQu\u00e9 hace moderno &#8216;El Principito&#8217;?, los mensajes que aborda, que se dirigen a toda&hellip;\n","protected":false},"author":2,"featured_media":134164,"comment_status":"","ping_status":"","sticky":false,"template":"","format":"standard","meta":{"footnotes":""},"categories":[172],"tags":[224,146,147,25,24,225,23],"class_list":{"0":"post-144291","1":"post","2":"type-post","3":"status-publish","4":"format-standard","5":"has-post-thumbnail","7":"category-libros","8":"tag-books","9":"tag-entertainment","10":"tag-entretenimiento","11":"tag-es","12":"tag-espana","13":"tag-libros","14":"tag-spain"},"share_on_mastodon":{"url":"","error":""},"_links":{"self":[{"href":"https:\/\/www.europesays.com\/es\/wp-json\/wp\/v2\/posts\/144291","targetHints":{"allow":["GET"]}}],"collection":[{"href":"https:\/\/www.europesays.com\/es\/wp-json\/wp\/v2\/posts"}],"about":[{"href":"https:\/\/www.europesays.com\/es\/wp-json\/wp\/v2\/types\/post"}],"author":[{"embeddable":true,"href":"https:\/\/www.europesays.com\/es\/wp-json\/wp\/v2\/users\/2"}],"replies":[{"embeddable":true,"href":"https:\/\/www.europesays.com\/es\/wp-json\/wp\/v2\/comments?post=144291"}],"version-history":[{"count":0,"href":"https:\/\/www.europesays.com\/es\/wp-json\/wp\/v2\/posts\/144291\/revisions"}],"wp:featuredmedia":[{"embeddable":true,"href":"https:\/\/www.europesays.com\/es\/wp-json\/wp\/v2\/media\/134164"}],"wp:attachment":[{"href":"https:\/\/www.europesays.com\/es\/wp-json\/wp\/v2\/media?parent=144291"}],"wp:term":[{"taxonomy":"category","embeddable":true,"href":"https:\/\/www.europesays.com\/es\/wp-json\/wp\/v2\/categories?post=144291"},{"taxonomy":"post_tag","embeddable":true,"href":"https:\/\/www.europesays.com\/es\/wp-json\/wp\/v2\/tags?post=144291"}],"curies":[{"name":"wp","href":"https:\/\/api.w.org\/{rel}","templated":true}]}}