{"id":144300,"date":"2025-09-28T13:22:03","date_gmt":"2025-09-28T13:22:03","guid":{"rendered":"https:\/\/www.europesays.com\/es\/144300\/"},"modified":"2025-09-28T13:22:03","modified_gmt":"2025-09-28T13:22:03","slug":"diario-de-la-san-diego-comic-con-de-malaga-dia-4-hasta-la-vista-baby-ocio-y-cultura","status":"publish","type":"post","link":"https:\/\/www.europesays.com\/es\/144300\/","title":{"rendered":"Diario de la San Diego Comic-Con de M\u00e1laga | D\u00eda 4: Hasta la vista, baby | Ocio y cultura"},"content":{"rendered":"<p class=\"loc\">M\u00e1laga<\/p>\n<p>Hoy es el \u00faltimo d\u00eda y, antes de seguir insistiendo en lo alucinante que es estar aqu\u00ed -que lo es- no ser\u00eda honesto no empezar esta \u00faltima cr\u00f3nica (o quiz\u00e1s la pen\u00faltima) explicando c\u00f3mo miles de personas han tenido que hacer colas largu\u00edsimas \u2014hasta para echar agua en sus cantimploras\u2014 para entrar a los eventos m\u00e1s importantes o, simplemente, para pasar a la zona principal donde estaban todos los expositores.<\/p>\n<p>M\u00e1s informaci\u00f3n<\/p>\n<p>Quer\u00eda dejarlo anotado lo primero porque creo que, para el a\u00f1o que viene, la organizaci\u00f3n tiene muchas cosas que mejorar en ese sentido, en un festival que est\u00e1 siendo alucinante en cuanto a contenidos. <\/p>\n<p>Dicho esto, escribo este \u00faltimo (o pen\u00faltimo) post en este diario despu\u00e9s de haber charlado con una ilustradora que me ha contado c\u00f3mo ha amortizado -en ventas- el viaje. Estaba euf\u00f3rica, ha vendido un mont\u00f3n y ha hecho un mont\u00f3n de contactos y de futuros clientes. Me he alegrado mucho por ella. Os recomiendo que la sig\u00e1is porque hace ilustraciones para ropa y otros objetos muy chulas. Se llama @sara_vidigal<\/p>\n<p>Eso ha sido mientras esperaba para la masterclass que ha dado Arnold Schwarzenegger. Est\u00e1bamos hasta nerviosos sentados en las primeras filas. <\/p>\n<p>Al entrar, casi se cae el hall principal. Ha sido muy emocionante verle tan mayor. Es una persona que forma parte de nuestras vidas como icono, casi como si fuera alguien de nuestra familia. <\/p>\n<p>Le hemos visto en Conan, en Terminator, en Desaf\u00edo total, en decenas de pel\u00edculas que nos han hecho vivir aut\u00e9nticos sue\u00f1os, y ha sido un privilegio poder verle diciendo su m\u00edtico \u201cHasta la vista, baby\u201d.<\/p>\n<p>Ha contado muchas cosas y no se pod\u00eda grabar la charla pero me quedo con su reflexi\u00f3n final, en la que habl\u00f3 de su etapa como gobernador republicano de California. <\/p>\n<p>M\u00e1s informaci\u00f3n<\/p>\n<p>Probablemente no est\u00e9 de acuerdo con la mayor\u00eda de su programa pol\u00edtico, pero ha terminado diciendo que \u201cno nos dejemos llevar por el odio, que no odiemos a nuestros rivales aunque los tengamos\u201d. Se ha llevado un tremendo aplauso y, si se me permite la broma, me ha parecido bonito, teniendo en cuenta que Arnold Schwarzenegger es una de las personas que m\u00e1s gente se ha cargado en la pantalla en sus pel\u00edculas. <\/p>\n<p>De hecho, ha bromeado sobre la competici\u00f3n que ten\u00eda con Sylvester Stallone a ver qui\u00e9n hab\u00eda matado m\u00e1s gente en las pelis de Rambo y Comando. Gan\u00f3 el, por cierto. <\/p>\n<p>Como gran recuerdo de esta Comic-Con, me quedo tambi\u00e9n con Norman Reedus firm\u00e1ndole a un friki de los videojuegos su copia del magn\u00edfico Death Stranding. <\/p>\n<p>Le preguntamos en la rueda de prensa, y not\u00e9 que el trabajo que hab\u00eda hecho en The Walking Dead le motivaba mucho m\u00e1s. Le gusta matar zombies pero sobre todo le gusta la reflexi\u00f3n sobre el mundo, sobre cuidarnos entre nosotros, sobre querernos, que hace la serie. Me da la sensaci\u00f3n de que su presencia en el videojuego de Hideo Kojima le ha nutrido menos. A\u00fan as\u00ed, es alucinante cruzarte y tener tan cerca a una cara tan conocida como la suya. Estaba tambi\u00e9n la actriz que hace de Carol en la serie. Su aspecto es gr\u00e1cil y elegante. Su mirada es la de una mujer apacible, nada atormentada, como el personaje que interpreta. Durante un segundo nos miramos, me sonri\u00f3 y pens\u00e9 que estaba junto a ella en alguno de los momentos bonitos y tranquilos de TWD, que no son muchos. <\/p>\n<p>Me gust\u00f3 tambi\u00e9n ver a Noriega y a Jaenada que participan en este spin-off de The Walking Dead que ahora se est\u00e1 rodando en Espa\u00f1a. Senti mucho orgullo de ver a estos dos actorazos en primera l\u00ednea. Se lo merecen. <\/p>\n<p>En fin, que en mi tono seguro que se nota que se va acabando poco a poco la Comic-Con. Ya quedan muy poquitas horas y sigo viendo cosplayers alucinantes. Sigo echando fotos, guardando recuerdos. Un tipo vestido de Iron Man me ha estado contando c\u00f3mo construy\u00f3 su traje con fibra de vidrio mientras me dec\u00eda: \u201cMira, toca, toca aqu\u00ed\u201d. <\/p>\n<p>Mientras que habl\u00e1bamos un ni\u00f1o se nos ha acercado y, como si fuera el mism\u00edsimo Iron Man, le ha chocado la mano. <\/p>\n<p>Yo creo que ese chaval, por la cara que ten\u00eda, va a so\u00f1ar esta noche con que de verdad ha conocido al aut\u00e9ntico Iron Man. Y creo que de eso trata la Comic-Con.<\/p>\n<p>Es verdad que ha hecho calor, es verdad que las colas han sido insoportables, es verdad que los precios han sido, en muchos casos, desorbitados, y es verdad que para el a\u00f1o que viene la organizaci\u00f3n y M\u00e1laga tienen que reflexionar sobre muchas cosas.<\/p>\n<p>Pero tambi\u00e9n es verdad que hemos tenido el privilegio de estar aqu\u00ed. Nos llevamos cientos, miles de recuerdos imborrables, que se quedan para siempre en nuestra cabeza y que esperamos volver a repetir muchos a\u00f1os m\u00e1s en este c\u00e1lido lugar. <\/p>\n<p>Hasta el a\u00f1o que viene, Comic-Con.<\/p>\n","protected":false},"excerpt":{"rendered":"M\u00e1laga Hoy es el \u00faltimo d\u00eda y, antes de seguir insistiendo en lo alucinante que es estar aqu\u00ed&hellip;\n","protected":false},"author":2,"featured_media":144301,"comment_status":"","ping_status":"","sticky":false,"template":"","format":"standard","meta":{"footnotes":""},"categories":[91],"tags":[146,147,25,24,23],"class_list":{"0":"post-144300","1":"post","2":"type-post","3":"status-publish","4":"format-standard","5":"has-post-thumbnail","7":"category-entretenimiento","8":"tag-entertainment","9":"tag-entretenimiento","10":"tag-es","11":"tag-espana","12":"tag-spain"},"share_on_mastodon":{"url":"","error":""},"_links":{"self":[{"href":"https:\/\/www.europesays.com\/es\/wp-json\/wp\/v2\/posts\/144300","targetHints":{"allow":["GET"]}}],"collection":[{"href":"https:\/\/www.europesays.com\/es\/wp-json\/wp\/v2\/posts"}],"about":[{"href":"https:\/\/www.europesays.com\/es\/wp-json\/wp\/v2\/types\/post"}],"author":[{"embeddable":true,"href":"https:\/\/www.europesays.com\/es\/wp-json\/wp\/v2\/users\/2"}],"replies":[{"embeddable":true,"href":"https:\/\/www.europesays.com\/es\/wp-json\/wp\/v2\/comments?post=144300"}],"version-history":[{"count":0,"href":"https:\/\/www.europesays.com\/es\/wp-json\/wp\/v2\/posts\/144300\/revisions"}],"wp:featuredmedia":[{"embeddable":true,"href":"https:\/\/www.europesays.com\/es\/wp-json\/wp\/v2\/media\/144301"}],"wp:attachment":[{"href":"https:\/\/www.europesays.com\/es\/wp-json\/wp\/v2\/media?parent=144300"}],"wp:term":[{"taxonomy":"category","embeddable":true,"href":"https:\/\/www.europesays.com\/es\/wp-json\/wp\/v2\/categories?post=144300"},{"taxonomy":"post_tag","embeddable":true,"href":"https:\/\/www.europesays.com\/es\/wp-json\/wp\/v2\/tags?post=144300"}],"curies":[{"name":"wp","href":"https:\/\/api.w.org\/{rel}","templated":true}]}}