{"id":144312,"date":"2025-09-28T13:28:08","date_gmt":"2025-09-28T13:28:08","guid":{"rendered":"https:\/\/www.europesays.com\/es\/144312\/"},"modified":"2025-09-28T13:28:08","modified_gmt":"2025-09-28T13:28:08","slug":"fallece-javier-garcia-cuesta-exseleccionador-nacional-de-balonmano-y-primer-hispano-que-dio-asturias","status":"publish","type":"post","link":"https:\/\/www.europesays.com\/es\/144312\/","title":{"rendered":"Fallece Javier Garc\u00eda Cuesta, exseleccionador nacional de balonmano y primer &#8216;Hispano&#8217; que dio Asturias"},"content":{"rendered":"<p><a class=\"v-mdl-ath__fig-a\" href=\"https:\/\/www.elcomercio.es\/autor\/carlos-amado-5088.html\" title=\"Carlos Amado\" rel=\"nofollow noopener\" target=\"_blank\"><br \/>\n<img decoding=\"async\" class=\"v-mdl-ath__img\" src=\"https:\/\/www.europesays.com\/es\/wp-content\/uploads\/2025\/09\/autor-5088-foto-1.jpeg\" alt=\"Carlos Amado\"\/><br \/>\n<\/a><\/p>\n<p class=\"v-mdl-ath__p v-mdl-ath__p--6\">\nDomingo, 28 de septiembre 2025, 15:15<\/p>\n<p class=\"v-p\">Uno de los grandes baluartes del balonmano espa\u00f1ol e internacional, el asturiano <a href=\"https:\/\/www.elcomercio.es\/deportes\/balonmano\/considero-hombre-balonmano-20200118014547-ntvo.html\" data-voc-vtm-id=\"in-text-traffic\" title=\"Javier Garc\u00eda Cuesta\" data-mrf-link=\"www.elcomercio.es\" rel=\"nofollow noopener\" target=\"_blank\">Javier Garc\u00eda Cuesta<\/a> (Mieres, 1947) ha fallecido este domingo en Gij\u00f3n. Retirado de los banquillos desde 2018 tras m\u00e1s de medio siglo dedicado a este deporte, Garc\u00eda Cuesta,que tambi\u00e9n fue uno de los primeros jugadores internacionales que sali\u00f3 del Principado, est\u00e1 considerado un aut\u00e9ntico maestro del balonmano a nivel mundial despu\u00e9s de ejercer su magisterio al frente de cinco selecciones nacionales de tres continentes distintos, entre ella la espa\u00f1ola, con la que disput\u00f3, entre otras competiciones internacionales, los Juegos Ol\u00edmpicos de Barcelona. Dirigi\u00f3 a Estados Unidos en varias etapas, as\u00ed como tambi\u00e9n a Egipto, Brasil y Portugal. Tras retirarse en 2020, pasaba largas etapas entre Estados Unidos y Asturias, una tierra con la que nunca perdi\u00f3 el v\u00ednculo y en la que conserva a sus mejores amigos. Plasm\u00f3 su trayectoria en el libro &#8217;50 a\u00f1os en el deporte&#8217;, publicado en 2021.<\/p>\n<p class=\"v-p\">Gijon\u00e9s de adopci\u00f3n, Garc\u00eda Cuesta comenz\u00f3 a jugar al deporte al que dedicar\u00eda toda su vida en el Colegio Coraz\u00f3n de Mar\u00eda, de la mano del tambi\u00e9n hist\u00f3rico seleccionador nacional Jos\u00e9 Antonio Roncero. Durante su estapa en Bilbao, donde fue a estudiar Econ\u00f3micas, jug\u00f3 en La Salle Beyena, equipo desde el que el Atl\u00e9tico de Madrid le fich\u00f3, desde el que dio el salto a la Selecci\u00f3n espa\u00f1ola. Fue capit\u00e1n de Espa\u00f1a, con la que disput\u00f3 63 encuentros oficiales entre 1968 y 1975, formando parte, junto con el tambi\u00e9n asturiano Faustino Villamar\u00edn, de la primera Selecci\u00f3n espa\u00f1ola que se clasific\u00f3 y particip\u00f3 en unos Juegos Ol\u00edmpicos, los de M\u00fanich de 1972. Tambi\u00e9n disput\u00f3 el Campeonato del Mundo de la de 1974, celebrado en la antigual Rep\u00fablica Democr\u00e1tica Alemana.<\/p>\n<p class=\"v-p\">Se convirti\u00f3 en entrenador nacional de Balonmano en 1971, logrando el n\u00famero uno de su promoci\u00f3n y se licenci\u00f3 en Educaci\u00f3n F\u00edsica por el I.N.E.F. de Madrid, realizando la maestr\u00eda en balonmano (1975) y en futbol (1978) y, finalizada su etapa como jugador, pas\u00f3 m\u00e1s de media vida impartiendo su magisterio desde los banquillos.<\/p>\n<p class=\"v-p\">Fue preparador f\u00edsico del Atl\u00e9tico de Madrid de f\u00fatbol en 1976, cuando le ofreci\u00f3 la posibilidad Luis Aragon\u00e9s. Luego estuvo ocho a\u00f1os en Estados Unidos. A continuaci\u00f3n se enrol\u00f3 dos en el hist\u00f3rico Teka de Santander, fue cuatro seleccionador espa\u00f1ol e hizo otro par\u00e9ntesis en el proyecto americano. Pas\u00f3 despu\u00e9s cuatro a\u00f1os en Egipto y regres\u00f3 a la Federaci\u00f3n Espa\u00f1ola como director t\u00e9cnico para irse a Brasil del 2009 a 2012 con vistas a cerrar su carrera, en su \u00faltimo periplo, en Estados Unidos del 2013 al 2018.<\/p>\n<p class=\"v-p\">Entre sus principales \u00e9xitos figura la clasificaci\u00f3n de Estados Unidos para los Juegos de Se\u00fal y la de Egipto para los Juegos de Sidney. Con Portugal consigui\u00f3 el mejor resultado en un Europeo.<\/p>\n<p>Reporta un error<\/p>\n","protected":false},"excerpt":{"rendered":"Domingo, 28 de septiembre 2025, 15:15 Uno de los grandes baluartes del balonmano espa\u00f1ol e internacional, el asturiano&hellip;\n","protected":false},"author":2,"featured_media":144313,"comment_status":"","ping_status":"","sticky":false,"template":"","format":"standard","meta":{"footnotes":""},"categories":[278],"tags":[1770,376,5191,168,13653,25,24,44545,5992,3142,375,37483,5264,813,977,23,167],"class_list":{"0":"post-144312","1":"post","2":"type-post","3":"status-publish","4":"format-standard","5":"has-post-thumbnail","7":"category-balonmano","8":"tag-asturias","9":"tag-balonmano","10":"tag-cuesta","11":"tag-deportes","12":"tag-dio","13":"tag-es","14":"tag-espana","15":"tag-exseleccionador","16":"tag-fallece","17":"tag-garcia","18":"tag-handball","19":"tag-hispano","20":"tag-javier","21":"tag-nacional","22":"tag-primer","23":"tag-spain","24":"tag-sports"},"share_on_mastodon":{"url":"","error":""},"_links":{"self":[{"href":"https:\/\/www.europesays.com\/es\/wp-json\/wp\/v2\/posts\/144312","targetHints":{"allow":["GET"]}}],"collection":[{"href":"https:\/\/www.europesays.com\/es\/wp-json\/wp\/v2\/posts"}],"about":[{"href":"https:\/\/www.europesays.com\/es\/wp-json\/wp\/v2\/types\/post"}],"author":[{"embeddable":true,"href":"https:\/\/www.europesays.com\/es\/wp-json\/wp\/v2\/users\/2"}],"replies":[{"embeddable":true,"href":"https:\/\/www.europesays.com\/es\/wp-json\/wp\/v2\/comments?post=144312"}],"version-history":[{"count":0,"href":"https:\/\/www.europesays.com\/es\/wp-json\/wp\/v2\/posts\/144312\/revisions"}],"wp:featuredmedia":[{"embeddable":true,"href":"https:\/\/www.europesays.com\/es\/wp-json\/wp\/v2\/media\/144313"}],"wp:attachment":[{"href":"https:\/\/www.europesays.com\/es\/wp-json\/wp\/v2\/media?parent=144312"}],"wp:term":[{"taxonomy":"category","embeddable":true,"href":"https:\/\/www.europesays.com\/es\/wp-json\/wp\/v2\/categories?post=144312"},{"taxonomy":"post_tag","embeddable":true,"href":"https:\/\/www.europesays.com\/es\/wp-json\/wp\/v2\/tags?post=144312"}],"curies":[{"name":"wp","href":"https:\/\/api.w.org\/{rel}","templated":true}]}}