{"id":144314,"date":"2025-09-28T13:29:36","date_gmt":"2025-09-28T13:29:36","guid":{"rendered":"https:\/\/www.europesays.com\/es\/144314\/"},"modified":"2025-09-28T13:29:36","modified_gmt":"2025-09-28T13:29:36","slug":"feria-de-san-miguel-en-la-maestranza-un-torrente-de-exigencia-cultura","status":"publish","type":"post","link":"https:\/\/www.europesays.com\/es\/144314\/","title":{"rendered":"Feria de San Miguel en La Maestranza: Un torrente de exigencia | Cultura"},"content":{"rendered":"<p class=\"\">No fue nada f\u00e1cil la corrida de Victoriano del R\u00edo, de bonitas hechuras y astifinos pitones, mansa en el caballo, codiciosa en banderillas y exigente en el tercio final, a excepci\u00f3n del blando y muy descastado primero. Una corrida para toreros muy dispuestos, desbordantes de firmeza, arrojo y entrega.<\/p>\n<p class=\"\">Y ese fue el comportamiento de la terna, con fama de artistas los tres, y cada cual lo demostr\u00f3 a su modo, pero decididos a no dejarse ganar la pelea por esos toros de muy escasa clase y corto recorrido, que derrocharon genio, miradas comprometidas y violencia en ocasiones.<\/p>\n<p class=\"\">Volv\u00eda a La Maestranza David de Miranda en sustituci\u00f3n de Manzanares, y ha dejado muy alto el pabell\u00f3n de su torer\u00eda. Ha vuelto a demostrar que no es solo torero de pellizco, sino que le adorna un valor desmedido, capaz de levantar pasiones en el tendido. Hay arrimones para la galer\u00eda, ante un toro por lo general afligido y sin vida; y hay arrimones de verdad, de los que ponen un nudo en la garganta porque el hombre se juega la vida sin cuento alguno. Y esa ha sido la disposici\u00f3n del torero onubense ante su primero, de corto viaje y reacio a la obediencia. De Miranda se plant\u00f3 en el albero, vertical la figura, y trag\u00f3 como si tal cosa los arreones de un animal \u00e1spero y arisco que repart\u00eda peligro en cada embestida. El tendido se asust\u00f3 y vibr\u00f3 como en las tardes grandes. El toro no acab\u00f3 de romper, pero roto estaba el torero de arrojo y entrega. Hab\u00eda comenzado con dos grandes ver\u00f3nicas de recibo, un ce\u00f1ido quite por saltilleras en respuesta a otro de preciosas chicuelinas de Pablo Aguado, ayudados por alto en el inicio del \u00faltimo tercio, muletazos pre\u00f1ados de poder\u00edo, unas bernadinas ajustadas y una estocada que puso punto y final a una actuaci\u00f3n plet\u00f3rica de firmeza y valor. Muy violento fue el comportamiento del quinto ante el que no se arredr\u00f3 despu\u00e9s de hacer un quite providencial a su subalterno C\u00e1ndido Ruiz, que resbal\u00f3 en la cara del toro. Aguant\u00f3 de nuevo una catarata de malos modos, pero la faena no alcanz\u00f3 el vuelo deseado.<\/p>\n<p class=\"\">Como no pudo alcanzarlo Juan Ortega con el blando y protestado primer toro de la tarde, sin gracia y deslucido. Se luci\u00f3 ante el cuarto, el m\u00e1s completo de la corrida, que cumpli\u00f3 en varas, demostr\u00f3 alegr\u00eda en banderillas y embisti\u00f3 despu\u00e9s con una constante codicia. Ortega se gust\u00f3 por bajo con la zurda, sorprendido por el toro antes de brindar al p\u00fablico, y despu\u00e9s con la derecha del mismo modo. Se esforz\u00f3 en acoplarse a la acelerada y repetidora embestida de su oponente, lo que consigui\u00f3 en una labor est\u00e9tica y de menos poder\u00edo del esperado. Lo intent\u00f3 con el capote y destac\u00f3 en un quite de dos ver\u00f3nicas y media en ese toro, y en otro por templadas tafalleras en el sexto.<\/p>\n<p class=\"\">Ese toro sexto se lo brind\u00f3 Pablo Aguado a Salvador N\u00fa\u00f1ez, picador de su cuadrilla, que se retir\u00f3 de los ruedos, pero el sevillano no pudo responder con una faena de triunfo. Tuvo detalles de calidad y buen gusto, pero no m\u00e1s ante un animal al que le costaba un mundo repetir la embestida. Inc\u00f3modo y sin clase fue el tercero, ante el que no se afligi\u00f3 su matador, y al que recibi\u00f3, al igual que al \u00faltimo, con un manojo de buenas ver\u00f3nicas. Por cierto, el \u00faltimo de la tarde volte\u00f3 de modo espectacular al subalterno Francisco Javier S\u00e1nchez Araujo al salir de un par de banderillas, y tras una paliza en dos tiempos, le infiri\u00f3 una cornada de 10 cm. en el muslo izquierdo de pron\u00f3stico menos grave.<\/p>\n<p>Del R\u00edo\/Ortega, De Miranda, Aguado<\/p>\n<p>Toros de <strong>Victoriano del R\u00edo<\/strong>, -el tercero, devuelto al partirse un pit\u00f3n contra un burladero-, bien presentados, de bonitas hechuras, mansurrones en los caballos, a excepci\u00f3n del cumplidor cuarto. Descastados y sin clase los tres primero, codicioso el cuarto, violento el quinto y aplomado el sexto.<\/p>\n<p><strong>Juan Ortega<\/strong>: estocada baja (silencio); estocada baja (oreja).<\/p>\n<p><strong>David de Miranda<\/strong>: estocada baja (oreja); estocada ca\u00edda (ovaci\u00f3n).<\/p>\n<p><strong>Pablo Aguado<\/strong>: estocada atravesada (silencio); pinchazo y estocada (ovaci\u00f3n).<\/p>\n<p><strong>Plaza de toros de La Maestranza<\/strong>. 26 de septiembre. Primera corrida de la Feria de San Miguel. Lleno de \u2018no hay billetes\u2019.\u00a0Se guard\u00f3 un minuto de silencio en memoria de Mar\u00eda del Mar Trist\u00e1n, subdirectora de la Banda de M\u00fasica del Maestro Tejera. Se despidi\u00f3 del toreo el picador Salvador N\u00fa\u00f1ez, de la cuadrilla de Paco Aguado, tras 35 a\u00f1os en activo. Son\u00f3 la m\u00fasica en su honor en el segundo puyazo al sexto, y su jefe de filas le brind\u00f3 la muerte del toro.<\/p>\n","protected":false},"excerpt":{"rendered":"No fue nada f\u00e1cil la corrida de Victoriano del R\u00edo, de bonitas hechuras y astifinos pitones, mansa en&hellip;\n","protected":false},"author":2,"featured_media":144315,"comment_status":"","ping_status":"","sticky":false,"template":"","format":"standard","meta":{"footnotes":""},"categories":[277],"tags":[259,373,209,168,25,24,4035,22064,4037,23,167,374,444],"class_list":{"0":"post-144314","1":"post","2":"type-post","3":"status-publish","4":"format-standard","5":"has-post-thumbnail","7":"category-toreo","8":"tag-andalucia","9":"tag-bullfighting","10":"tag-cultura","11":"tag-deportes","12":"tag-es","13":"tag-espana","14":"tag-juan-ortega","15":"tag-la-maestranza","16":"tag-pablo-aguado","17":"tag-spain","18":"tag-sports","19":"tag-toreo","20":"tag-toros"},"share_on_mastodon":{"url":"","error":""},"_links":{"self":[{"href":"https:\/\/www.europesays.com\/es\/wp-json\/wp\/v2\/posts\/144314","targetHints":{"allow":["GET"]}}],"collection":[{"href":"https:\/\/www.europesays.com\/es\/wp-json\/wp\/v2\/posts"}],"about":[{"href":"https:\/\/www.europesays.com\/es\/wp-json\/wp\/v2\/types\/post"}],"author":[{"embeddable":true,"href":"https:\/\/www.europesays.com\/es\/wp-json\/wp\/v2\/users\/2"}],"replies":[{"embeddable":true,"href":"https:\/\/www.europesays.com\/es\/wp-json\/wp\/v2\/comments?post=144314"}],"version-history":[{"count":0,"href":"https:\/\/www.europesays.com\/es\/wp-json\/wp\/v2\/posts\/144314\/revisions"}],"wp:featuredmedia":[{"embeddable":true,"href":"https:\/\/www.europesays.com\/es\/wp-json\/wp\/v2\/media\/144315"}],"wp:attachment":[{"href":"https:\/\/www.europesays.com\/es\/wp-json\/wp\/v2\/media?parent=144314"}],"wp:term":[{"taxonomy":"category","embeddable":true,"href":"https:\/\/www.europesays.com\/es\/wp-json\/wp\/v2\/categories?post=144314"},{"taxonomy":"post_tag","embeddable":true,"href":"https:\/\/www.europesays.com\/es\/wp-json\/wp\/v2\/tags?post=144314"}],"curies":[{"name":"wp","href":"https:\/\/api.w.org\/{rel}","templated":true}]}}