{"id":144316,"date":"2025-09-28T13:32:12","date_gmt":"2025-09-28T13:32:12","guid":{"rendered":"https:\/\/www.europesays.com\/es\/144316\/"},"modified":"2025-09-28T13:32:12","modified_gmt":"2025-09-28T13:32:12","slug":"prefabricada-y-de-90-mts2","status":"publish","type":"post","link":"https:\/\/www.europesays.com\/es\/144316\/","title":{"rendered":"prefabricada y de 90 mts2"},"content":{"rendered":"<p>Pese a tener una carrera consolidada y un futuro econ\u00f3mico pr\u00e1cticamente garantizado, el tenista espa\u00f1ol <a href=\"https:\/\/bolavip.com\/cl\/tema\/carlos-alcaraz\" target=\"_blank\" title=\"Carlos Alcaraz\" rel=\"nofollow noopener\">Carlos Alcaraz<\/a> <strong>sigue mostrando al mundo que mantiene un estilo de vida sencillo y humilde<\/strong>, algo que revel\u00f3 en su documental de Netflix, donde confes\u00f3 que a\u00fan reside junto a sus padres en una peque\u00f1a habitaci\u00f3n, tal como lo hacen muchos j\u00f3venes que a\u00fan no han abandonado el hogar familiar.\u00a0<\/p>\n<p>Sin embargo en los \u00faltimos meses la situaci\u00f3n ha cambiado, aunque no del todo. Y es que seg\u00fan dieron a conocer varios medios espa\u00f1oles, <strong>el actual n\u00famero uno del ranking ATP decidi\u00f3 adquirir peque\u00f1a una casa prefabricada de madera de unos 90 metros cuadrados dentro de las instalaciones de la Academia Equelite de Villena, en Alicante.<\/strong><\/p>\n<p>   <img decoding=\"async\" alt=\"\" aria-hidden=\"true\" class=\"i-amphtml-intrinsic-sizer\" role=\"presentation\" src=\"data:image\/svg+xml;base64,PHN2ZyBoZWlnaHQ9IjY4MyIgd2lkdGg9IjEwMjQiIHhtbG5zPSJodHRwOi8vd3d3LnczLm9yZy8yMDAwL3N2ZyIgdmVyc2lvbj0iMS4xIi8+\"\/> Carlos Alcaraz adquiri\u00f3 una humilde casa prefabricada de madera (Getty Images). <\/p>\n<p>El hogar se ubica dentro de un<strong> complejo de alto rendimiento fundado por Juan Carlos Ferrero, su entrenador, que abarca 120.000 m\u00b2 de terreno e incluye pistas de tenis, gimnasio, sala de estudios, piscina, restaurante y espacios comunes<\/strong> para entrenamiento y recuperaci\u00f3n.<a href=\"https:\/\/www.eldebate.com\/espana\/comunidad-valenciana\/20250610\/asi-casa-prefabricada-vive-carlos-alcaraz-puebloalicante_305727.html?utm_source=chatgpt.com\" target=\"_blank\" title=\"\u00a0\" rel=\"nofollow noopener\">\u00a0<\/a><\/p>\n<p>Tras su entrada al Top 100 del ranking, Alcaraz fue trasladado all\u00ed tras vivir en una caba\u00f1a prefabricada m\u00e1s peque\u00f1a, de unos 25 m\u00b2, cuenta con varias habitaciones, espacio para descanso y un jard\u00edn, lo justo para que encuentre calma y concentraci\u00f3n entre entrenamientos y competencias.<\/p>\n<p><strong>Alcaraz ha explicado que pasar tiempo en este entorno le aporta descanso real, desconecta del ruido medi\u00e1tico y le permite mantener la rutina sin distracciones<\/strong>, todo esto mientras el nacido en El Palmar sigue su camino en el ATP 500 de Tokio y busca un nuevo t\u00edtulo este 2025.\u00a0<\/p>\n<p> As\u00ed es la casa que adquiri\u00f3 Carlos Alcaraz  <img decoding=\"async\" alt=\"\" aria-hidden=\"true\" class=\"i-amphtml-intrinsic-sizer\" role=\"presentation\" src=\"data:image\/svg+xml;base64,PHN2ZyBoZWlnaHQ9IjEwMDciIHdpZHRoPSIxMDA3IiB4bWxucz0iaHR0cDovL3d3dy53My5vcmcvMjAwMC9zdmciIHZlcnNpb249IjEuMSIvPg==\"\/> Foto: Ferrero Academy  <img decoding=\"async\" alt=\"\" aria-hidden=\"true\" class=\"i-amphtml-intrinsic-sizer\" role=\"presentation\" src=\"data:image\/svg+xml;base64,PHN2ZyBoZWlnaHQ9IjEwMjQiIHdpZHRoPSIxMDI0IiB4bWxucz0iaHR0cDovL3d3dy53My5vcmcvMjAwMC9zdmciIHZlcnNpb249IjEuMSIvPg==\"\/> Foto: Ferrero Academy  <img decoding=\"async\" alt=\"\" aria-hidden=\"true\" class=\"i-amphtml-intrinsic-sizer\" role=\"presentation\" src=\"data:image\/svg+xml;base64,PHN2ZyBoZWlnaHQ9IjY4MyIgd2lkdGg9IjEwMjQiIHhtbG5zPSJodHRwOi8vd3d3LnczLm9yZy8yMDAwL3N2ZyIgdmVyc2lvbj0iMS4xIi8+\"\/> Foto: Ferrero Academy<\/p>\n","protected":false},"excerpt":{"rendered":"Pese a tener una carrera consolidada y un futuro econ\u00f3mico pr\u00e1cticamente garantizado, el tenista espa\u00f1ol Carlos Alcaraz sigue&hellip;\n","protected":false},"author":2,"featured_media":144317,"comment_status":"","ping_status":"","sticky":false,"template":"","format":"standard","meta":{"footnotes":""},"categories":[274],"tags":[545,168,25,24,23,167,327,326],"class_list":{"0":"post-144316","1":"post","2":"type-post","3":"status-publish","4":"format-standard","5":"has-post-thumbnail","7":"category-tenis","8":"tag-carlos-alcaraz","9":"tag-deportes","10":"tag-es","11":"tag-espana","12":"tag-spain","13":"tag-sports","14":"tag-tenis","15":"tag-tennis"},"share_on_mastodon":{"url":"","error":""},"_links":{"self":[{"href":"https:\/\/www.europesays.com\/es\/wp-json\/wp\/v2\/posts\/144316","targetHints":{"allow":["GET"]}}],"collection":[{"href":"https:\/\/www.europesays.com\/es\/wp-json\/wp\/v2\/posts"}],"about":[{"href":"https:\/\/www.europesays.com\/es\/wp-json\/wp\/v2\/types\/post"}],"author":[{"embeddable":true,"href":"https:\/\/www.europesays.com\/es\/wp-json\/wp\/v2\/users\/2"}],"replies":[{"embeddable":true,"href":"https:\/\/www.europesays.com\/es\/wp-json\/wp\/v2\/comments?post=144316"}],"version-history":[{"count":0,"href":"https:\/\/www.europesays.com\/es\/wp-json\/wp\/v2\/posts\/144316\/revisions"}],"wp:featuredmedia":[{"embeddable":true,"href":"https:\/\/www.europesays.com\/es\/wp-json\/wp\/v2\/media\/144317"}],"wp:attachment":[{"href":"https:\/\/www.europesays.com\/es\/wp-json\/wp\/v2\/media?parent=144316"}],"wp:term":[{"taxonomy":"category","embeddable":true,"href":"https:\/\/www.europesays.com\/es\/wp-json\/wp\/v2\/categories?post=144316"},{"taxonomy":"post_tag","embeddable":true,"href":"https:\/\/www.europesays.com\/es\/wp-json\/wp\/v2\/tags?post=144316"}],"curies":[{"name":"wp","href":"https:\/\/api.w.org\/{rel}","templated":true}]}}