{"id":144320,"date":"2025-09-28T13:35:12","date_gmt":"2025-09-28T13:35:12","guid":{"rendered":"https:\/\/www.europesays.com\/es\/144320\/"},"modified":"2025-09-28T13:35:12","modified_gmt":"2025-09-28T13:35:12","slug":"estas-son-las-notas-y-el-1x1-del-unicaja-en-la-supercopa-endesa-2025","status":"publish","type":"post","link":"https:\/\/www.europesays.com\/es\/144320\/","title":{"rendered":"Estas son las notas y el 1&#215;1 del Unicaja en la Supercopa Endesa 2025"},"content":{"rendered":"<p>            <a href=\"https:\/\/www.merchanendirecto.es\/wp-content\/uploads\/2025\/09\/RS834885_Firmar-acb-Photo-Mariano-Pozo-1-scaled.webp\" data-caption=\"Chris Duarte ante el Valencia Basket.&#010;Foto: ACB Photo.&#010;(Mariano Pozo).\" rel=\"nofollow noopener\" target=\"_blank\"><img loading=\"lazy\" decoding=\"async\" width=\"696\" height=\"461\" class=\"entry-thumb td-modal-image\" src=\"https:\/\/www.europesays.com\/es\/wp-content\/uploads\/2025\/09\/RS834885_Firmar-acb-Photo-Mariano-Pozo-1-696x461.webp.webp\"   alt=\"\" title=\"Estas son las notas y el 1x1 del Unicaja en la Supercopa Endesa\"\/><\/a>Chris Duarte ante el Valencia Basket.<br \/>\nFoto: ACB Photo.<br \/>\n(Mariano Pozo).<\/p>\n<p><a href=\"https:\/\/www.merchanendirecto.es\/unicaja\/cronica-un-unicaja-en-construccion-no-llega-a-la-final-de-la-supercopa-endesa-valencia\/\" target=\"_blank\" rel=\"noreferrer noopener nofollow\">Se acaba la <strong>aventura cajista<\/strong> en la <strong>primera competici\u00f3n nacional<\/strong> del <strong>curso<\/strong>.<\/a> No han conseguido revalidar t\u00edtulo, romper la maldici\u00f3n de alzar trofeo en el Carpena, ni de que sea el anfitri\u00f3n de la Supercopa Endesa el que se corone. <strong>Derrota<\/strong> en las <strong>semifinales<\/strong> ante el <strong>Valencia Basket<\/strong> por <strong>87-93<\/strong>. No obstante, <strong>mucho positivo<\/strong>. Por un lado, la <strong>imagen del equipo<\/strong>. <strong>Sensaciones<\/strong> mejores que en <strong>Singapur<\/strong>, con un <strong>juego<\/strong> que recuerda m\u00e1s al <strong><a href=\"https:\/\/www.merchanendirecto.es\/unicaja\/ibon-navarro-la-temporada-de-verdad-para-nosotros-empieza-la-semana-que-viene\/\" target=\"_blank\" rel=\"noreferrer noopener nofollow\">cl\u00e1sico \u2018plan\u2019<\/a><\/strong>. En segundo, la <strong>rotaci\u00f3n<\/strong>. A coger <strong>minutos<\/strong> y entrar en <strong>din\u00e1mica cajista<\/strong> todos. As\u00ed, <strong>estas son las notas y el 1\u00d71 del Unicaja en la Supercopa Endesa 2025<\/strong>.<\/p>\n<p><strong>Xavier Casta\u00f1eda (3) <\/strong>Se mostr\u00f3 confiado a la hora de subir el bal\u00f3n pero a\u00fan m\u00e1s con el aro. No encontraba acierto pero se ve\u00eda m\u00e1s din\u00e1mico que en otras citas con el ataque. Tambi\u00e9n m\u00e1s r\u00e1pido a la hora de encarar y ejecutar el tiro.<\/p>\n<p><strong>James Webb III (7,5)<\/strong>\u00a0Firme, en su l\u00ednea. Salto potente para asegurar el bal\u00f3n tras intento de tiro. Sigue consagr\u00e1ndose como gran incorporaci\u00f3n. No ha tenido su d\u00eda desde el per\u00edmetro pero ha estado batallando como el que m\u00e1s.<\/p>\n<p><strong>Tyler Kalinoski (5)<\/strong>\u00a0El MVP de la Intercontinental ha vuelto a demostrar que el reconocimiento individual no es ning\u00fan regalo. Inteligencia con patas. Sin embargo, no estaba tan en gracia como en Singapur, era dif\u00edcil igualar aquel acierto. Garra en defensa para sumar a sus 8 puntos.<\/p>\n<p><strong>Alberto D\u00edaz (4)<\/strong>\u00a0No ha tenido su d\u00eda en ataque. En defensa como acostumbra, sabio en las ayudas y atento con su hombre.<\/p>\n<p><strong>Chris Duarte (7)<\/strong>\u00a0Suelto, divertido y l\u00edder, sin intenci\u00f3n de llevarse el protagonismo, simplemente haciendo lo que mejor se le da. Un 2\/7 desde el triple ha sido lo que no le ha terminado de dejar despegar hoy. A\u00fan as\u00ed 13 puntos y 5 rebotes para el dominicano.<\/p>\n<p><strong>Jonathan Barreiro (6,5)<\/strong>\u00a0Sustent\u00f3 al Unicaja en el tercer cuarto, gracias a \u00e9l los suyos siguieron vivos. Grande en defensa, a\u00fan m\u00e1s en ataque. No hab\u00eda jugador que lo moviese si sus pies se hab\u00edan plantado.<\/p>\n<p><strong>Emir Sulejmanovic (7,5)<\/strong>\u00a0La pintura le teme o es su mejor amiga, no est\u00e1 claro. No le hace falta ser m\u00e1s f\u00edsico para bailar a la perfecci\u00f3n en la zona. Traje de cogerebotes, ni m\u00e1s ni menos que 11 capturas para el bosnio y 4 asistencias.<\/p>\n<p><strong>Nihad Djedovic (6)<\/strong>\u00a0Veteran\u00eda que se luce en los partidos de este calibre. Muy intenso y sin problema alguno para cargarse con kil\u00f3metros. 7 puntos y 4 rebotes para \u00e9l.<\/p>\n<p><strong>David Kravish (7,5)<\/strong>\u00a0Hoy ha sido de los importantes. 14 puntos, aunque especialmente acertado en el inicio (9) y 5 asistencias. Ha estado activo en la pintura, luchador.<\/p>\n<p><strong>Killian Tillie (3)<\/strong>\u00a0Se ha echado en falta su manita desde el triple, solo 1\/5 desde el per\u00edmetro. Ha tenido algunas luces, pero especialmente ausente en esencia hoy.<\/p>\n<p><strong>Kendrick Perry (7,5)<\/strong>\u00a0Es alma absoluta, ha salido muy bien y no se ha mantenido mal. Al igual que la mayor\u00eda de sus compa\u00f1eros no ha sido su d\u00eda con m\u00e1s acierto. A\u00fan as\u00ed, 12 puntos, 3 rebotes y 5 asistencias para el de pasaporte montenegrino.<\/p>\n<p><strong>Olek Balcerowski (6,5)<\/strong>\u00a0En cuanto coge confianza marca diferencias, no obstante, a poco que comete errores se deshincha. Ha estado bien el polaco, mejor de lo que acostumbra pero con mucho margen por rellenar. En el tercer cuarto ha sido otro de los claves para seguir en la batalla con 6 puntos. En total, 10 puntos y 2 rebotes con su firma.<\/p>\n","protected":false},"excerpt":{"rendered":"Chris Duarte ante el Valencia Basket. Foto: ACB Photo. (Mariano Pozo). Se acaba la aventura cajista en la&hellip;\n","protected":false},"author":2,"featured_media":144321,"comment_status":"","ping_status":"","sticky":false,"template":"","format":"standard","meta":{"footnotes":""},"categories":[269],"tags":[299,298,168,25,24,23,167,42919,9231,2916],"class_list":{"0":"post-144320","1":"post","2":"type-post","3":"status-publish","4":"format-standard","5":"has-post-thumbnail","7":"category-baloncesto","8":"tag-baloncesto","9":"tag-basketball","10":"tag-deportes","11":"tag-es","12":"tag-espana","13":"tag-spain","14":"tag-sports","15":"tag-supercopa-endesa-2025","16":"tag-unicaja-malaga","17":"tag-valencia-basket"},"share_on_mastodon":{"url":"","error":""},"_links":{"self":[{"href":"https:\/\/www.europesays.com\/es\/wp-json\/wp\/v2\/posts\/144320","targetHints":{"allow":["GET"]}}],"collection":[{"href":"https:\/\/www.europesays.com\/es\/wp-json\/wp\/v2\/posts"}],"about":[{"href":"https:\/\/www.europesays.com\/es\/wp-json\/wp\/v2\/types\/post"}],"author":[{"embeddable":true,"href":"https:\/\/www.europesays.com\/es\/wp-json\/wp\/v2\/users\/2"}],"replies":[{"embeddable":true,"href":"https:\/\/www.europesays.com\/es\/wp-json\/wp\/v2\/comments?post=144320"}],"version-history":[{"count":0,"href":"https:\/\/www.europesays.com\/es\/wp-json\/wp\/v2\/posts\/144320\/revisions"}],"wp:featuredmedia":[{"embeddable":true,"href":"https:\/\/www.europesays.com\/es\/wp-json\/wp\/v2\/media\/144321"}],"wp:attachment":[{"href":"https:\/\/www.europesays.com\/es\/wp-json\/wp\/v2\/media?parent=144320"}],"wp:term":[{"taxonomy":"category","embeddable":true,"href":"https:\/\/www.europesays.com\/es\/wp-json\/wp\/v2\/categories?post=144320"},{"taxonomy":"post_tag","embeddable":true,"href":"https:\/\/www.europesays.com\/es\/wp-json\/wp\/v2\/tags?post=144320"}],"curies":[{"name":"wp","href":"https:\/\/api.w.org\/{rel}","templated":true}]}}