{"id":144324,"date":"2025-09-28T13:37:08","date_gmt":"2025-09-28T13:37:08","guid":{"rendered":"https:\/\/www.europesays.com\/es\/144324\/"},"modified":"2025-09-28T13:37:08","modified_gmt":"2025-09-28T13:37:08","slug":"si-mar-flores-no-me-cita-en-sus-memorias-es-porque-cree-que-no-me-la-tome-en-serio-pero-si-lo-hice","status":"publish","type":"post","link":"https:\/\/www.europesays.com\/es\/144324\/","title":{"rendered":"\u00abSi Mar Flores no me cita en sus memorias es porque cree que no me la tom\u00e9 en serio, pero s\u00ed lo hice\u00bb"},"content":{"rendered":"<p><img decoding=\"async\" class=\"voc-author__img\" src=\"https:\/\/www.europesays.com\/es\/wp-content\/uploads\/2025\/07\/autor-4235-foto-3.jpeg\" alt=\"Pilar Vidal\"\/><\/p>\n<p>26\/09\/2025<br \/>\n<br \/><strong><br \/>\nActualizado 28\/09\/2025 a las 01:08h.<br \/>\n<\/strong><\/p>\n<p class=\"voc-p\" style=\"\">Este jueves, el empresario Jos\u00e9 Luis L\u00f3pez, m\u00e1s conocido como<a href=\"https:\/\/www.abc.es\/sevilla\/provincia\/turronero-inaugura-centro-comercial-entrenucleos-churros-conciertos-20250925140044-nts.html\" target=\"_self\" data-voc-vtm-id=\"in-text-traffic\" title=\" El Turronero, inaugur\u00f3 en Dos Hermanas el tercer centro comercial Entre Naranjos\" data-mrf-link=\"www.abc.es\" rel=\"nofollow noopener\"> El Turronero, inaugur\u00f3 en Dos Hermanas el tercer centro comercial Entre Naranjos<\/a>, que ha supuesto una inversi\u00f3n de m\u00e1s de 56 millones de euros y ha comenzado a generar m\u00e1s de 350 empleos directos desde el momento de su apertura. \u00abEstos centros comerciales <strong>est\u00e1n hechos con la visi\u00f3n de ayudar a j\u00f3venes emprendedores<\/strong> que, sin nuestra confianza, a pesar de su calidad, no podr\u00edan estar en un centro como este\u00bb.<\/p>\n<p class=\"voc-p\" style=\"\">Para la ocasi\u00f3n, el Turronero se rode\u00f3 de algunos amigos populares, entre los que se encontraban los exfutbolistas Luis Figo y Ra\u00fal o el showman Carlos Latre. Aunque algunos hayan asegurado que los futbolistas participan en el accionariado de estos proyectos comerciales, el Turronero asegura que \u00ab<strong>son muy buenos amigos y agradezco que me apoyen en d\u00edas tan especiales para m\u00ed<\/strong>, pero detr\u00e1s de estos proyectos hay otros empresarios que me apoyan\u00bb. Tambi\u00e9n estuvieron presentes dos paisanos ilustres de Dos Hermanas, Los del R\u00edo, que aprovecharon para contar a esta que escribe la leyenda que da nombre a la ciudad y por qu\u00e9 se refieren a los del pueblo como nazarenos: \u00abLa tradici\u00f3n popular cuenta que el Rey Alfonso X le dio las tierras a Gonzalo Nazareno, que tuvo dos hijas, Elvira y Estefan\u00eda Nazareno, que tuvieron mucho que ver con el desarrollo de la localidad. La ciudad se llam\u00f3 Dos Hermanas en su nombre y nazarenos en honor al apellido de su padre\u00bb.<\/p>\n<p class=\"voc-p\" style=\"\">Tampoco falt\u00f3 el cantante Bert\u00edn Osborne, al que el empresario considera como un \u00abhermano\u00bb. Osborne actu\u00f3 de maestro de ceremonias dando paso a los discursos institucionales. M\u00e1s relajado y con una sonrisa eterna, el cantante atraviesa un buen momento personal y profesional: <strong>\u00abEl programa de Canal Sur va como un tiro y lo dem\u00e1s est\u00e1 todo ya solucionado\u00bb<\/strong>. Se refiere al \u00faltimo de los frentes abiertos, la demanda de paternidad de Gabriela Guill\u00e9n, de la que solo tiene palabras de cari\u00f1o, al igual que para su sexto hijo, David, con el que pos\u00f3 hace unas semanas en la portada de la revista \u00a1Hola! para presentarlo en sociedad y zanjar todo tipo de rumores y pol\u00e9micas suscitadas en torno a su nacimiento.<\/p>\n<p class=\"voc-p\" style=\"\">Con fama de mujeriego, el cantante ha llegado a un punto de su vida en el que se enorgullece de estar solo. \u00ab<strong>No tengo nada serio, estoy solo, he descubierto que lo que dice el fil\u00f3sofo Nietzsche, de que la soledad puede ser el camino para el desarrollo de la propia grandeza, es cierto<\/strong>\u00bb.<\/p>\n<p><img decoding=\"async\" loading=\"lazy\" src=\"https:\/\/www.europesays.com\/es\/wp-content\/uploads\/2025\/09\/mar-flores-bertin-U41730356281Cld-760x427@diario_abc.jpg\" class=\"voc-img\" width=\"760\" height=\"427\" alt=\"Mar Flores y Bert\u00edn\" data-voc-vtm-id=\"in-text-traffic\"\/><\/p>\n<p>Mar Flores y Bert\u00edn<\/p>\n<p>gtres<\/p>\n<p class=\"voc-p\" style=\"\">Estas semanas se ha convertido en protagonista involuntario de la actualidad al ser preguntado por su relaci\u00f3n, hace a\u00f1os, con Mar Flores, la modelo que ha convulsionado el panorama rosa con sus exitosas memorias Mar en calma (La Esfera). \u00abQuise mucho a Mar, estuvimos en dos o tres etapas de nuestras vidas, pero yo viv\u00eda en Estados Unidos y ella en Madrid, y era imposible mantener una relaci\u00f3n. Creo que <strong>si ella no me cita en sus memorias es porque cree que no me la tom\u00e9 en serio, pero s\u00ed lo hice<\/strong>\u00bb. La modelo reconoc\u00eda esta semana en el plat\u00f3 de &#8216;Y ahora Sonsoles&#8217; que la ruptura le doli\u00f3 mucho porque en aquel momento estaba muy ilusionada y a sus padres les gustaba mucho Bert\u00edn como pareja. Preguntada por la posibilidad de que haya un revival entre ambos ahora que est\u00e1n solteros, Mar dejaba claro que ella nunca vuelve atr\u00e1s. Ni siquiera ahora que ha heredado el t\u00edtulo de conde de Donad\u00edo de Casasola: \u00abVoy a contarte una an\u00e9cdota que me ha pasado hace unos d\u00edas. Recib\u00ed la invitaci\u00f3n de boda de unos amigos y en el sobre pon\u00eda Conde de Donad\u00edo de Casasola. Inmediatamente<strong> pens\u00e9 que era para mi padre, porque \u00e9l siempre las recib\u00eda as\u00ed<\/strong>. Luego me di cuenta de que era para m\u00ed. Es la primera vez que se dirigen a m\u00ed as\u00ed\u00bb.<\/p>\n<p><img decoding=\"async\" loading=\"lazy\" src=\"https:\/\/www.europesays.com\/es\/wp-content\/uploads\/2025\/09\/bertin-osborne-U40436348405rAy-760x427@diario_abc.JPG\" class=\"voc-img\" width=\"760\" height=\"427\" alt=\"Inauguraci\u00f3n del nuevo centro comercial de El Turronero\" data-voc-vtm-id=\"in-text-traffic\"\/><\/p>\n<p>Inauguraci\u00f3n del nuevo centro comercial de El Turronero<\/p>\n<p>d.r.<\/p>\n<p class=\"voc-p\" style=\"\">El cantante est\u00e1 ultimando los detalles de su gira de despedida tanto a nivel nacional como internacional, donde ya tiene cerrados tres pa\u00edses de Latinoam\u00e9rica (M\u00e9xico, Ecuador y Per\u00fa).<\/p>\n<p class=\"voc-p\" style=\"\">La fiesta de inauguraci\u00f3n se prolong\u00f3 hasta la medianoche, con actuaciones del grupo BVocal y el humor imbatible de Latre, adem\u00e1s de churros y chocolate para m\u00e1s de 1.500 personas que disfrutaron tambi\u00e9n de un espect\u00e1culo pirot\u00e9cnico.<\/p>\n<p>Reportar un error<\/p>\n","protected":false},"excerpt":{"rendered":"26\/09\/2025 Actualizado 28\/09\/2025 a las 01:08h. Este jueves, el empresario Jos\u00e9 Luis L\u00f3pez, m\u00e1s conocido como El Turronero,&hellip;\n","protected":false},"author":2,"featured_media":144325,"comment_status":"","ping_status":"","sticky":false,"template":"","format":"standard","meta":{"footnotes":""},"categories":[174],"tags":[25177,255,3416,146,147,25,24,1141,256,25178,1138,23,3017],"class_list":{"0":"post-144324","1":"post","2":"type-post","3":"status-publish","4":"format-standard","5":"has-post-thumbnail","7":"category-famosos","8":"tag-bertin","9":"tag-celebrities","10":"tag-descubierto","11":"tag-entertainment","12":"tag-entretenimiento","13":"tag-es","14":"tag-espana","15":"tag-estar","16":"tag-famosos","17":"tag-osborne","18":"tag-solo","19":"tag-spain","20":"tag-ventajas"},"share_on_mastodon":{"url":"","error":""},"_links":{"self":[{"href":"https:\/\/www.europesays.com\/es\/wp-json\/wp\/v2\/posts\/144324","targetHints":{"allow":["GET"]}}],"collection":[{"href":"https:\/\/www.europesays.com\/es\/wp-json\/wp\/v2\/posts"}],"about":[{"href":"https:\/\/www.europesays.com\/es\/wp-json\/wp\/v2\/types\/post"}],"author":[{"embeddable":true,"href":"https:\/\/www.europesays.com\/es\/wp-json\/wp\/v2\/users\/2"}],"replies":[{"embeddable":true,"href":"https:\/\/www.europesays.com\/es\/wp-json\/wp\/v2\/comments?post=144324"}],"version-history":[{"count":0,"href":"https:\/\/www.europesays.com\/es\/wp-json\/wp\/v2\/posts\/144324\/revisions"}],"wp:featuredmedia":[{"embeddable":true,"href":"https:\/\/www.europesays.com\/es\/wp-json\/wp\/v2\/media\/144325"}],"wp:attachment":[{"href":"https:\/\/www.europesays.com\/es\/wp-json\/wp\/v2\/media?parent=144324"}],"wp:term":[{"taxonomy":"category","embeddable":true,"href":"https:\/\/www.europesays.com\/es\/wp-json\/wp\/v2\/categories?post=144324"},{"taxonomy":"post_tag","embeddable":true,"href":"https:\/\/www.europesays.com\/es\/wp-json\/wp\/v2\/tags?post=144324"}],"curies":[{"name":"wp","href":"https:\/\/api.w.org\/{rel}","templated":true}]}}