{"id":144326,"date":"2025-09-28T13:38:16","date_gmt":"2025-09-28T13:38:16","guid":{"rendered":"https:\/\/www.europesays.com\/es\/144326\/"},"modified":"2025-09-28T13:38:16","modified_gmt":"2025-09-28T13:38:16","slug":"el-emocionante-proyecto-artistico-que-rendira-homenaje-a-la-fotografa-graciela-iturbide-en-la-vega-durante-la-semana-de-los-premios","status":"publish","type":"post","link":"https:\/\/www.europesays.com\/es\/144326\/","title":{"rendered":"El emocionante proyecto art\u00edstico que rendir\u00e1 homenaje a la fot\u00f3grafa Graciela Iturbide en La Vega durante la Semana de los Premios"},"content":{"rendered":"<p class=\"ft-text ft-helper-closenews\"><strong>Ram\u00f3n Su\u00e1rez Cueto<\/strong> tiene 63 a\u00f1os, es de Gij\u00f3n y all\u00ed reside, en un piso tutelado; es artista y forma parte de Colectivo Berde. Con \u00e9l, otros 16 artistas, con diversidad funcional, que <strong>semanalmente se re\u00fanen en Laboral Centro de Arte para dar rienda suelta a su creatividad<\/strong>. Otras veces se encuentran en el Jard\u00edn Bot\u00e1nico, en la misma ciudad, y \u00faltimamente, a veces, en la Factor\u00eda Cultural de Avil\u00e9s. Ayer estrenaron un nuevo espacio, el de la F\u00e1brica de Armas de La Vega, en Oviedo. <strong>Con ellos comenzaron los talleres de arte que la Fundaci\u00f3n Princesa de Asturias ha organizado este oto\u00f1o en torno a los ganadores de la \u00faltima edici\u00f3n de sus premios<\/strong>.<\/p>\n<p class=\"ft-text\">Ram\u00f3n Su\u00e1rez, como sus compa\u00f1eros, intervino con sus dibujos un autorretrato de <strong>Graciela Iturbide<\/strong>, la galardonada en Artes. \u00abMe dan unas l\u00e1minas para pintar por encima, se lijan, van a la impresora y pintamos encima\u00bb, resumi\u00f3 Ram\u00f3n la din\u00e1mica dirigida por <strong>Ver\u00f3nica G. Ardura<\/strong> y <strong>Alfonso Mart\u00edn<\/strong>, los dos artistas que coordinan el proyecto. Se han inspirado, contaban ayer, <strong>en la forma de trabajar de la fot\u00f3grafa mexicana y han tomado como lema \u00abSembrar\u00e9 p\u00e1jaros\u00bb<\/strong>, unas palabras de la fot\u00f3grafa mexicana, que un d\u00eda so\u00f1\u00f3 que \u00absembraba p\u00e1jaros\u00bb. Eligieron un autorretrato de Iturbide, lo fragmentaron y dieron a cada uno de los artistas de Colectivo Berde uno o varios de esos fragmentos, para que lo modificaran a su antojo.<\/p>\n<p><img decoding=\"async\" src=\"https:\/\/www.europesays.com\/es\/wp-content\/uploads\/2025\/09\/92c74771-fe3d-4668-ac60-e369e238e154_alta-libre-aspect-ratio_default_0.jpg\" width=\"1200\" height=\"656\" alt=\"El taller \u00abSembrando p\u00e1jaros\u00bb de la F\u00e1brica de La Vega.  | MARIO CANTELI\" class=\"ft-helper-img-rd\" loading=\"lazy\" hasdataaida=\"true\"\/><\/p>\n<p class=\"ft-helper-fontColor-quaternary ft-helper-fontSize-body-S ft-helper-spacer-t-xxs\">El taller \u00abSembrando p\u00e1jaros\u00bb de la F\u00e1brica de La Vega.  \/ MARIO CANTELI<\/p>\n<p class=\"ft-text\">En los que le tocaron a Ram\u00f3n Su\u00e1rez \u00e9l dibuj\u00f3 un paisaje urbano y un tren. <strong>A \u00e9l lo que le interesa, cont\u00f3, es \u00abexpresarse\u00bb y le gusta hacerlo con originalidad<\/strong>: \u00abNo suelo copiar\u00bb. Inquieto, antes de las artes pl\u00e1sticas experiment\u00f3 con la cer\u00e1mica y se inscribi\u00f3 en un taller de cine.<\/p>\n<p class=\"ft-text\">Ese puzle gigante en el que Colectivo Berde ha transformado el retrato de Graciela Iturbide adoptar\u00e1 <strong>la forma de un enorme mural y se expondr\u00e1 en La Vega durante la Semana de los Premios<\/strong>. A sus autores les har\u00eda ilusi\u00f3n que lo viera la fot\u00f3grafa y, por qu\u00e9 no, tambi\u00e9n la Princesa de Asturias, y quiz\u00e1s poder mostr\u00e1rselo ellos mismos.<\/p>\n<p class=\"ft-text\">Ver\u00f3nica G. Ardura y Alfonso Mart\u00edn han planteado este experimento creativo como \u00abun semillero\u00bb. <strong>Lo han encarado pensando en \u00abc\u00f3mo trabaja Graciela Iturbide y haci\u00e9ndole un homenaje\u00bb<\/strong>. Se trata, dicen, de \u00abcrear un imaginario nuevo a partir de la semilla gr\u00e1fica que ella plant\u00f3\u00bb. Ellos, Ver\u00f3nica y Alfonso, han realizado un trabajo previo sobre la obra y la personalidad art\u00edstica de Iturbide; los artistas \u00abtrabajan con la sorpresa, como ella\u00bb.<\/p>\n<p><img decoding=\"async\" src=\"https:\/\/www.europesays.com\/es\/wp-content\/uploads\/2025\/09\/2c1a3456-986c-48d3-8f96-a5729f2c4db0_alta-libre-aspect-ratio_default_0.jpg\" width=\"1200\" height=\"579\" alt=\"Ram\u00f3n Su\u00e1rez, en el centro, y Jos\u00e9 Ruiz.\" class=\"ft-helper-img-rd\" loading=\"lazy\" hasdataaida=\"true\"\/><\/p>\n<p class=\"ft-helper-fontColor-quaternary ft-helper-fontSize-body-S ft-helper-spacer-t-xxs\">Ram\u00f3n Su\u00e1rez, en el centro, y Jos\u00e9 Ruiz. <\/p>\n<p class=\"ft-text\">Acompa\u00f1\u00e1ndolos est\u00e1 <strong>Mari Sol \u00c1lvarez<\/strong>, la fundadora de Colectivo Berde. El equipo t\u00e9cnico de la asociaci\u00f3n est\u00e1 formado por tres personas y cuentan con varios voluntarios, que \u00ables regalan su tiempo\u00bb. <strong>La iniciativa arranc\u00f3 en el a\u00f1o 2022, con el taller de cine del que hablaba Ram\u00f3n Su\u00e1rez, y ha ido creciendo, hasta llegar aqu\u00ed<\/strong>. \u00abPara nosotros es un orgullo tremendo esta colaboraci\u00f3n con los premios \u2018Princesa de Asturias\u2019\u00bb, agradece Mari Sol.<\/p>\n<p>Cuatro premios, cuatro obras<\/p>\n<p class=\"ft-text\">\u00abSembrar\u00e9 p\u00e1jaros\u00bb, dedicado a Graciela Iturbide, es el primero de los talleres de creaci\u00f3n colectiva \u00abPremios en obras\u00bb que ha organizado la Fundaci\u00f3n Princesa de Asturias este a\u00f1o. Habr\u00e1 otros tres y de cada uno saldr\u00e1 una obra de arte que se expondr\u00e1 en La Vega en los d\u00edas previos a la ceremonia de entrega de los galardones. Estar\u00e1n dedicadas al soci\u00f3logo <strong>Douglas Massey<\/strong>, premio en Ciencias Sociales \u2013con <strong>To\u00f1o Velasco<\/strong> coordinando a artistas inmigrantes residentes en Asturias\u2013; al Museo Nacional de Antropolog\u00eda de M\u00e9xico, premio de la Concordia \u2013con <strong>Pablo de Lillo<\/strong> y un grupo de ni\u00f1os\u2013 y a <strong>Byung-Chul Han<\/strong>, Comunicaci\u00f3n y Humanidades \u2013con una obra intergeneracional sobre el enfieltrado de lana de oveja xalda realizada bajo la direcci\u00f3n de <strong>Irene Trapote<\/strong>\u2013.<\/p>\n<p data-close=\"closedContent\" class=\"subscribeHideForDisplay\">Suscr\u00edbete para seguir leyendo<\/p>\n","protected":false},"excerpt":{"rendered":"Ram\u00f3n Su\u00e1rez Cueto tiene 63 a\u00f1os, es de Gij\u00f3n y all\u00ed reside, en un piso tutelado; es artista&hellip;\n","protected":false},"author":2,"featured_media":144327,"comment_status":"","ping_status":"","sticky":false,"template":"","format":"standard","meta":{"footnotes":""},"categories":[173],"tags":[229,233,231,230,1770,44546,17781,232,234,146,147,25,24,4785,44547,532,20280,23,9248,8932],"class_list":{"0":"post-144326","1":"post","2":"type-post","3":"status-publish","4":"format-standard","5":"has-post-thumbnail","7":"category-arte-y-diseno","8":"tag-arte","9":"tag-arte-y-diseno","10":"tag-arts","11":"tag-arts-and-design","12":"tag-asturias","13":"tag-berde","14":"tag-colectivo","15":"tag-design","16":"tag-diseno","17":"tag-entertainment","18":"tag-entretenimiento","19":"tag-es","20":"tag-espana","21":"tag-la-vega","22":"tag-pajaros","23":"tag-premios","24":"tag-siembra","25":"tag-spain","26":"tag-suarez","27":"tag-vega"},"share_on_mastodon":{"url":"","error":""},"_links":{"self":[{"href":"https:\/\/www.europesays.com\/es\/wp-json\/wp\/v2\/posts\/144326","targetHints":{"allow":["GET"]}}],"collection":[{"href":"https:\/\/www.europesays.com\/es\/wp-json\/wp\/v2\/posts"}],"about":[{"href":"https:\/\/www.europesays.com\/es\/wp-json\/wp\/v2\/types\/post"}],"author":[{"embeddable":true,"href":"https:\/\/www.europesays.com\/es\/wp-json\/wp\/v2\/users\/2"}],"replies":[{"embeddable":true,"href":"https:\/\/www.europesays.com\/es\/wp-json\/wp\/v2\/comments?post=144326"}],"version-history":[{"count":0,"href":"https:\/\/www.europesays.com\/es\/wp-json\/wp\/v2\/posts\/144326\/revisions"}],"wp:featuredmedia":[{"embeddable":true,"href":"https:\/\/www.europesays.com\/es\/wp-json\/wp\/v2\/media\/144327"}],"wp:attachment":[{"href":"https:\/\/www.europesays.com\/es\/wp-json\/wp\/v2\/media?parent=144326"}],"wp:term":[{"taxonomy":"category","embeddable":true,"href":"https:\/\/www.europesays.com\/es\/wp-json\/wp\/v2\/categories?post=144326"},{"taxonomy":"post_tag","embeddable":true,"href":"https:\/\/www.europesays.com\/es\/wp-json\/wp\/v2\/tags?post=144326"}],"curies":[{"name":"wp","href":"https:\/\/api.w.org\/{rel}","templated":true}]}}