{"id":144330,"date":"2025-09-28T13:40:08","date_gmt":"2025-09-28T13:40:08","guid":{"rendered":"https:\/\/www.europesays.com\/es\/144330\/"},"modified":"2025-09-28T13:40:08","modified_gmt":"2025-09-28T13:40:08","slug":"el-actor-iago-garcia-decide-plantarse-con-esta-denuncia-contra-bailando-con-las-estrellas-me-parece-de-delito","status":"publish","type":"post","link":"https:\/\/www.europesays.com\/es\/144330\/","title":{"rendered":"El actor Iago Garc\u00eda decide plantarse con esta denuncia contra &#8216;Bailando con las Estrellas&#8217;: \u00abMe parece de delito\u00bb"},"content":{"rendered":"<p>El final de la tercera gala de<a href=\"https:\/\/eltelevisero.huffingtonpost.es\/2025\/09\/bailando-con-las-estrellas-estas-son-las-dos-inesperadas-parejas-que-se-enfrentan-a-la-proxima-expulsion\/\" data-type=\"link\" data-id=\"https:\/\/eltelevisero.huffingtonpost.es\/2025\/09\/bailando-con-las-estrellas-estas-son-las-dos-inesperadas-parejas-que-se-enfrentan-a-la-proxima-expulsion\/\" rel=\"nofollow noopener\" target=\"_blank\"> &#8216;Bailando con las Estrellas&#8217;<\/a> estuvo cargado de tensi\u00f3n por el enorme enfado de Iago Garc\u00eda a consecuencia de la puntuaci\u00f3n que obtuvo de parte del jurado. Valoraci\u00f3n, para \u00e9l, injusta. <\/p>\n<p>El actor y su pareja de baile, In\u00e9s, recibieron un escueto 5 de Gorka M\u00e1rquez, Blanca Li, Pelayo D\u00edaz y Julia G\u00f3mez Cora y un m\u00e1s generoso 6 de Inmaculada Casal. En total, lograron 26 puntos, quedando en pen\u00faltimo lugar en la tabla de clasificaci\u00f3n; solo por delante de Mat\u00edas Roure y Gemma (23).<\/p>\n<p>Eso y los duros comentarios de algunos jueces provocaron que Iago Garc\u00eda explotara en directo: \u00ab<strong>Hab\u00e9is sido muy injustos<\/strong>\u00ab. Jes\u00fas V\u00e1zquez le pregunt\u00f3 que por qu\u00e9 dec\u00eda esas palabras, y \u00e9l no se pudo contener: \u00ab<strong>Hombre, mandarme el pen\u00faltimo me parece verdaderamente de delito<\/strong>\u00ab. <\/p>\n<p>A su juicio, merec\u00eda mejor calificaci\u00f3n respecto a otras parejas. \u00ab<strong>Vamos a dejar el debate aqu\u00ed porque esto no te va a favorecer nada<\/strong>\u00ab, le fren\u00f3 el presentador de &#8216;Bailando con las Estrellas&#8217;. \u00abBueno&#8230;\u00bb, reaccion\u00f3 \u00e9l, dejando entrever que no le importaban mucho los efectos que pudiera tener su sublevaci\u00f3n. <\/p>\n<p>Algunos miembros del jurado respondieron a su denuncia. \u00ab<strong>La vida es injusta a veces y es nuestra opini\u00f3n<\/strong>\u00ab, espet\u00f3 Gorka. \u00ab<strong>Es raro que sean cinco injusticias. Yo creo que en esta ocasi\u00f3n estuvimos bastante alineados y hay que aceptar<\/strong>\u00ab, apostill\u00f3 Julia G\u00f3mez Cora. \u00abNo te enfades, que no estamos acostumbrados a verte as\u00ed\u00bb, le pidi\u00f3 Inmaculada Casal por su parte. <\/p>\n<p>Entretanto, Jes\u00fas V\u00e1zquez apel\u00f3 a su \u00abpositividad\u00bb y trat\u00f3 de calmarle al plantear que el p\u00fablico del programa pod\u00eda cambiar su posici\u00f3n en el ranking con sus votos a trav\u00e9s de la app de Mediaset Infinity. Sin embargo, Iago G\u00f3mez jug\u00f3 en clara desventaja porque esa votaci\u00f3n se cerr\u00f3 justo despu\u00e9s de su actuaci\u00f3n, que adem\u00e1s fue la \u00faltima de la noche (otro h\u00e1ndicap m\u00e1s). <\/p>\n<p>Por tanto, apenas hubo tiempo para revertir esa complicada situaci\u00f3n y, como cab\u00eda esperar, Iago Garc\u00eda fue uno de los nominados junto con Sara Escudero. Ambos se jugar\u00e1n la expulsi\u00f3n la pr\u00f3xima semana en el &#8216;\u00daltimo baile&#8217;. Algo que tambi\u00e9n lament\u00f3 el participante: \u00ab<strong>Me fastidia mucho porque siempre me toca con gente con la que tengo much\u00edsima empat\u00eda<\/strong> y buen rollo\u00bb.<\/p>\n","protected":false},"excerpt":{"rendered":"El final de la tercera gala de &#8216;Bailando con las Estrellas&#8217; estuvo cargado de tensi\u00f3n por el enorme&hellip;\n","protected":false},"author":2,"featured_media":144331,"comment_status":"","ping_status":"","sticky":false,"template":"","format":"standard","meta":{"footnotes":""},"categories":[171],"tags":[146,147,25,24,23,214],"class_list":{"0":"post-144330","1":"post","2":"type-post","3":"status-publish","4":"format-standard","5":"has-post-thumbnail","7":"category-tv","8":"tag-entertainment","9":"tag-entretenimiento","10":"tag-es","11":"tag-espana","12":"tag-spain","13":"tag-tv"},"share_on_mastodon":{"url":"","error":""},"_links":{"self":[{"href":"https:\/\/www.europesays.com\/es\/wp-json\/wp\/v2\/posts\/144330","targetHints":{"allow":["GET"]}}],"collection":[{"href":"https:\/\/www.europesays.com\/es\/wp-json\/wp\/v2\/posts"}],"about":[{"href":"https:\/\/www.europesays.com\/es\/wp-json\/wp\/v2\/types\/post"}],"author":[{"embeddable":true,"href":"https:\/\/www.europesays.com\/es\/wp-json\/wp\/v2\/users\/2"}],"replies":[{"embeddable":true,"href":"https:\/\/www.europesays.com\/es\/wp-json\/wp\/v2\/comments?post=144330"}],"version-history":[{"count":0,"href":"https:\/\/www.europesays.com\/es\/wp-json\/wp\/v2\/posts\/144330\/revisions"}],"wp:featuredmedia":[{"embeddable":true,"href":"https:\/\/www.europesays.com\/es\/wp-json\/wp\/v2\/media\/144331"}],"wp:attachment":[{"href":"https:\/\/www.europesays.com\/es\/wp-json\/wp\/v2\/media?parent=144330"}],"wp:term":[{"taxonomy":"category","embeddable":true,"href":"https:\/\/www.europesays.com\/es\/wp-json\/wp\/v2\/categories?post=144330"},{"taxonomy":"post_tag","embeddable":true,"href":"https:\/\/www.europesays.com\/es\/wp-json\/wp\/v2\/tags?post=144330"}],"curies":[{"name":"wp","href":"https:\/\/api.w.org\/{rel}","templated":true}]}}