{"id":144340,"date":"2025-09-28T13:45:08","date_gmt":"2025-09-28T13:45:08","guid":{"rendered":"https:\/\/www.europesays.com\/es\/144340\/"},"modified":"2025-09-28T13:45:08","modified_gmt":"2025-09-28T13:45:08","slug":"esto-es-como-volver-a-casa","status":"publish","type":"post","link":"https:\/\/www.europesays.com\/es\/144340\/","title":{"rendered":"Esto es como volver a casa"},"content":{"rendered":"<p>Lleg\u00f3 el gran d\u00eda. Arnold Schwarzenegger ha puesto el <strong>&#8216;broche de oro&#8217; a la San Diego Comic-Con de M\u00e1laga<\/strong> en un evento presentado por \u00c1lex de la Iglesia que ha contado con la participaci\u00f3n de Antonio Banderas, que ha rememorado an\u00e9cdotas como cuando ambos se conocieron, con<strong> el malague\u00f1o \u00abprepar\u00e1ndole una paella en su casa, que, adem\u00e1s, le gust\u00f3\u00bb.<\/strong><\/p>\n<p>\u00abPara m\u00ed, esto es como volver a casa. <strong>Porque aqu\u00ed film\u00e9 Conan el B\u00e1rbaro. Hace 45 a\u00f1os, aqu\u00ed en Espa\u00f1a<\/strong>\u00ab, ha recordado por su parte el actor austriaco, recordando su paso por ciudades como Almer\u00eda o Segovia para filmar el \u00e9xito de acci\u00f3n de 1982.<\/p>\n<p>Schwarzenegger ha mantenido una charla ante las 3.000 personas que se han hecho con un sitio en el &#8216;Hall M&#8217;, el auditorio m\u00e1s grande del evento. Por mucho que la apertura de puertas haya sido a la misma hora que el resto de d\u00edas, a las 9:45 horas, a la &#8216;masterclass&#8217; del icono de Hollywood <strong>hab\u00eda visitantes que llevaban esperando desde las 04:00 horas,<\/strong> seg\u00fan han comentado a Europa Press los que estaban en la cabecera de la cola hacia las 10:30, media hora antes del inicio de la charla.<\/p>\n<p>No s\u00f3lo los visitantes han madrugado para ver al \u00eddolo:<strong> el evento tambi\u00e9n ha contado con algunas autoridades situadas en primeras filas como el presidente de la Junta de Andaluc\u00eda, Juanma Moreno Bonilla, y el alcalde de M\u00e1laga, Francisco de la Torre.<\/strong><\/p>\n<p>Tras la retirada de vallas a la entrada del &#8216;Hall M&#8217; por parte de los trabajadores de la Comic-Con y <strong>carreras propias de festivales de m\u00fasica -pero con los asistentes disfrazados de Wonder Woman o los Cazafantasmas<\/strong> (marioneta de &#8216;Moquete&#8217; incluida), la &#8216;masterclass&#8217; de Schwarzenegger ha dado comienzo finalmente a las 11:15 horas.<\/p>\n<p>Entre aplausos a cada menci\u00f3n al nombre de Schwarzenegger y <strong>gritos de \u00bbArnold! &#8216;Arnold!&#8217;<\/strong>, el maestro de ceremonias, \u00c1lex de la Iglesias, ha dado paso a una de las sorpresas del evento, Antonio Banderas, que ha subido al escenario de la Comic-Con a ejercer como copresentador.<\/p>\n<p>Junto a una &#8216;Conan, la B\u00e1rbara&#8217; que ha venido a la Comic-Con desde C\u00f3rdoba y ha dicho estar \u00abenamorada\u00bb de Schwarzenegger, <strong>Banderas ha dado paso a alguien que \u00abno es solamente un actor, una estrella, un pol\u00edtico<\/strong>, que lo ha sido, es una leyenda del cine internacional por muchos a\u00f1os, un ser que adem\u00e1s es \u00abencantador\u00bb.<\/p>\n<p><strong>El evento ha llevado por nombre &#8216;Total Recall&#8217;, t\u00edtulo original de &#8216;Desaf\u00edo Total&#8217;.<\/strong> La pel\u00edcula, estrenada en 1990, sigue las desventuras de Douglas Quaid interpretado por el propio Schwarzenegger tras visitar la compa\u00f1\u00eda &#8216;Rekall&#8217;. Durante la &#8216;masterclass&#8217;, Schwarzenegger ha recordado sus inicios como culturista, el \u00abinicio de su carrera cinematogr\u00e1fica a nivel internacional\u00bb con &#8216;Conan, el B\u00e1rbaro&#8217;, su paso por &#8216;Terminator&#8217; y algunas de las an\u00e9cdotas que han marcado su carrera.<\/p>\n<p>Junto a un emocionado \u00c1lex de la Iglesia, que ha reconocido que <strong>\u00abno se pod\u00eda creer que estuviera hablando con el mism\u00edsimo Schwarzenegger\u00bb<\/strong>, el int\u00e9rprete ha puesto en valor el trabajo de los directores con los que ha trabajado. \u00abLes doy las gracias por mi carrera porque \u00e9sta no ha salido de la nada, yo no he salido de la nada, me han hecho directores geniales, estos grandes actores y estos grandes fans\u00bb, ha reconocido.<\/p>\n<p><strong>NUEVA TEMPORADA DE\u00a0&#8216;THE WALKING DEAD: DARYL DIXON&#8217;<\/strong><\/p>\n<p>La serie &#8216;The Walking Dead: Daryl Dixon&#8217;, que vuelve a situarse en un mundo tras el apocalipsis zombi, ha presentado este s\u00e1bado su nueva temporada en la San Diego Comic-Con de M\u00e1laga con la <strong>presencia de gran parte de su elenco, encabezado por Norman Redus y Melissa McBride.<\/strong><\/p>\n<p><strong>\u00a0<\/strong><\/p>\n<p><strong><img decoding=\"async\" src=\"https:\/\/www.europesays.com\/es\/wp-content\/uploads\/2025\/09\/1759058379616daryl.jpg\"\/><\/strong><\/p>\n<p>Redus ha afirmado en rueda de prensa que ha \u00abaprendido muchas cosas\u00bb en estos 15 a\u00f1os desde la primera temporada de la serie en 2010, como \u00abla \u00e9tica del trabajo al compartir con los mismos actores tanto tiempo, por lo que hay una relaci\u00f3n importante\u00bb.<\/p>\n<p>Para el actor estadounidense, <strong>la historia \u00abtiene que ver con el sacrificio\u00bb.<\/strong> \u00abNos han quitado todo en nuestra vida, y hay que plantearse qu\u00e9 vamos a hacer\u00bb, ha se\u00f1alado.<\/p>\n<p>Considera que su personaje ha tenido la oportunidad de desarrollarse a lo largo de las distintas temporadas, y ha apuntado que tanto \u00e9l como <strong>Melissa McBride tienen papeles \u00aben los que en todo momento se bordea la locura\u00bb.<\/strong><\/p>\n<p>La propia McBride ha indicado que, con el trabajo de ambos en esta serie, plantean \u00abqu\u00e9 ha sido de la humanidad despu\u00e9s del apocalipsis zombi\u00bb, y c\u00f3mo van \u00aba sobrevivir\u00bb.<\/p>\n<p>El elenco cuenta adem\u00e1s con <strong>participaci\u00f3n espa\u00f1ola, representada en la Comic-Con por Eduardo Noriega, \u00d3scar Jaenada, Alexandra Masangkay y Hugo Arbu\u00e9s,<\/strong> que han estado acompa\u00f1ados adem\u00e1s por la actriz argentina Candela Saitta. Noriega ha dicho que los actores espa\u00f1oles est\u00e1n \u00abmuy contentos y orgullosos\u00bb de haber participado \u00aben una serie tan consolidada, con tantos millones de fans y con tantos a\u00f1os de recorrido\u00bb.<\/p>\n<p><strong>\u00abHa sido un reto incrustarnos en ese paisaje.<\/strong> Nos encanta la serie, porque es una reflexi\u00f3n sobre el ser humano. Los zombis son en realidad una excusa para hablar del ser humano\u00bb, ha a\u00f1adido Noriega.<\/p>\n<p>\u00d3scar Jaenada ha resaltado \u00ab<strong>el buen ambiente de trabajo que han creado Norman y Melissa,<\/strong> que han desviado el foco de ellos\u00bb, lo que ha permitido que el resto de actores se hayan sentido \u00abm\u00e1s unidos\u00bb.<\/p>\n<p>Para Candela Saitta, fue \u00abmuy enriquecedor para todos\u00bb este trabajo, por el que se sienten \u00abmuy agradecidos\u00bb. \u00abEspero que se vea el amor que pusimos todos durante todos estos meses de rodaje\u00bb, ha agregado la actriz argentina.<\/p>\n<p>La barcelonesa Alexandra Masangkay encarna a Paz, un personaje del que ha destacado su \u00abresiliencia y valent\u00eda\u00bb.\u00bbPersonalmentre, en los momentos bajos, recurro al recuerdo del personaje. Me llevo eso de Paz\u00bb, ha asegurado.<\/p>\n<p>Por su parte, Hugo Arbu\u00e9s considera que habitualmente \u00abno se hacen personajes tan complejos, con una evoluci\u00f3n tan amplia\u00bb, y se siente \u00abagradecido por poner un granito de arena a un universo tan complejo como el del apocalipsis zombi\u00bb.<\/p>\n","protected":false},"excerpt":{"rendered":"Lleg\u00f3 el gran d\u00eda. Arnold Schwarzenegger ha puesto el &#8216;broche de oro&#8217; a la San Diego Comic-Con de&hellip;\n","protected":false},"author":2,"featured_media":144341,"comment_status":"","ping_status":"","sticky":false,"template":"","format":"standard","meta":{"footnotes":""},"categories":[91],"tags":[146,147,25,24,44553,13642,23],"class_list":{"0":"post-144340","1":"post","2":"type-post","3":"status-publish","4":"format-standard","5":"has-post-thumbnail","7":"category-entretenimiento","8":"tag-entertainment","9":"tag-entretenimiento","10":"tag-es","11":"tag-espana","12":"tag-protagonista-de-la-clausura-de-la-comic-con","13":"tag-schwarzenegger","14":"tag-spain"},"share_on_mastodon":{"url":"","error":""},"_links":{"self":[{"href":"https:\/\/www.europesays.com\/es\/wp-json\/wp\/v2\/posts\/144340","targetHints":{"allow":["GET"]}}],"collection":[{"href":"https:\/\/www.europesays.com\/es\/wp-json\/wp\/v2\/posts"}],"about":[{"href":"https:\/\/www.europesays.com\/es\/wp-json\/wp\/v2\/types\/post"}],"author":[{"embeddable":true,"href":"https:\/\/www.europesays.com\/es\/wp-json\/wp\/v2\/users\/2"}],"replies":[{"embeddable":true,"href":"https:\/\/www.europesays.com\/es\/wp-json\/wp\/v2\/comments?post=144340"}],"version-history":[{"count":0,"href":"https:\/\/www.europesays.com\/es\/wp-json\/wp\/v2\/posts\/144340\/revisions"}],"wp:featuredmedia":[{"embeddable":true,"href":"https:\/\/www.europesays.com\/es\/wp-json\/wp\/v2\/media\/144341"}],"wp:attachment":[{"href":"https:\/\/www.europesays.com\/es\/wp-json\/wp\/v2\/media?parent=144340"}],"wp:term":[{"taxonomy":"category","embeddable":true,"href":"https:\/\/www.europesays.com\/es\/wp-json\/wp\/v2\/categories?post=144340"},{"taxonomy":"post_tag","embeddable":true,"href":"https:\/\/www.europesays.com\/es\/wp-json\/wp\/v2\/tags?post=144340"}],"curies":[{"name":"wp","href":"https:\/\/api.w.org\/{rel}","templated":true}]}}