{"id":144350,"date":"2025-09-28T13:50:31","date_gmt":"2025-09-28T13:50:31","guid":{"rendered":"https:\/\/www.europesays.com\/es\/144350\/"},"modified":"2025-09-28T13:50:31","modified_gmt":"2025-09-28T13:50:31","slug":"el-hotel-de-cuatro-estrellas-superior-que-han-elegido-los-reyes-y-la-princesa-leonor-para-alojarse-en-navarra","status":"publish","type":"post","link":"https:\/\/www.europesays.com\/es\/144350\/","title":{"rendered":"El hotel de cuatro estrellas superior que han elegido los Reyes y la princesa Leonor para alojarse en Navarra"},"content":{"rendered":"<p>Navarra ha vivido unos d\u00edas de especial relevancia institucional con la visita oficial de los reyes don\u00a0<strong>Felipe <\/strong>y do\u00f1a\u00a0<strong>Letizia<\/strong>, quienes han acompa\u00f1ado a la princesa <strong>Leonor <\/strong>en su primer acto oficial en la Comunidad foral.<\/p>\n<p>El viaje, que comenz\u00f3 este viernes en <strong>Pamplona<\/strong>, <strong>Viana <\/strong>y <strong>Leyre<\/strong>, tuvo continuidad el s\u00e1bado con la visita a Olite y Tudela. As\u00ed, los monarcas y la princesa han tenido que dormir una noche en Navarra.<\/p>\n<p>Y para ello, han elegido un conocido establecimiento de la comarca de <strong>Pamplona<\/strong>. Don Felipe, do\u00f1a Letizia y la princesa Leonor se alojaron en el <strong>Hotel Castillo de Gorraiz &amp; Spa<\/strong>, un hotel de cuatro estrellas superior que se encuentra en el coraz\u00f3n de la urbanizaci\u00f3n.<\/p>\n<p>As\u00ed lo ha dado a conocer el propio alojamiento en una nota de prensa en la que se\u00f1ala que \u00abtodo el equipo del Hotel Castillo de Gorraiz &amp; Spa agradece profundamente la confianza depositada por la Casa Real, y se enorgullece de haber contribuido, desde la discreci\u00f3n, al \u00e9xito de una visita institucional de enorme simbolismo para Navarra\u00bb.<\/p>\n<p>\u00abEl Hotel Castillo de Gorraiz &amp; Spa desea tambi\u00e9n agradecer el inter\u00e9s mostrado por\u00a0medios de comunicaci\u00f3n, instituciones y ciudadan\u00eda, y reafirma su vocaci\u00f3n de\u00a0seguir siendo embajador de la hospitalidad navarra ante visitantes de todo el mundo\u00bb, apunta la nota emitida por el hotel.<\/p>\n","protected":false},"excerpt":{"rendered":"Navarra ha vivido unos d\u00edas de especial relevancia institucional con la visita oficial de los reyes don\u00a0Felipe y&hellip;\n","protected":false},"author":2,"featured_media":144351,"comment_status":"","ping_status":"","sticky":false,"template":"","format":"standard","meta":{"footnotes":""},"categories":[5],"tags":[17,18,954,158,25,24,782,13,14,11,206,19,20,9,10,15,16,23,1577,12,21,22],"class_list":{"0":"post-144350","1":"post","2":"type-post","3":"status-publish","4":"format-standard","5":"has-post-thumbnail","7":"category-titulares","8":"tag-breaking-news","9":"tag-breakingnews","10":"tag-cuatro","11":"tag-el","12":"tag-es","13":"tag-espana","14":"tag-estrellas","15":"tag-featured-news","16":"tag-featurednews","17":"tag-headlines","18":"tag-hotel","19":"tag-latest-news","20":"tag-latestnews","21":"tag-news","22":"tag-noticias","23":"tag-noticias-destacadas","24":"tag-noticiasdestacadas","25":"tag-spain","26":"tag-superior","27":"tag-titulares","28":"tag-ultimas-noticias","29":"tag-ultimasnoticias"},"share_on_mastodon":{"url":"","error":""},"_links":{"self":[{"href":"https:\/\/www.europesays.com\/es\/wp-json\/wp\/v2\/posts\/144350","targetHints":{"allow":["GET"]}}],"collection":[{"href":"https:\/\/www.europesays.com\/es\/wp-json\/wp\/v2\/posts"}],"about":[{"href":"https:\/\/www.europesays.com\/es\/wp-json\/wp\/v2\/types\/post"}],"author":[{"embeddable":true,"href":"https:\/\/www.europesays.com\/es\/wp-json\/wp\/v2\/users\/2"}],"replies":[{"embeddable":true,"href":"https:\/\/www.europesays.com\/es\/wp-json\/wp\/v2\/comments?post=144350"}],"version-history":[{"count":0,"href":"https:\/\/www.europesays.com\/es\/wp-json\/wp\/v2\/posts\/144350\/revisions"}],"wp:featuredmedia":[{"embeddable":true,"href":"https:\/\/www.europesays.com\/es\/wp-json\/wp\/v2\/media\/144351"}],"wp:attachment":[{"href":"https:\/\/www.europesays.com\/es\/wp-json\/wp\/v2\/media?parent=144350"}],"wp:term":[{"taxonomy":"category","embeddable":true,"href":"https:\/\/www.europesays.com\/es\/wp-json\/wp\/v2\/categories?post=144350"},{"taxonomy":"post_tag","embeddable":true,"href":"https:\/\/www.europesays.com\/es\/wp-json\/wp\/v2\/tags?post=144350"}],"curies":[{"name":"wp","href":"https:\/\/api.w.org\/{rel}","templated":true}]}}