{"id":144360,"date":"2025-09-28T13:58:09","date_gmt":"2025-09-28T13:58:09","guid":{"rendered":"https:\/\/www.europesays.com\/es\/144360\/"},"modified":"2025-09-28T13:58:09","modified_gmt":"2025-09-28T13:58:09","slug":"la-caida-a-los-infiernos-de-este-exjugador-de-la-nba","status":"publish","type":"post","link":"https:\/\/www.europesays.com\/es\/144360\/","title":{"rendered":"La ca\u00edda a los infiernos de este exjugador de la NBA"},"content":{"rendered":"<p class=\"ft-text\">La carrera de\u00a0LeBron James\u00a0es una de las m\u00e1s exitosas de la historia de la NBA, adem\u00e1s de una de las m\u00e1s longevas. En su 22\u00aa temporada en la liga que complet\u00f3 durante la 2024-2025 promedi\u00f3\u00a0<strong>24,4 puntos, 7,8 rebotes y 8,4 asistencias por partido<\/strong>\u00a0con un 51,3% de acierto en los tiros, unas cifras solo a la altura de &#8216;El Rey&#8217;.<\/p>\n<p class=\"ft-text\">Adem\u00e1s, uno de los datos m\u00e1s impresionantes es que a lo largo de todos los a\u00f1os que lleva en la liga\u00a0<strong>ha jugado con el 35% del total de jugadores que han estado en la NBA en toda la historia<\/strong>\u00a0de la competici\u00f3n, algo que permite percatarse de cu\u00e1n ins\u00f3lito es que aparezca un perfil similar en los pr\u00f3ximos tiempos.<\/p>\n<p class=\"ft-text\">Recientemente, han salido nuevas im\u00e1genes de la vida actual de uno de los compa\u00f1eros que el cuatro veces MVP de la temporada regular tuvo durante su primera etapa en la \u00e9lite, cuando todav\u00eda no hab\u00eda salido de los Cleveland Cavaliers. Se trata de\u00a0<strong>Delonte West<\/strong>, un escolta \u00e1gil que lleg\u00f3 a la liga despu\u00e9s de ser\u00a0<strong>elegido en el 24\u00ba &#8216;pick&#8217; del a\u00f1o 2004 por los Boston Celtics<\/strong>\u00a0y que recal\u00f3 en el conjunto de\u00a0<strong>Ohio\u00a0<\/strong>en 2008 y lo abandon\u00f3 en 2010. Su carrera terminar\u00eda en los\u00a0<strong>Dallas Mavericks<\/strong>, en 2012, equipo que terminar\u00eda su contrato por\u00a0<strong>problemas disciplinarios<\/strong>.<\/p>\n<p class=\"ft-text\">Ahora se le ha visto hablando de su etapa profesional con los locales en una gasolinera: \u00ab<strong>Jugu\u00e9 en el mismo equipo que LeBron James durante tres a\u00f1os<\/strong>\u00ab, indica el exjugador. \u00ab<strong>Jugu\u00e9 para los Cavaliers y para los Celtics<\/strong>\u00ab, a\u00f1ade antes de que le pregunten si sale \u00ab<strong>en el 2K<\/strong>\u00ab, el videojuego de la NBA.<\/p>\n<p class=\"ft-text\">\u00ab<strong>\u00bfPerdiste tu dinero invirti\u00e9ndolo?<\/strong>\u00ab, le cuestionan, aunque \u00e9l apunta que lo que pas\u00f3 fue que se \u00ab<strong>hizo cargo de toda su familia y sus hijos. Todos fueron a la Universidad y tienen casa<\/strong>\u00ab. As\u00ed, le repreguntan si es que \u00ab<strong>nadie hace nada por \u00e9l<\/strong>\u00ab, aunque solamente responde que \u00ab<strong>se hace cargo de si mismo<\/strong>\u00ab.<\/p>\n<p>Una vida marcada por los problemas mentales<\/p>\n<p class=\"ft-text\">Al dejar la NBA, West viaj\u00f3 a\u00a0<strong>China\u00a0<\/strong>para probar una aventura asi\u00e1tica, para despu\u00e9s terminar en la liga de\u00a0<strong>Venezuela\u00a0<\/strong>y finalizar su carrera de nuevo en Norteam\u00e9rica en 2015, en el conjunto de la liga de desarrollo de la NBA, la\u00a0<strong>G League, en el Texas Legends<\/strong>, el &#8216;filial&#8217; de Dallas Mavericks.<\/p>\n<p class=\"ft-text\">Sin embargo, una\u00a0<strong>lesi\u00f3n\u00a0<\/strong>le oblig\u00f3 a dejar el baloncesto y\u00a0<strong>no pudo mantener el ritmo de vida\u00a0<\/strong>que s\u00ed que pod\u00eda llevar durante su etapa como jugador profesional. Poco despu\u00e9s ya fue visto\u00a0<strong>deambulando por la calle<\/strong>, una escena que se ha ido repitiendo posteriormente incluso despu\u00e9s de recibir ayudas de amigos, como la del expropietario de los &#8216;Mavs&#8217;,\u00a0<strong>Mark Cuban<\/strong>.<\/p>\n<p><img decoding=\"async\" src=\"https:\/\/www.europesays.com\/es\/wp-content\/uploads\/2025\/09\/c6053395-b602-4620-aaa1-047e5b0bed37_alta-libre-aspect-ratio_default_0.jpg\" width=\"1200\" height=\"700\" alt=\"Delonte West viviendo en la calle.\" class=\"ft-helper-img-rd\" loading=\"lazy\" hasdataaida=\"true\"\/><\/p>\n<p class=\"ft-helper-fontColor-quaternary ft-helper-fontSize-body-S ft-helper-spacer-t-xxs\">Delonte West viviendo en la calle.  \/ \/<\/p>\n<p class=\"ft-text\">West fue diagnosticado con\u00a0<strong>trastorno bipolar<\/strong>\u00a0en 2008, aunque de peque\u00f1o ya hab\u00eda sufrido\u00a0<strong>depresi\u00f3n\u00a0<\/strong>al vivir en una familia desestructurada. Lleg\u00f3 a reconocer que tuvo\u00a0<strong>pensamientos suicidas<\/strong>\u00a0durante su adolescencia, pero el baloncesto le hizo perseguir un objetivo y termin\u00f3 por salvarle. En 2009 fue\u00a0<strong>arrestado\u00a0<\/strong>por primera vez por tenencia de\u00a0<strong>armas de fuego<\/strong>\u00a0y m\u00e1s tarde ha repetido por problemas relacionados con el\u00a0<strong>consumo de alcohol y drogas<\/strong>.<\/p>\n<p class=\"ft-text\">En este nuevo episodio, sin embargo, se le ve\u00a0<strong>aparentemente sobrio<\/strong>, aunque parece que no ha conseguido abandonar la calle.<\/p>\n","protected":false},"excerpt":{"rendered":"La carrera de\u00a0LeBron James\u00a0es una de las m\u00e1s exitosas de la historia de la NBA, adem\u00e1s de una&hellip;\n","protected":false},"author":2,"featured_media":144361,"comment_status":"","ping_status":"","sticky":false,"template":"","format":"standard","meta":{"footnotes":""},"categories":[269],"tags":[299,298,44555,3008,168,25,24,256,43796,13783,7532,10594,23,167,1284],"class_list":{"0":"post-144360","1":"post","2":"type-post","3":"status-publish","4":"format-standard","5":"has-post-thumbnail","7":"category-baloncesto","8":"tag-baloncesto","9":"tag-basketball","10":"tag-caida-exjugador-nba-dv","11":"tag-de","12":"tag-deportes","13":"tag-es","14":"tag-espana","15":"tag-famosos","16":"tag-gasolinera","17":"tag-james","18":"tag-jugar","19":"tag-lebron","20":"tag-spain","21":"tag-sports","22":"tag-vivir"},"share_on_mastodon":{"url":"","error":""},"_links":{"self":[{"href":"https:\/\/www.europesays.com\/es\/wp-json\/wp\/v2\/posts\/144360","targetHints":{"allow":["GET"]}}],"collection":[{"href":"https:\/\/www.europesays.com\/es\/wp-json\/wp\/v2\/posts"}],"about":[{"href":"https:\/\/www.europesays.com\/es\/wp-json\/wp\/v2\/types\/post"}],"author":[{"embeddable":true,"href":"https:\/\/www.europesays.com\/es\/wp-json\/wp\/v2\/users\/2"}],"replies":[{"embeddable":true,"href":"https:\/\/www.europesays.com\/es\/wp-json\/wp\/v2\/comments?post=144360"}],"version-history":[{"count":0,"href":"https:\/\/www.europesays.com\/es\/wp-json\/wp\/v2\/posts\/144360\/revisions"}],"wp:featuredmedia":[{"embeddable":true,"href":"https:\/\/www.europesays.com\/es\/wp-json\/wp\/v2\/media\/144361"}],"wp:attachment":[{"href":"https:\/\/www.europesays.com\/es\/wp-json\/wp\/v2\/media?parent=144360"}],"wp:term":[{"taxonomy":"category","embeddable":true,"href":"https:\/\/www.europesays.com\/es\/wp-json\/wp\/v2\/categories?post=144360"},{"taxonomy":"post_tag","embeddable":true,"href":"https:\/\/www.europesays.com\/es\/wp-json\/wp\/v2\/tags?post=144360"}],"curies":[{"name":"wp","href":"https:\/\/api.w.org\/{rel}","templated":true}]}}