{"id":144388,"date":"2025-09-28T14:12:11","date_gmt":"2025-09-28T14:12:11","guid":{"rendered":"https:\/\/www.europesays.com\/es\/144388\/"},"modified":"2025-09-28T14:12:11","modified_gmt":"2025-09-28T14:12:11","slug":"el-incendio-de-guadalajara-entra-en-segovia-y-fuerza-a-desalojar-riofrio-de-riaza-y-la-pinilla","status":"publish","type":"post","link":"https:\/\/www.europesays.com\/es\/144388\/","title":{"rendered":"El incendio de Guadalajara entra en Segovia y fuerza a desalojar Riofr\u00edo de Riaza y La Pinilla"},"content":{"rendered":"<p><img decoding=\"async\" class=\"voc-author__img\" src=\"https:\/\/www.europesays.com\/es\/wp-content\/uploads\/2025\/08\/autor-5099-foto-1.jpeg\" alt=\"Clara Rodr\u00edguez Migu\u00e9lez\"\/><\/p>\n<p>28\/09\/2025<br \/>\n<br \/><strong><br \/>\nActualizado a las 13:11h.<br \/>\n<\/strong><\/p>\n<p class=\"voc-p\" style=\"\">El fuego originado hace siete d\u00edas en el paraje de <a href=\"https:\/\/www.abc.es\/sociedad\/incendio-pico-lobo-perimetro-kilometros-quemado-2400-20250928074809-vi.html\" target=\"_self\" data-voc-vtm-id=\"in-text-traffic\" title=\"Pico del Lobo, en Pe\u00f1alba de la Sierra (Guadalajara)\" data-mrf-link=\"www.abc.es\" rel=\"nofollow noopener\">Pico del Lobo, en Pe\u00f1alba de la Sierra (Guadalajara)<\/a>, que ya avanzaba hacia Castilla y Le\u00f3n, <strong>ha entrado en Segovia este domingo<\/strong>. La Junta ha dado la voz de alarma y ha declarado un incendio de \u00cdndice de Gravedad Potencial (IGR) 2, por su peligrosidad tras extenderse al t\u00e9rmino de <strong>Cerezo de Arriba. Tambi\u00e9n la situaci\u00f3n operativa de toda la Comunidad aumenta a nivel 2<\/strong>, ya que se van a requerir muchos medios y el fuego que se trata de controlar afecta a dos autonom\u00edas.<\/p>\n<p class=\"voc-p\" style=\"\">La declaraci\u00f3n del &#8216;nivel&#8217; de gravedad 2 del incendio se debe a que supone una amenaza seria a poblaciones y que exige medidas de socorro de la poblaci\u00f3n o protecci\u00f3n de bienes, tal y como ha recordado la Consejer\u00eda de Medio Ambiente en su perfil de la red social &#8216;X&#8217;. Por ahora, se han desalojado tanto la <strong>urbanizaci\u00f3n de La Pinilla como la localidad de Riofr\u00edo de Riaza.<\/strong><\/p>\n<p class=\"voc-p\" style=\"\">El Ejecutivo auton\u00f3mico fecha el comienzo de las llamas en suelo segoviano a las 00:15 horas de este domingo, 28 de septiembre, y la subida a IGR 2 ha sido a las 1:58 horas, seg\u00fan recoge la plataforma de seguimiento de incendios Inforcyl. Aunque las autoridades estaban sobre aviso de esa posibilidad y el olor a humo es intenso en toda la zona, \u00abpor desgracia<strong> ha entrado con virulencia<\/strong> en nuestra provincia por la noche\u00bb, ha lamentado la delegada territorial de la Junta en Segovia, Raquel Alonso.<\/p>\n<p>\nCortes y evacuaciones\n<\/p>\n<p class=\"voc-p\" style=\"\">En consecuencia, el Centro de Coordinaci\u00f3n Operativa Integrado (Cecopi) se ha convocado de madrugada, ya en alerta tras la evoluci\u00f3n de los \u00faltimos d\u00edas. Tal y como ha informado Medio Ambiente, se ha reunido de forma presencial a las 9:30 horas para tomar decisiones.<\/p>\n<p class=\"voc-p\" style=\"\">Ya entre la noche del s\u00e1bado y la madrugada se hab\u00eda optado por desalojar la <strong>urbanizaci\u00f3n de La Pinilla<\/strong> y se han cortado varias carreteras: tanto la de acceso desde Riaza a La Pinilla, (SG-114) como las v\u00edas SG-115 y la SG-112, de acceso a Riofr\u00edo de Riaza, desde el kil\u00f3metro 5,5. <\/p>\n<p class=\"voc-p\" style=\"\">Esta ma\u00f1ana se ha decidido evacuar la localidad de <strong>Riofr\u00edo de Riaza<\/strong>, para cuya coordinaci\u00f3n se ha desplegado a Guardia Civil, si bien la mayor\u00eda de las personas han utilizado sus propios medios para desalojar el pueblo, a pesar de que el municipio estaba en fiestas. En ese sentido y en coordinaci\u00f3n con su ayuntamiento, se ha puesto a disposici\u00f3n de los vecinos desalojados <strong>el pabell\u00f3n polideportivo de Riaza y la residencia de personas mayores<\/strong> del mismo municipio, aunque de momento s\u00f3lo un par de personas habr\u00edan necesitado realojarse all\u00ed, seg\u00fan ha concretado la delegada territorial.<\/p>\n<p class=\"voc-p\" style=\"\">Adem\u00e1s, el Centro Coordinaci\u00f3n de Emergencias habr\u00eda emitido un mensaje &#8216;es-alert&#8217; y v\u00eda SMS a la poblaci\u00f3n de la zona afectada para avisar del grave peligro por incendio forestal. Se indica que se abandone toda actividad recreativa y deportiva en el medio natural, se evite el tr\u00e1nsito por la zona y se sigan las instrucciones de las autoridades.<\/p>\n<p class=\"voc-p\" style=\"\">En este momento, <strong>se encuentran en el lugar m\u00e1s de 45 medios a\u00e9reos y terrestres<\/strong>, entre t\u00e9cnicos, agentes medioambientales, celadores, cuadrillas, autobombas, ELIF, BRIF, hidroaviones, helic\u00f3pteros y otros cuerpos de bomberos.<\/p>\n<p>Reportar un error<\/p>\n","protected":false},"excerpt":{"rendered":"28\/09\/2025 Actualizado a las 13:11h. El fuego originado hace siete d\u00edas en el paraje de Pico del Lobo,&hellip;\n","protected":false},"author":2,"featured_media":144389,"comment_status":"","ping_status":"","sticky":false,"template":"","format":"standard","meta":{"footnotes":""},"categories":[8],"tags":[4213,16637,17,18,44559,7115,25,24,13,14,439,11,48,19,20,9,10,15,16,8826,1406,23,12,21,22],"class_list":{"0":"post-144388","1":"post","2":"type-post","3":"status-publish","4":"format-standard","5":"has-post-thumbnail","7":"category-espana","8":"tag-amenaza","9":"tag-arriba","10":"tag-breaking-news","11":"tag-breakingnews","12":"tag-cerezo","13":"tag-entra","14":"tag-es","15":"tag-espana","16":"tag-featured-news","17":"tag-featurednews","18":"tag-guadalajara","19":"tag-headlines","20":"tag-incendio","21":"tag-latest-news","22":"tag-latestnews","23":"tag-news","24":"tag-noticias","25":"tag-noticias-destacadas","26":"tag-noticiasdestacadas","27":"tag-poblaciones","28":"tag-segovia","29":"tag-spain","30":"tag-titulares","31":"tag-ultimas-noticias","32":"tag-ultimasnoticias"},"share_on_mastodon":{"url":"","error":""},"_links":{"self":[{"href":"https:\/\/www.europesays.com\/es\/wp-json\/wp\/v2\/posts\/144388","targetHints":{"allow":["GET"]}}],"collection":[{"href":"https:\/\/www.europesays.com\/es\/wp-json\/wp\/v2\/posts"}],"about":[{"href":"https:\/\/www.europesays.com\/es\/wp-json\/wp\/v2\/types\/post"}],"author":[{"embeddable":true,"href":"https:\/\/www.europesays.com\/es\/wp-json\/wp\/v2\/users\/2"}],"replies":[{"embeddable":true,"href":"https:\/\/www.europesays.com\/es\/wp-json\/wp\/v2\/comments?post=144388"}],"version-history":[{"count":0,"href":"https:\/\/www.europesays.com\/es\/wp-json\/wp\/v2\/posts\/144388\/revisions"}],"wp:featuredmedia":[{"embeddable":true,"href":"https:\/\/www.europesays.com\/es\/wp-json\/wp\/v2\/media\/144389"}],"wp:attachment":[{"href":"https:\/\/www.europesays.com\/es\/wp-json\/wp\/v2\/media?parent=144388"}],"wp:term":[{"taxonomy":"category","embeddable":true,"href":"https:\/\/www.europesays.com\/es\/wp-json\/wp\/v2\/categories?post=144388"},{"taxonomy":"post_tag","embeddable":true,"href":"https:\/\/www.europesays.com\/es\/wp-json\/wp\/v2\/tags?post=144388"}],"curies":[{"name":"wp","href":"https:\/\/api.w.org\/{rel}","templated":true}]}}