{"id":144393,"date":"2025-09-28T14:17:07","date_gmt":"2025-09-28T14:17:07","guid":{"rendered":"https:\/\/www.europesays.com\/es\/144393\/"},"modified":"2025-09-28T14:17:07","modified_gmt":"2025-09-28T14:17:07","slug":"tengo-muchas-ganas-de-volver-a-entretener","status":"publish","type":"post","link":"https:\/\/www.europesays.com\/es\/144393\/","title":{"rendered":"Tengo muchas ganas de volver a entretener"},"content":{"rendered":"<p class=\"c-paragraph\"><b\/>El pr\u00f3ximo 4 de julio de 2026 <b>los jardines de la Casa Blanca acoger\u00e1n un evento de la UFC<\/b> por primera vez en su historia. Cuando Dana White \u2014CEO de <a href=\"https:\/\/www.20minutos.es\/tags\/deportes\/ufc.html\" title=\"UFC\" rel=\"nofollow noopener\" target=\"_blank\">UFC <\/a>e \u00edntimo amigo de Donald Trump\u2014\u00a0confirm\u00f3 la noticia, uno de los primeros en reaccionar fue <b>Conor McGregor<\/b>, que enseguida se ofreci\u00f3 para estar en la velada. Las declaraciones del irland\u00e9s han removido a la comunidad <a href=\"https:\/\/www.20minutos.es\/tags\/deportes\/mma-artes-marciales-mixtas.html\" title=\"MMA (Artes Marciales Mixtas)\" rel=\"nofollow noopener\" target=\"_blank\">MMA <\/a>que, despu\u00e9s de m\u00e1s de cuatro a\u00f1os sin ver pelear a la gran estrella de este deporte, se muestra esc\u00e9ptica ante sus intenciones.<\/p>\n<p class=\"c-paragraph\">The Notorious ya tiene claro, incluso, que su rival ser\u00e1 Michael Chandler y ha compartido su predicci\u00f3n del combate: KO en el primer asalto. No obstante, en las \u00faltimas horas, <b>McGregor ha hecho p\u00fablicos sus requisitos econ\u00f3micos <\/b>para participar en el evento. Como cab\u00eda esperar, el irland\u00e9s ha llamado la atenci\u00f3n de todos al pedir una <b>cantidad desorbitada<\/b> para pelear.<\/p>\n<p class=\"c-paragraph\">\u00ab100 millones de d\u00f3lares para pelear en la Casa Blanca, adem\u00e1s de <b>100 Golden Visa estadounidenses para m\u00ed, mi familia y mis amigos\u00bb<\/b>, publicaba en sus redes. Junto con su bolsa, McGregor realizaba esta peculiar petici\u00f3n adicional para su entorno. \u00ab<b>Tengo muchas ganas de volver a entretener al mundo de las peleas<\/b>.\u00a1Un placer que nunca doy por sentado!\u00bb, conclu\u00eda el luchador.<\/p>\n<p class=\"c-paragraph\">Por el momento, el evento en la Casa Blanca, que tendr\u00e1 lugar con motivo del <b>250 aniversario de la independencia del pa\u00eds<\/b>, no tiene ning\u00fan combate confirmado. McGregor pele\u00f3 por \u00faltima vez en julio de 2021, cuando se enfrent\u00f3 a <b>Dustin Poirier en UFC 264<\/b>. En aquel combate, el irland\u00e9s se lesion\u00f3 de gravedad y desde entonces se ha esperado su regreso.<\/p>\n<p class=\"c-paragraph\">No es la primera vez que The Notorious promete volver a pelear en una <b>jaula de MMA<\/b>. En 2024 el irland\u00e9s lleg\u00f3 a cerrar un combate contra Chandler para el 29 de junio en UFC 303, pero finalmente el duelo se cancel\u00f3 por una<b> lesi\u00f3n en el dedo del pie<\/b>.<\/p>\n","protected":false},"excerpt":{"rendered":"El pr\u00f3ximo 4 de julio de 2026 los jardines de la Casa Blanca acoger\u00e1n un evento de la&hellip;\n","protected":false},"author":2,"featured_media":144394,"comment_status":"","ping_status":"","sticky":false,"template":"","format":"standard","meta":{"footnotes":""},"categories":[276],"tags":[1488,4329,2909,168,25,24,743,267,23,167,343],"class_list":{"0":"post-144393","1":"post","2":"type-post","3":"status-publish","4":"format-standard","5":"has-post-thumbnail","7":"category-ufc","8":"tag-artes-marciales","9":"tag-casa-blanca","10":"tag-conor-mcgregor","11":"tag-deportes","12":"tag-es","13":"tag-espana","14":"tag-mma","15":"tag-planseo","16":"tag-spain","17":"tag-sports","18":"tag-ufc"},"share_on_mastodon":{"url":"","error":""},"_links":{"self":[{"href":"https:\/\/www.europesays.com\/es\/wp-json\/wp\/v2\/posts\/144393","targetHints":{"allow":["GET"]}}],"collection":[{"href":"https:\/\/www.europesays.com\/es\/wp-json\/wp\/v2\/posts"}],"about":[{"href":"https:\/\/www.europesays.com\/es\/wp-json\/wp\/v2\/types\/post"}],"author":[{"embeddable":true,"href":"https:\/\/www.europesays.com\/es\/wp-json\/wp\/v2\/users\/2"}],"replies":[{"embeddable":true,"href":"https:\/\/www.europesays.com\/es\/wp-json\/wp\/v2\/comments?post=144393"}],"version-history":[{"count":0,"href":"https:\/\/www.europesays.com\/es\/wp-json\/wp\/v2\/posts\/144393\/revisions"}],"wp:featuredmedia":[{"embeddable":true,"href":"https:\/\/www.europesays.com\/es\/wp-json\/wp\/v2\/media\/144394"}],"wp:attachment":[{"href":"https:\/\/www.europesays.com\/es\/wp-json\/wp\/v2\/media?parent=144393"}],"wp:term":[{"taxonomy":"category","embeddable":true,"href":"https:\/\/www.europesays.com\/es\/wp-json\/wp\/v2\/categories?post=144393"},{"taxonomy":"post_tag","embeddable":true,"href":"https:\/\/www.europesays.com\/es\/wp-json\/wp\/v2\/tags?post=144393"}],"curies":[{"name":"wp","href":"https:\/\/api.w.org\/{rel}","templated":true}]}}