{"id":144399,"date":"2025-09-28T14:22:14","date_gmt":"2025-09-28T14:22:14","guid":{"rendered":"https:\/\/www.europesays.com\/es\/144399\/"},"modified":"2025-09-28T14:22:14","modified_gmt":"2025-09-28T14:22:14","slug":"el-san-pablo-burgos-cae-ante-el-breogan-en-su-ultimo-amistoso-94-87","status":"publish","type":"post","link":"https:\/\/www.europesays.com\/es\/144399\/","title":{"rendered":"El San Pablo Burgos cae ante el Breog\u00e1n en su \u00faltimo amistoso (94-87)"},"content":{"rendered":"<p>El San Pablo Burgos no ha podido cerrar la pretemporada con una victoria al caer contra el R\u00edo Breog\u00e1n en el Pazo Provincial dos Deportes de Lugo (94-87). La rotaci\u00f3n de Bruno Savignani ha sido excepcional al contar con <strong>la baja de Luke Fischer<\/strong> y tener a varios jugadores con restricci\u00f3n de minutos. Mismamente, Raul Neto solo ha estado seis minutos sobre el parqu\u00e9 y ha descansado toda la segunda parte. Juan Rubio, por su parte, solo cuatro.<\/p>\n<p><strong>Jon Axel Gudmundsson (18 puntos), Dani D\u00edez (16) y Jermaine Samuels Jr. (14) han sido los m\u00e1ximos anotadores del bloque castellano<\/strong>, que pr\u00e1cticamente siempre ha estado por debajo en el marcador. De hecho, el conjunto gallego mandaba por 46-40 al intermedio y ha sido capaz de tomar incluso m\u00e1s ventaja a falta del \u00faltimo cuarto, en el que ha resistido para provocar la tercera derrota del San Pablo en su preparaci\u00f3n.<\/p>\n<p>De esta manera, los azulones ya se centran en la competici\u00f3n oficial, que para ellos arranque <strong>el pr\u00f3ximo s\u00e1bado en el Coliseum contra el Basquet Girona a las 19:00 horas.<\/strong> Llegan a dicha cita con un registro de cuatro victorias y tres tropiezos en esta pretemporada.<\/p>\n","protected":false},"excerpt":{"rendered":"El San Pablo Burgos no ha podido cerrar la pretemporada con una victoria al caer contra el R\u00edo&hellip;\n","protected":false},"author":2,"featured_media":144400,"comment_status":"","ping_status":"","sticky":false,"template":"","format":"standard","meta":{"footnotes":""},"categories":[269],"tags":[299,298,168,25,24,3919,23,167],"class_list":{"0":"post-144399","1":"post","2":"type-post","3":"status-publish","4":"format-standard","5":"has-post-thumbnail","7":"category-baloncesto","8":"tag-baloncesto","9":"tag-basketball","10":"tag-deportes","11":"tag-es","12":"tag-espana","13":"tag-san-pablo-burgos","14":"tag-spain","15":"tag-sports"},"share_on_mastodon":{"url":"","error":""},"_links":{"self":[{"href":"https:\/\/www.europesays.com\/es\/wp-json\/wp\/v2\/posts\/144399","targetHints":{"allow":["GET"]}}],"collection":[{"href":"https:\/\/www.europesays.com\/es\/wp-json\/wp\/v2\/posts"}],"about":[{"href":"https:\/\/www.europesays.com\/es\/wp-json\/wp\/v2\/types\/post"}],"author":[{"embeddable":true,"href":"https:\/\/www.europesays.com\/es\/wp-json\/wp\/v2\/users\/2"}],"replies":[{"embeddable":true,"href":"https:\/\/www.europesays.com\/es\/wp-json\/wp\/v2\/comments?post=144399"}],"version-history":[{"count":0,"href":"https:\/\/www.europesays.com\/es\/wp-json\/wp\/v2\/posts\/144399\/revisions"}],"wp:featuredmedia":[{"embeddable":true,"href":"https:\/\/www.europesays.com\/es\/wp-json\/wp\/v2\/media\/144400"}],"wp:attachment":[{"href":"https:\/\/www.europesays.com\/es\/wp-json\/wp\/v2\/media?parent=144399"}],"wp:term":[{"taxonomy":"category","embeddable":true,"href":"https:\/\/www.europesays.com\/es\/wp-json\/wp\/v2\/categories?post=144399"},{"taxonomy":"post_tag","embeddable":true,"href":"https:\/\/www.europesays.com\/es\/wp-json\/wp\/v2\/tags?post=144399"}],"curies":[{"name":"wp","href":"https:\/\/api.w.org\/{rel}","templated":true}]}}