{"id":144425,"date":"2025-09-28T14:37:12","date_gmt":"2025-09-28T14:37:12","guid":{"rendered":"https:\/\/www.europesays.com\/es\/144425\/"},"modified":"2025-09-28T14:37:12","modified_gmt":"2025-09-28T14:37:12","slug":"javier-rodriguez-y-melina-alonso-la-elite-en-la-xii-ocr-crossfast-race-civico-militar-ayuntamiento-de-santa-cruz-de-tenerife","status":"publish","type":"post","link":"https:\/\/www.europesays.com\/es\/144425\/","title":{"rendered":"Javier Rodr\u00edguez y Melina Alonso, la \u00c9lite en la XII OCR Crossfast Race C\u00edvico-Militar &#8211; Ayuntamiento de Santa Cruz de Tenerife"},"content":{"rendered":"<ol>\n<li><a href=\"https:\/\/news.google.com\/rss\/articles\/CBMi-wFBVV95cUxNWmVoNmMxdmxJZmplZjJRYmdHSmpMZXVKRjJ4UkppUktldHZFLWFpLXRSdm9NdnFERlZiMTMtNnI1dlhmT0JwZEoyMV9iU1ktejhuV1JsejZRVHpKeWJtOF9kWXl2NUcxUEo2UlJUTmtKSmlMYzJzTEwzbm01MUlha3I2OVBJaVNCdU9CVC02UmJvODlyYi1yWkZ3MWcxWG5KUG9FNXpfenZwaF9hMTRNNW5GdG5zdXVJM1Jwc05JMVBQVE1LNmQ5MHhKY2VjVWxBZDJrN0tKc0hRbEJrZ29kZ0E0c25YOGhXQ3A1S0xfVmtTZWtuMXhkREJWZw?oc=5\" target=\"_blank\" rel=\"nofollow noopener\">Javier Rodr\u00edguez y Melina Alonso, la \u00c9lite en la XII OCR Crossfast Race C\u00edvico-Militar<\/a>&nbsp;&nbsp;Ayuntamiento de Santa Cruz de Tenerife<\/li>\n<li><a href=\"https:\/\/news.google.com\/rss\/articles\/CBMi0AFBVV95cUxNYmZwV3VJVTlidUZlbEtfcHhTQVA5Q2FhNElDb045SE5JMEZFUDNIVDYtdUk4dkJNUmdzOHpGanFfZVozUXhQM1Rrd2l5c3pETGlZS1dKQ2F6UFp5NkJLVmxrWDRvNnRsbGVQR2Q4ZmxJdVhSTkhlcngtd240S1luNHBQNzFBY0F1Vmx5QTJYZndhYzR4XzlYVlA2cnpYQXE3ZTZ0ZG1hTXVSZjE5eTdQdzBtb1l2VmVMMVBvYWFKNkpzVGlBT2xNMTRPb084LVVZ?oc=5\" target=\"_blank\" rel=\"nofollow noopener\">OCR Crossfast Race 2025 en Tenerife: 1.296 atletas, perros y ni\u00f1os, juntos en un circuito hist\u00f3rico<\/a>&nbsp;&nbsp;Atl\u00e1ntico Hoy<\/li>\n<li><a href=\"https:\/\/news.google.com\/rss\/articles\/CBMitgFBVV95cUxQckhEWlo3eFJhejRrcHY4VmNKMzgtYXpfX2xPeVMxLVlZczZPS0lmZUxvaFd3TV8weDJmUGJHWnREWVVMOU9PeS1BOFNFS3JFWUdncWdVa0YzSDl3ckI5M0FhMGpiUk1FSVNNNWNYVTF1RFNnekxHZWdFSUtkdkE4UFBKak41UzNGWUNzRDhOT0lQX2JIRUQ0QzZYYzQtOGR4UHZTTVExX2p5aHQyZ3FjNndEek5wZw?oc=5\" target=\"_blank\" rel=\"nofollow noopener\">Santa Cruz acoge la XII edici\u00f3n de la OCR Crossfast Race C\u00edvico-Militar en Hoya Fr\u00eda<\/a>&nbsp;&nbsp;Canal 4 Tenerife<\/li>\n<li><a href=\"https:\/\/news.google.com\/rss\/articles\/CBMi6wFBVV95cUxQM3NMNTlpNHA1TkJMYV80ZzJRRzlKU21HeVRzM19YTnlNN3AxZUNYYWc2RkNKV3RiT1cyYVQ4UlRYbnUyZWI3S1ZnaEpvX3UwajFrRUMybEE2Wmo3M185b25yM21uM04wUmxxQUZyTkhhcmxrbDVmRDl4TUZNNFNVcmIwcXhOU2hDSC1wSmZXTkp2dzViWnRObk5PSUxQdi1NbVVueFQzMUFmTW0wckMtNWJCSEI0cGZOVzdGVnQtQmlsNzJjdjl4aUR6Q0E2S0tFeGZBZTBlLS1YVkVuTnhRUENydC1lUVdhLVh30gHwAUFVX3lxTE1KT3JCN2hGU1hfYVRmN1RWZm5yZDJDNUV4aVlqMHQ4NTgwUHdkRzc3RnJzYzMzbkp5eDVIaU01ZjVKQVNZZmNjVFBGd1RQcVVPUE9ha3BKRGVpWWpIM3RPVUtGWVhWRXNnTnFPb1Q2QWNaSDhrdC12dlpDNk9rVFZmZV9rMWR5R2IyOFBVeTJscVFvWm8yRXZJdDIxVHNiRUVRUTR0Zk54YncxSm80Vlg2WEhsdktfNWRiQkNQX0pObWx3QkVQYks5QlB3VEVIQ3R0SklmN1ZUZUEyU09wRm1Bc1VJbWhYR2RmYU1JOTRGUw?oc=5\" target=\"_blank\" rel=\"nofollow noopener\">Santa Cruz acoge una carrera c\u00edvico-militar con un reto oculto que sorprende cada a\u00f1o<\/a>&nbsp;&nbsp;Confidencial Digital<\/li>\n<li><a href=\"https:\/\/news.google.com\/rss\/articles\/CBMiwAFBVV95cUxOd1hGdElzRWMwTzhSVVk2VkVUSkpxUFZJN1hhRFR4RHd3M284bkY1Mk94alZyNHBrcER1d3lyVWNvZEdWOXpHbmg5bzVmbWRBYnV6Vy1BZXJZWi1WUFh2aXRlLVd6bEhmdEQ1NDhXWWtzVkllM01fOFB3TjN4NnlYc094M1pKOFBhMFowX2xfd0tGYlhxcVVzN0ZtX2VxZFJQek9weEl4US1OZzI1RXlNeHZMX1VhS0xMbFRKNjRPU3PSAcYBQVVfeXFMTTV6WDREY3Y0UFo3eFk3WWc4MGozSlVTVkpRR3BNWXlBRmw2Qm1JSzNCbkQyQWFJbUc5LW5jakdjV3ExZmxVc3pwY2xzd1VsT3BXSEJWQlVGRmE1YlNnT3lfWmlQVXd3dU0xbWZhUjRyVVNuMFpNN0lJcWVQOGpRNzlMMExROUJJZ1pKLWhwMUhDaW1laUxMcmZ6SjZ4U19ES1RWWnlkM3JJcUFCSzRjVEVZTEtkb1h4M3hLT01VdHE1MEE2b2dn?oc=5\" target=\"_blank\" rel=\"nofollow noopener\">Santa Cruz de Tenerife enfrentar\u00e1 a civiles y militares en una prueba deportiva de m\u00e1s de 70 obst\u00e1culos<\/a>&nbsp;&nbsp;El D\u00eda<\/li>\n<\/ol>\n","protected":false},"excerpt":{"rendered":"Javier Rodr\u00edguez y Melina Alonso, la \u00c9lite en la XII OCR Crossfast Race C\u00edvico-Militar&nbsp;&nbsp;Ayuntamiento de Santa Cruz de&hellip;\n","protected":false},"author":2,"featured_media":144214,"comment_status":"","ping_status":"","sticky":false,"template":"","format":"standard","meta":{"footnotes":""},"categories":[5],"tags":[17,18,25,24,13,14,11,19,20,9,10,15,16,23,12,21,22],"class_list":{"0":"post-144425","1":"post","2":"type-post","3":"status-publish","4":"format-standard","5":"has-post-thumbnail","7":"category-titulares","8":"tag-breaking-news","9":"tag-breakingnews","10":"tag-es","11":"tag-espana","12":"tag-featured-news","13":"tag-featurednews","14":"tag-headlines","15":"tag-latest-news","16":"tag-latestnews","17":"tag-news","18":"tag-noticias","19":"tag-noticias-destacadas","20":"tag-noticiasdestacadas","21":"tag-spain","22":"tag-titulares","23":"tag-ultimas-noticias","24":"tag-ultimasnoticias"},"share_on_mastodon":{"url":"","error":""},"_links":{"self":[{"href":"https:\/\/www.europesays.com\/es\/wp-json\/wp\/v2\/posts\/144425","targetHints":{"allow":["GET"]}}],"collection":[{"href":"https:\/\/www.europesays.com\/es\/wp-json\/wp\/v2\/posts"}],"about":[{"href":"https:\/\/www.europesays.com\/es\/wp-json\/wp\/v2\/types\/post"}],"author":[{"embeddable":true,"href":"https:\/\/www.europesays.com\/es\/wp-json\/wp\/v2\/users\/2"}],"replies":[{"embeddable":true,"href":"https:\/\/www.europesays.com\/es\/wp-json\/wp\/v2\/comments?post=144425"}],"version-history":[{"count":0,"href":"https:\/\/www.europesays.com\/es\/wp-json\/wp\/v2\/posts\/144425\/revisions"}],"wp:featuredmedia":[{"embeddable":true,"href":"https:\/\/www.europesays.com\/es\/wp-json\/wp\/v2\/media\/144214"}],"wp:attachment":[{"href":"https:\/\/www.europesays.com\/es\/wp-json\/wp\/v2\/media?parent=144425"}],"wp:term":[{"taxonomy":"category","embeddable":true,"href":"https:\/\/www.europesays.com\/es\/wp-json\/wp\/v2\/categories?post=144425"},{"taxonomy":"post_tag","embeddable":true,"href":"https:\/\/www.europesays.com\/es\/wp-json\/wp\/v2\/tags?post=144425"}],"curies":[{"name":"wp","href":"https:\/\/api.w.org\/{rel}","templated":true}]}}