{"id":144426,"date":"2025-09-28T14:38:10","date_gmt":"2025-09-28T14:38:10","guid":{"rendered":"https:\/\/www.europesays.com\/es\/144426\/"},"modified":"2025-09-28T14:38:10","modified_gmt":"2025-09-28T14:38:10","slug":"balonmano-soria-vence-a-sinfin-35-34-en-su-debut-en-plata","status":"publish","type":"post","link":"https:\/\/www.europesays.com\/es\/144426\/","title":{"rendered":"Balonmano Soria vence a Sinf\u00edn (35-34) en su debut en Plata"},"content":{"rendered":"<p class=\"prip\">El Balonmano Soria estrena su casillero de puntos en la Divisi\u00f3n de Honor Plata con una sufrida y meritoria victoria. El conjunto amarillo se impone por la m\u00ednima (<strong>35-34<\/strong>) al hist\u00f3rico Balonmano Sinf\u00edn en un <strong>Polideportivo San Andr\u00e9s<\/strong> que vibr\u00f3 hasta el \u00faltimo segundo con el debut liguero de su equipo en casa.<\/p>\n<p>El regreso del <strong>Balonmano Soria<\/strong> a la segunda categor\u00eda del balonmano nacional no podr\u00eda haber tenido un mejor guion. El equipo dirigido por Oriol Castellarnau logr\u00f3 este s\u00e1bado sus dos primeros puntos de la temporada tras superar en un encuentro de m\u00e1xima tensi\u00f3n al <strong>Balonmano Sinf\u00edn Ciudad de Santander<\/strong>, un rival de gran entidad en la categor\u00eda.<\/p>\n<p>El pabell\u00f3n soriano visti\u00f3 sus mejores galas para la ocasi\u00f3n, convirti\u00e9ndose en un factor decisivo para los locales. El apoyo incondicional de la afici\u00f3n empuj\u00f3 al equipo en los momentos m\u00e1s delicados del partido, especialmente en un tramo final no apto para card\u00edacos donde se decidi\u00f3 este triunfo de prestigio.<\/p>\n<p>Desde el pitido inicial, el conjunto amarillo demostr\u00f3 una gran concentraci\u00f3n y un plan de partido bien definido. La seguridad bajo palos de un inspirado <strong>Felipe Garc\u00eda, \u201cPipe\u201d<\/strong>, permiti\u00f3 al equipo correr y conseguir las primeras ventajas en el marcador. A pesar de los intentos del conjunto c\u00e1ntabro por no descolgarse, logrando empatar el duelo en varias fases, los sorianos supieron mantener la compostura para marcharse al descanso con una renta de cuatro goles.<\/p>\n<p>Tras el paso por vestuarios, el Balonmano Sinf\u00edn protagoniz\u00f3 una salida en tromba. En apenas tres minutos, el equipo santanderino logr\u00f3 no solo enjugar la diferencia, sino darle la vuelta al marcador, sembrando la incertidumbre en las gradas. Fue en ese momento cr\u00edtico cuando el Balonmano Soria exhibi\u00f3 su madurez competitiva. Lejos de descomponerse, el equipo mantuvo la calma y se aferr\u00f3 al partido, entrando en un intercambio de golpes que llev\u00f3 el duelo a un final de m\u00e1xima igualdad.<\/p>\n<p>La gesti\u00f3n de los \u00faltimos segundos, con el p\u00fablico convertido en una aut\u00e9ntica caldera, fue clave para amarrar la victoria. En el plano individual, la actuaci\u00f3n del brasile\u00f1o <strong>Marcos Vinicius Assump\u00e7ao Braga<\/strong> fue fundamental para el triunfo soriano. El jugador se erigi\u00f3 como el m\u00e1ximo artillero del encuentro con un total de <strong>9 tantos<\/strong>, convirti\u00e9ndose en la principal referencia ofensiva de su equipo.<\/p>\n<p>Con este resultado, el Balonmano Soria no solo suma sus dos primeros puntos en la clasificaci\u00f3n de la <strong>Divisi\u00f3n de Honor Plata<\/strong>, sino que tambi\u00e9n lanza un claro mensaje al resto de competidores. El equipo ha demostrado estar preparado para competir al m\u00e1s alto nivel en una de las ligas m\u00e1s exigentes del balonmano espa\u00f1ol, firmando un debut so\u00f1ado ante su afici\u00f3n.<\/p>\n","protected":false},"excerpt":{"rendered":"El Balonmano Soria estrena su casillero de puntos en la Divisi\u00f3n de Honor Plata con una sufrida y&hellip;\n","protected":false},"author":2,"featured_media":144427,"comment_status":"","ping_status":"","sticky":false,"template":"","format":"standard","meta":{"footnotes":""},"categories":[278],"tags":[2987,376,168,25,24,375,10578,6414,2525,977,246,23,167,2886,44564],"class_list":{"0":"post-144426","1":"post","2":"type-post","3":"status-publish","4":"format-standard","5":"has-post-thumbnail","7":"category-balonmano","8":"tag-andres","9":"tag-balonmano","10":"tag-deportes","11":"tag-es","12":"tag-espana","13":"tag-handball","14":"tag-infarto","15":"tag-lleva","16":"tag-plata","17":"tag-primer","18":"tag-soria","19":"tag-spain","20":"tag-sports","21":"tag-triunfo","22":"tag-volandas"},"share_on_mastodon":{"url":"","error":""},"_links":{"self":[{"href":"https:\/\/www.europesays.com\/es\/wp-json\/wp\/v2\/posts\/144426","targetHints":{"allow":["GET"]}}],"collection":[{"href":"https:\/\/www.europesays.com\/es\/wp-json\/wp\/v2\/posts"}],"about":[{"href":"https:\/\/www.europesays.com\/es\/wp-json\/wp\/v2\/types\/post"}],"author":[{"embeddable":true,"href":"https:\/\/www.europesays.com\/es\/wp-json\/wp\/v2\/users\/2"}],"replies":[{"embeddable":true,"href":"https:\/\/www.europesays.com\/es\/wp-json\/wp\/v2\/comments?post=144426"}],"version-history":[{"count":0,"href":"https:\/\/www.europesays.com\/es\/wp-json\/wp\/v2\/posts\/144426\/revisions"}],"wp:featuredmedia":[{"embeddable":true,"href":"https:\/\/www.europesays.com\/es\/wp-json\/wp\/v2\/media\/144427"}],"wp:attachment":[{"href":"https:\/\/www.europesays.com\/es\/wp-json\/wp\/v2\/media?parent=144426"}],"wp:term":[{"taxonomy":"category","embeddable":true,"href":"https:\/\/www.europesays.com\/es\/wp-json\/wp\/v2\/categories?post=144426"},{"taxonomy":"post_tag","embeddable":true,"href":"https:\/\/www.europesays.com\/es\/wp-json\/wp\/v2\/tags?post=144426"}],"curies":[{"name":"wp","href":"https:\/\/api.w.org\/{rel}","templated":true}]}}