{"id":144480,"date":"2025-09-28T15:16:10","date_gmt":"2025-09-28T15:16:10","guid":{"rendered":"https:\/\/www.europesays.com\/es\/144480\/"},"modified":"2025-09-28T15:16:10","modified_gmt":"2025-09-28T15:16:10","slug":"tadej-pogacar-se-exhibe-en-ruanda-y-reedita-la-victoria-en-el-mundial-de-ciclismo-ciclismo-deportes","status":"publish","type":"post","link":"https:\/\/www.europesays.com\/es\/144480\/","title":{"rendered":"Tadej Pogacar se exhibe en Ruanda y reedita la victoria en el Mundial de ciclismo | Ciclismo | Deportes"},"content":{"rendered":"<p class=\"\">Era el m\u00e1ximo favorito y, <a href=\"https:\/\/elpais.com\/deportes\/ciclismo\/2025-09-28\/el-mundial-de-ruanda-envuelto-en-la-niebla-del-misterio-pogacar.html\" target=\"_self\" rel=\"nofollow noopener\" title=\"https:\/\/elpais.com\/deportes\/ciclismo\/2025-09-28\/el-mundial-de-ruanda-envuelto-en-la-niebla-del-misterio-pogacar.html\">pese a las dudas que hab\u00eda dejado en la contrarreloj del pasado domingo<\/a>, donde fue cuarto, doblado por el apabullante Remco Evenepoel, Tadej Pogacar no ha defraudado este domingo en Kigali, capital de Ruanda, donde ha reeditado el espectacular triunfo del pasado a\u00f1o en Z\u00farich y se ha proclamado por segunda vez en su carrera campe\u00f3n del mundo de ciclismo en la prueba en l\u00ednea.<\/p>\n<p class=\"\">El esloveno atac\u00f3 esta vez a m\u00e1s de 100 kil\u00f3metros de meta, cuando, en la cota del monte Kigali, \u00fanica excepci\u00f3n al exigente circuito por la capital ruandesa, se march\u00f3 junto al espa\u00f1ol <a href=\"https:\/\/elpais.com\/deportes\/ciclismo\/2025-09-25\/juan-ayuso-liderara-el-lidl-los-proximos-cinco-anos.html\" target=\"_self\" rel=\"nofollow noopener\" title=\"https:\/\/elpais.com\/deportes\/ciclismo\/2025-09-25\/juan-ayuso-liderara-el-lidl-los-proximos-cinco-anos.html\">Juan Ayuso<\/a>, \u00fanico ciclista capaz de seguirle la rueda hasta la cima. All\u00ed les caz\u00f3 otro ciclista del equipo UAE, el mexicano Isaac del Toro, cuya potencia en el empedrado muro de Kigali result\u00f3 inalcanzable para Ayuso pero no para Pogacar, que form\u00f3 dupla en cabeza con el valeroso joven de Ensenada.<\/p>\n<p class=\"\">Fue a 66 kil\u00f3metros de la conclusi\u00f3n cuando Del Toro no pudo sostener el ritmo y Pogacar, entonces s\u00ed, vol\u00f3 en solitario hacia la meta. No hubo opciones para los perseguidores, incluido un <a href=\"https:\/\/elpais.com\/deportes\/ciclismo\/2025-09-21\/remco-evenepoel-arrasa-y-repite-titulo-de-contrarreloj-en-el-mundial-de-ruanda.html\" target=\"_self\" rel=\"nofollow noopener\" title=\"https:\/\/elpais.com\/deportes\/ciclismo\/2025-09-21\/remco-evenepoel-arrasa-y-repite-titulo-de-contrarreloj-en-el-mundial-de-ruanda.html\">Remco Evenepoel<\/a> que lleg\u00f3 a cambiar de bicicleta en varias ocasiones, frustrado por los infortunios, antes de remontar y conseguir la meritoria medalla de plata. Bronce fue el irland\u00e9s Ben Healy, que, despu\u00e9s de haber vestido el maillot amarillo en el Tour de Francia, donde adem\u00e1s se llev\u00f3 una victoria de etapa, cierra en el podio de Kigali un a\u00f1o para el recuerdo junto a Pogacar y Evenepoel. Juan Ayuso, mejor espa\u00f1ol del d\u00eda, cruz\u00f3 la meta en octava posici\u00f3n.<\/p>\n<p>\n        Etapas    <\/p>\n<ul class=\"stages\">\n<li>\n                                    <a href=\"https:\/\/elpais.com\/deportes\/ciclismo\/2025-09-21\/remco-evenepoel-arrasa-y-repite-titulo-de-contrarreloj-en-el-mundial-de-ruanda.html\" rel=\"nofollow noopener\" target=\"_blank\"><br \/>\n                                    <\/a><\/p>\n<tr>\n<td>\n                                1\n                            <\/td>\n<td>\n                                                            <img decoding=\"async\" title=\"Crono individual\" loading=\"lazy\" class=\"s-inb icon\" src=\"https:\/\/as01.epimg.net\/img\/live-events\/iconset\/ciclismo\/crono-stage.svg\" width=\"20\" height=\"20\"\/><\/p>\n<\/td>\n<td>\n<p>Kigali &#8211; Kigali<\/p>\n<p>                                                                        <img decoding=\"async\" title=\"B\u00e9lgica\" loading=\"lazy\" class=\"in-team-logo\" src=\"https:\/\/static.prisa.com\/aside\/resizer\/resize\/img\/common\/countries\/bel.svg\" width=\"18\" height=\"12\" img=\"\"\/><\/p>\n<p>                                            Remco Evenepoel<br \/>\n                                            BEL<\/p>\n<\/td>\n<td>\n<p class=\"km\">40 Km<\/p>\n<p class=\"date\">Dom. 21-Septiembre<\/p>\n<\/td>\n<\/tr>\n<\/li>\n<li>\n                                    <a href=\"https:\/\/elpais.com\/deportes\/resultados\/ciclismo\/mundial\/2025\/directo\/regular-a-2-686fbbf19bd6648\/\" rel=\"nofollow noopener\" target=\"_blank\"><br \/>\n                                    <\/a><\/p>\n<tr>\n<td>\n                                2\n                            <\/td>\n<td>\n                                                            <img decoding=\"async\" title=\"Mixta\" loading=\"lazy\" class=\"s-inb icon\" src=\"https:\/\/as01.epimg.net\/img\/live-events\/iconset\/ciclismo\/half-hilly-stage.svg\" width=\"20\" height=\"20\"\/><\/p>\n<\/td>\n<td>\n<p>Kigali &#8211; Kigali<\/p>\n<p>                                                                        <img decoding=\"async\" title=\"Eslovenia\" loading=\"lazy\" class=\"in-team-logo\" src=\"https:\/\/static.prisa.com\/aside\/resizer\/resize\/img\/common\/countries\/slo.svg\" width=\"18\" height=\"12\" img=\"\"\/><\/p>\n<p>                                            Tadej Pogacar<br \/>\n                                            ESL<\/p>\n<\/td>\n<td>\n<p class=\"km\">267 Km<\/p>\n<p class=\"date\">Dom. 28-Septiembre<\/p>\n<\/td>\n<\/tr>\n<\/li>\n<\/ul>\n","protected":false},"excerpt":{"rendered":"Era el m\u00e1ximo favorito y, pese a las dudas que hab\u00eda dejado en la contrarreloj del pasado domingo,&hellip;\n","protected":false},"author":2,"featured_media":144481,"comment_status":"","ping_status":"","sticky":false,"template":"","format":"standard","meta":{"footnotes":""},"categories":[93],"tags":[313,2838,1540,168,25,7860,24,4657,20135,549,7618,25063,23,167],"class_list":{"0":"post-144480","1":"post","2":"type-post","3":"status-publish","4":"format-standard","5":"has-post-thumbnail","7":"category-deportes","8":"tag-ciclismo","9":"tag-ciclistas","10":"tag-competiciones","11":"tag-deportes","12":"tag-es","13":"tag-eslovenia","14":"tag-espana","15":"tag-juan-ayuso","16":"tag-mundial-ciclismo","17":"tag-pogacar","18":"tag-remco-evenepoel","19":"tag-ruanda","20":"tag-spain","21":"tag-sports"},"share_on_mastodon":{"url":"","error":""},"_links":{"self":[{"href":"https:\/\/www.europesays.com\/es\/wp-json\/wp\/v2\/posts\/144480","targetHints":{"allow":["GET"]}}],"collection":[{"href":"https:\/\/www.europesays.com\/es\/wp-json\/wp\/v2\/posts"}],"about":[{"href":"https:\/\/www.europesays.com\/es\/wp-json\/wp\/v2\/types\/post"}],"author":[{"embeddable":true,"href":"https:\/\/www.europesays.com\/es\/wp-json\/wp\/v2\/users\/2"}],"replies":[{"embeddable":true,"href":"https:\/\/www.europesays.com\/es\/wp-json\/wp\/v2\/comments?post=144480"}],"version-history":[{"count":0,"href":"https:\/\/www.europesays.com\/es\/wp-json\/wp\/v2\/posts\/144480\/revisions"}],"wp:featuredmedia":[{"embeddable":true,"href":"https:\/\/www.europesays.com\/es\/wp-json\/wp\/v2\/media\/144481"}],"wp:attachment":[{"href":"https:\/\/www.europesays.com\/es\/wp-json\/wp\/v2\/media?parent=144480"}],"wp:term":[{"taxonomy":"category","embeddable":true,"href":"https:\/\/www.europesays.com\/es\/wp-json\/wp\/v2\/categories?post=144480"},{"taxonomy":"post_tag","embeddable":true,"href":"https:\/\/www.europesays.com\/es\/wp-json\/wp\/v2\/tags?post=144480"}],"curies":[{"name":"wp","href":"https:\/\/api.w.org\/{rel}","templated":true}]}}