{"id":144486,"date":"2025-09-28T15:19:06","date_gmt":"2025-09-28T15:19:06","guid":{"rendered":"https:\/\/www.europesays.com\/es\/144486\/"},"modified":"2025-09-28T15:19:06","modified_gmt":"2025-09-28T15:19:06","slug":"margarita-de-dinamarca-vuelve-a-demostrar-lo-unica-que-es-como-reina-con-dos-regalos-para-federico-y-mary","status":"publish","type":"post","link":"https:\/\/www.europesays.com\/es\/144486\/","title":{"rendered":"Margarita de Dinamarca vuelve a demostrar lo \u00fanica que es como reina con dos regalos para Federico y Mary"},"content":{"rendered":"<p>Primero abdic\u00f3 para cederle a su hijo el trono\u2026 y ahora le ha dise\u00f1ado uno.<\/p>\n<p>La <a href=\"https:\/\/www.revistavanityfair.es\/articulos\/margarita-dinamarca-analisis-reina-federico-dinamarca\" rel=\"nofollow noopener\" target=\"_blank\">reina Margarita de Dinamarca<\/a> ha bordado dos nuevos asientos para las sillas que usan los <a href=\"https:\/\/www.revistavanityfair.es\/articulos\/mary-dinamarca-federico-dinamarca-princesa-isabelle-principe-vincent-vacaciones-oficiales-grasten\" rel=\"nofollow noopener\" target=\"_blank\">reyes Federico y Mary<\/a> cuando, ya sea juntos o por separado, visitan el palacio de Frederiksborg para inaugurar exposiciones en el museo de esta residencia o presidir otros actos oficiales.<\/p>\n<p>En este palacio tuvo lugar la entrega de los mismos, un peque\u00f1o acto en el que la antigua monarca estuvo explic\u00e1ndoles a su hijo y su nuera el trabajo realizado.<\/p>\n<p>Seg\u00fan recoge la casa real danesa en su web, el bordado se basa en los monogramas coronados de los reyes: un monograma azul espejo,\u00a0FF X\u00a0, para el Rey y una\u00a0M\u00a0roja para la Reina. Los monogramas est\u00e1n rodeados de diversas flores sobre un fondo azul oscuro con puntos turquesa.<\/p>\n<p>\u201cVarios tulipanes y rosas est\u00e1n bordados alrededor del monograma del Rey. Alrededor del monograma de la Reina, se pueden ver las siguientes flores: lirio blanco, tulip\u00e1n rojo, clem\u00e1tide azul, rosa roja, belli peque\u00f1a, iris azul, tulip\u00e1n rojo y flor de terciopelo rojo\u201d, precisa la informaci\u00f3n de la casa real, donde tambi\u00e9n se a\u00f1ade que Margarita firm\u00f3 el bordado con su inicial.<\/p>\n<p>El obsequio constituye una nueva prueba de lo ma\u00f1osa que es la antigua monarca. Artista desde que era joven, la reina Margarita ha ilustrado varios libros y ha expuesto cuadros y esculturas a lo largo de toda su vida. En especial destacan sus trabajos como escen\u00f3grafa de producciones teatrales como los ballets del Teatro Tivoli en Copenhague, o de pel\u00edculas como Ehrengardt: el arte de la seducci\u00f3n, una producci\u00f3n de cine hist\u00f3rico de Netflix de la que la reina Margarita dise\u00f1\u00f3 el vestuario y por la que el a\u00f1o pasado recogi\u00f3 <a href=\"https:\/\/www.revistavanityfair.es\/articulos\/margarita-dinamarca-gana-premio-diseno-vestuario-pelicula\" rel=\"nofollow noopener\" target=\"_blank\">uno de los premios de los Oscar daneses<\/a>.<\/p>\n","protected":false},"excerpt":{"rendered":"Primero abdic\u00f3 para cederle a su hijo el trono\u2026 y ahora le ha dise\u00f1ado uno. La reina Margarita&hellip;\n","protected":false},"author":2,"featured_media":144487,"comment_status":"","ping_status":"","sticky":false,"template":"","format":"standard","meta":{"footnotes":""},"categories":[81],"tags":[119,123,124,25,24,44568,7923,44569,7922,117,121,122,23,118,120],"class_list":{"0":"post-144486","1":"post","2":"type-post","3":"status-publish","4":"format-standard","5":"has-post-thumbnail","7":"category-ciencia-y-tecnologia","8":"tag-ciencia","9":"tag-ciencia-y-tecnologia","10":"tag-cienciaytecnologia","11":"tag-es","12":"tag-espana","13":"tag-familia-real-danesa","14":"tag-federico-de-dinamarca","15":"tag-margarita-de-dinamarca","16":"tag-mary-de-dinamarca","17":"tag-science","18":"tag-science-and-technology","19":"tag-scienceandtechnology","20":"tag-spain","21":"tag-technology","22":"tag-tecnologia"},"share_on_mastodon":{"url":"","error":""},"_links":{"self":[{"href":"https:\/\/www.europesays.com\/es\/wp-json\/wp\/v2\/posts\/144486","targetHints":{"allow":["GET"]}}],"collection":[{"href":"https:\/\/www.europesays.com\/es\/wp-json\/wp\/v2\/posts"}],"about":[{"href":"https:\/\/www.europesays.com\/es\/wp-json\/wp\/v2\/types\/post"}],"author":[{"embeddable":true,"href":"https:\/\/www.europesays.com\/es\/wp-json\/wp\/v2\/users\/2"}],"replies":[{"embeddable":true,"href":"https:\/\/www.europesays.com\/es\/wp-json\/wp\/v2\/comments?post=144486"}],"version-history":[{"count":0,"href":"https:\/\/www.europesays.com\/es\/wp-json\/wp\/v2\/posts\/144486\/revisions"}],"wp:featuredmedia":[{"embeddable":true,"href":"https:\/\/www.europesays.com\/es\/wp-json\/wp\/v2\/media\/144487"}],"wp:attachment":[{"href":"https:\/\/www.europesays.com\/es\/wp-json\/wp\/v2\/media?parent=144486"}],"wp:term":[{"taxonomy":"category","embeddable":true,"href":"https:\/\/www.europesays.com\/es\/wp-json\/wp\/v2\/categories?post=144486"},{"taxonomy":"post_tag","embeddable":true,"href":"https:\/\/www.europesays.com\/es\/wp-json\/wp\/v2\/tags?post=144486"}],"curies":[{"name":"wp","href":"https:\/\/api.w.org\/{rel}","templated":true}]}}