{"id":144504,"date":"2025-09-28T15:30:17","date_gmt":"2025-09-28T15:30:17","guid":{"rendered":"https:\/\/www.europesays.com\/es\/144504\/"},"modified":"2025-09-28T15:30:17","modified_gmt":"2025-09-28T15:30:17","slug":"jost-capito-advierte-a-la-fia-la-f1-y-la-idea-de-los-motores-v8","status":"publish","type":"post","link":"https:\/\/www.europesays.com\/es\/144504\/","title":{"rendered":"Jost Capito advierte a la FIA, la F1 y la idea de los motores V8"},"content":{"rendered":"<p>Los nuevos motores de F\u00f3rmula 1 para 2026 est\u00e1n a unos pocos meses de ver la luz, <a href=\"https:\/\/es.motorsport.com\/f1\/news\/sulayem-motores-V8-2029\/10740435\/\" target=\"_blank\" rel=\"noopener nofollow\">pero entre bastidores ya se habla del posible regreso de los V8<\/a>. Sin embargo, el exdirector del equipo <a href=\"https:\/\/es.motorsport.com\/team\/williams\/23\/\" target=\"_blank\" rel=\"noopener nofollow\">Williams<\/a>, <strong>Jost Capito, advierte contra las decisiones precipitadas en cuanto a la normativa de motores se refiere<\/strong>.<\/p>\n<p>\u00abS\u00ed, el desarrollo de motores es caro\u00bb, afirma, recordando <a href=\"https:\/\/es.motorsport.com\/f1\/news\/vettel-critica-reglas-formula1-2026\/10751972\/\" target=\"_blank\" rel=\"noopener nofollow\">que en el futuro seguir\u00e1 habiendo propulsores h\u00edbridos muy complejos<\/a>. Sin embargo,<strong> no se le puede dar la vuelta a todo ahora, sobre todo antes de que los equipos se pongan en marcha y el nuevo motor salga a la pista por primera vez<\/strong>.<\/p>\n<p>\u00abEso no es posible y hay que tener cuidado\u00bb, advirti\u00f3 Capito en una entrevista con Sky. \u00abSi quieres que los fabricantes est\u00e9n contigo, tambi\u00e9n tienes que tener en cuenta la tecnolog\u00eda. Tiene que ser muy relevante, y eso incluye una parte electrificada\u00bb.<\/p>\n<p>Capito advierte: los fabricantes son importantes para la F1<\/p>\n<p>No se puede \u00abprescindir de la parte el\u00e9ctrica y decir que ahora s\u00f3lo tienen que ser ruidosos y potentes\u00bb, dice el ex de Williams. \u00abAhora estamos retrocediendo 20 a\u00f1os. S\u00ed, no hay duda de que pueden ser m\u00e1s ruidosos. Pero <strong>creo que la tecnolog\u00eda todav\u00eda tienen que ser relevantes para los fabricantes<\/strong>\u00ab.<\/p>\n<p>\u00ab<strong>O hay que decir que no quieres a los fabricantes<\/strong>. Tenemos un fabricante que hace todos los motores\u00bb, dice Capito, pensando en voz alta sobre posibles alternativas. \u00abEntonces puedes hacer un V8, puedes hacer un V10, puedes hacer cualquier cosa. Pero pierdes a los fabricantes\u00bb.<\/p>\n<p><strong>Al fin y al cabo, los fabricantes tambi\u00e9n aportan el dinero necesario<\/strong>. \u00abY si dicen que no tiene nada que ver con nuestro negocio principal, excepto que tiene cuatro ruedas, entonces eso no es suficiente para hacer las inversiones\u00bb.<\/p>\n<p>Por eso, <strong>la <a href=\"https:\/\/es.motorsport.com\/f1\/\" rel=\"nofollow noopener\" target=\"_blank\">F\u00f3rmula 1<\/a> tiene que tomar una decisi\u00f3n de futuro<\/strong>: \u00abSi quieres a los fabricantes, entonces tienes que tenerlo en cuenta\u00bb, dice Capito, que, como exjefe de Motorsport de Volkswagen, tambi\u00e9n conoce el lado de los fabricantes. \u00abSi no los quieres, entonces puedes hacer lo que quieras\u00bb.<\/p>\n<p>Relacionado:<\/p>\n<p><img decoding=\"async\" draggable=\"false\" src=\"https:\/\/www.europesays.com\/es\/wp-content\/uploads\/2025\/09\/315478.jpg\" alt=\"Auf Licht folgt Schatten: Isack Hadjar startet in Monza von ganz hinten\" loading=\"lazy\"\/><\/p>\n<p class=\"title text-fg-default text-body font-bold\">La F\u00f3rmula 1 debe seguir siendo un deporte, exige Capito<\/p>\n<p class=\"photographer text-fg-muted text-body-sm\">Foto: LAT Images<\/p>\n<p>\u00abHay que preservar el deporte\u00bb<\/p>\n<p>\u00abTodo deporte tiene que evolucionar y siempre hay que buscar algo nuevo. Creo que el deporte est\u00e1 en una posici\u00f3n muy buena ahora mismo y hay que tener cuidado con los nuevos desarrollos\u00bb.<\/p>\n<p>Adem\u00e1s, la F\u00f3rmula 1 es un deporte que, seg\u00fan muchos aficionados, no es m\u00e1s que un negocio. \u00abPor supuesto que lo es. Sin eso, no habr\u00eda F\u00f3rmula 1\u00bb, dice Capito. \u00abPero si te fijas en la tecnolog\u00eda, los directores t\u00e9cnicos y los pilotos, para ellos es un deporte\u00bb.<\/p>\n<p>\u00abY realmente <strong>es uno de los \u00faltimos deportes de motor donde no hay un equilibrio de prestaciones, sino que gana el mejor y no se frena al que est\u00e1 delante de manera artificial<\/strong>. <strong>Y para m\u00ed, eso sigue siendo automovilismo puro. Y eso tambi\u00e9n debe preservarse en la F\u00f3rmula 1<\/strong>\u00ab.<\/p>\n<p>No obstante, Capito asegura que s\u00ed podr\u00eda vivir con la parrilla invertida, la cual lleva meses sobre la mesa de la F1, aunque bajo ciertas condiciones: siempre y cuando la F\u00f3rmula 1 siga siendo un deporte y el piloto m\u00e1s r\u00e1pido siga ganando por m\u00e9ritos propios. \u00abY si el piloto m\u00e1s r\u00e1pido debe ganar todas las carreras, entonces que gane todas las carreras. As\u00ed son las cosas\u00bb.<\/p>\n<p>\u00abY creo que eso es lo que quieren tambi\u00e9n los aficionados. Los aficionados quieren ver ganar al mejor y no algo artificial donde cualquiera puede ganar, s\u00f3lo por razones de marketing\u00bb, dice Capito. \u00abCreo que hay que preservar el deporte y eso es lo m\u00e1s importante. Y por eso la F1 tiene tantos aficionados\u00bb.<\/p>\n<p><img decoding=\"async\" src=\"https:\/\/www.europesays.com\/es\/wp-content\/uploads\/2025\/09\/90230e8b265645cea0722f5b1d90ccf4.gif\" alt=\"\" width=\"1\" height=\"1\" loading=\"lazy\"\/><\/p>\n","protected":false},"excerpt":{"rendered":"Los nuevos motores de F\u00f3rmula 1 para 2026 est\u00e1n a unos pocos meses de ver la luz, pero&hellip;\n","protected":false},"author":2,"featured_media":144505,"comment_status":"","ping_status":"","sticky":false,"template":"","format":"standard","meta":{"footnotes":""},"categories":[270],"tags":[168,25,24,306,271,272,1230,44574,44572,44573,23,167],"class_list":{"0":"post-144504","1":"post","2":"type-post","3":"status-publish","4":"format-standard","5":"has-post-thumbnail","7":"category-formula-1","8":"tag-deportes","9":"tag-es","10":"tag-espana","11":"tag-f1","12":"tag-formula-1","13":"tag-formula1","14":"tag-fu00f3rmula-1","15":"tag-jost-capito","16":"tag-jost-capito-advierte-a-la-fia","17":"tag-la-f1-y-la-idea-de-los-motores-v8","18":"tag-spain","19":"tag-sports"},"share_on_mastodon":{"url":"","error":""},"_links":{"self":[{"href":"https:\/\/www.europesays.com\/es\/wp-json\/wp\/v2\/posts\/144504","targetHints":{"allow":["GET"]}}],"collection":[{"href":"https:\/\/www.europesays.com\/es\/wp-json\/wp\/v2\/posts"}],"about":[{"href":"https:\/\/www.europesays.com\/es\/wp-json\/wp\/v2\/types\/post"}],"author":[{"embeddable":true,"href":"https:\/\/www.europesays.com\/es\/wp-json\/wp\/v2\/users\/2"}],"replies":[{"embeddable":true,"href":"https:\/\/www.europesays.com\/es\/wp-json\/wp\/v2\/comments?post=144504"}],"version-history":[{"count":0,"href":"https:\/\/www.europesays.com\/es\/wp-json\/wp\/v2\/posts\/144504\/revisions"}],"wp:featuredmedia":[{"embeddable":true,"href":"https:\/\/www.europesays.com\/es\/wp-json\/wp\/v2\/media\/144505"}],"wp:attachment":[{"href":"https:\/\/www.europesays.com\/es\/wp-json\/wp\/v2\/media?parent=144504"}],"wp:term":[{"taxonomy":"category","embeddable":true,"href":"https:\/\/www.europesays.com\/es\/wp-json\/wp\/v2\/categories?post=144504"},{"taxonomy":"post_tag","embeddable":true,"href":"https:\/\/www.europesays.com\/es\/wp-json\/wp\/v2\/tags?post=144504"}],"curies":[{"name":"wp","href":"https:\/\/api.w.org\/{rel}","templated":true}]}}