{"id":144506,"date":"2025-09-28T15:31:18","date_gmt":"2025-09-28T15:31:18","guid":{"rendered":"https:\/\/www.europesays.com\/es\/144506\/"},"modified":"2025-09-28T15:31:18","modified_gmt":"2025-09-28T15:31:18","slug":"resultado-y-resumen-de-la-semifinal","status":"publish","type":"post","link":"https:\/\/www.europesays.com\/es\/144506\/","title":{"rendered":"Resultado y resumen de la semifinal"},"content":{"rendered":"<p>El Valencia Basket es el primer finalista de la Supercopa Endesa. El equipo de Pedro Mart\u00ednez se ha impuesto al anfitri\u00f3n, el Unicaja, por 87-93 en el primer choque de semifinales disputado en el Mart\u00edn Carpena de M\u00e1laga. Liderado por Omari Moore (20 puntos) y Sergio de Larrea (15 y clave en el tramo final con su acierto en los tiros libres), los taronja se llevaron un choque de much\u00edsima igualdad y ritmo.<\/p>\n<p><strong>M\u00e1s info: <a href=\"https:\/\/www.gigantes.com\/liga-endesa\/supercopa-endesa-2025-cuadro-resultados-horarios\/\" rel=\"nofollow noopener\" target=\"_blank\">resultados, horarios y enfrentamientos de la Supercopa Endesa<\/a><\/strong><\/p>\n<p>Un duelo que arranc\u00f3 dominando Unicaja. De salida, Ibon Navarro apost\u00f3 por de salida por un fomato grande, con James Webb al 3, Sulejmanovic y Kravish por dentro. Y las sensaciones de inicio fueron muy buenas para Unicaja, imponiendo su juego y tomando las primeras ventajas. M\u00e1s ritmo competitivo y un 16-9 de salida en apenas 4 minutos de juego, con Kravish anotando 9 puntos en ese parcial.<\/p>\n<p>Una inercia que continu\u00f3 en todo el primer cuarto y que cambi\u00f3 en el segundo, cuando Valencia Basket subi\u00f3 la intensidad defensiva. Buenos minutos de Omari Moore, una de las caras nuevas de los taronja, y el primer gran momento de Chris Duarte en el partido, con una secuencia anotadora que le llev\u00f3 hasta los 10 puntos antes del descanso despu\u00e9s de haber fallado sus cuatro primeros triples.<\/p>\n<p>Lo que parec\u00eda que en el inicio pod\u00eda romper Unicaja con una salida en tromba lo consigui\u00f3 reconducir Valencia Basket mejorando en el segundo y en el tercer cuarto, cuando se pusieron por delante en el ecuador. Un tramo que coincidi\u00f3 con una de las novedades t\u00e1cticas de este nuevo curso, con Matt Costello al 4 en lugar de al 5, algo que no se vio tanto en la temporada pasada, incluso en los momentos en los que coincid\u00eda en pista con Reuvers.<\/p>\n<p>Y cuando Valencia Basket estaba ofreciendo las mejores sensaciones, volvi\u00f3 a aparecer el car\u00e1cter de Unicaja con dos canastas de Barreiro y otras dos de Sulejmanovic que levantaron al Carpena y volvieron a poner por delante al equipo de Ibon Navarro. Valencia Basket poco a poco sumaba actores a su hoja de anotaci\u00f3n, mientras Unicaja intentaba hacerse con la energ\u00eda del partido. Un gran tramo de baloncesto ofensivo, con mucha igualdad en el marcador, para cerrar el tercer cuarto con un espectacular 27-30 y el Valencia Basket dos puntos arriba.<\/p>\n<p>El equipo taronja manten\u00eda el control en el inicio del \u00faltimo cuarto, con 7 puntos de Omari Moore, ya en 17 totales, en los primeros 5 minutos de cuarto parcial. Unos arreones a los que respond\u00eda Unicaja, aunque sin llegar a dar la vuelta en el marcador. Valencia Basket entr\u00f3 al \u00faltimo minuto con 6 puntos de ventaja y Unicaja se lleg\u00f3 a poner a 3 puntos hasta en dos ocasiones, pero Valencia Basket no perdon\u00f3 en los tiros libres y no dio opci\u00f3n a los de Ibon Navarro de dar la vuelta al partido. Victoria del equipo taronja que este domingo, a partir de las 19h, disputar\u00e1 la final por el t\u00edtulo en el Mart\u00edn Carpena.<\/p>\n<p>Foto: acb photo \/ Mariano Pozo<\/p>\n<p>Unicaja vs. Valencia Basket: Resultado y marcador final de la semifinal de la Supercopa Endesa<\/p>\n<tr>\n<td><strong>Equipo<\/strong><\/td>\n<td><strong>1C<\/strong><\/td>\n<td><strong>2C<\/strong><\/td>\n<td><strong>3C<\/strong><\/td>\n<td><strong>4C<\/strong><\/td>\n<td><strong>Final<\/strong><\/td>\n<\/tr>\n<tr>\n<td>Unicaja<\/td>\n<td>26<\/td>\n<td>18<\/td>\n<td>27<\/td>\n<td>16<\/td>\n<td>87<\/td>\n<\/tr>\n<tr>\n<td>Valencia Basket<\/td>\n<td>18<\/td>\n<td>25<\/td>\n<td>30<\/td>\n<td>20<\/td>\n<td>93<\/td>\n<\/tr>\n<p><img decoding=\"async\" src=\"https:\/\/www.europesays.com\/es\/wp-content\/uploads\/2025\/09\/1759073476_910_mtracking.gif\" alt=\"Etiquetas de Mautic\" style=\"display:none;\"\/><\/p>\n<p><a href=\"https:\/\/www.gigantes.com\/tienda\/hemeroteca\/guia-de-la-liga-endesa-2025-26-no-1-560-septiembre-2025\/\" rel=\"nofollow noopener\" target=\"_blank\"><img loading=\"lazy\" decoding=\"async\" class=\"alignnone size-large wp-image-756436\" src=\"https:\/\/www.europesays.com\/es\/wp-content\/uploads\/2025\/09\/1758848777_363_WhatsApp-Image-2025-09-01-at-17.56.05-1024x1024.jpeg.webp.webp\" alt=\"\" width=\"680\" height=\"680\"  \/><\/a><\/p>\n<p>\t\t\t\t\t<img loading=\"lazy\" decoding=\"async\" src=\"https:\/\/www.europesays.com\/es\/wp-content\/uploads\/2025\/09\/1758848778_509_mano.png\" width=\"60\" height=\"60\" alt=\"Deliza hacia abajo\"\/>Sigue deslizando hacia abajo para ver m\u00e1s contenidos<\/p>\n","protected":false},"excerpt":{"rendered":"El Valencia Basket es el primer finalista de la Supercopa Endesa. El equipo de Pedro Mart\u00ednez se ha&hellip;\n","protected":false},"author":2,"featured_media":144507,"comment_status":"","ping_status":"","sticky":false,"template":"","format":"standard","meta":{"footnotes":""},"categories":[269],"tags":[299,298,168,25,24,23,167,2246,2916],"class_list":{"0":"post-144506","1":"post","2":"type-post","3":"status-publish","4":"format-standard","5":"has-post-thumbnail","7":"category-baloncesto","8":"tag-baloncesto","9":"tag-basketball","10":"tag-deportes","11":"tag-es","12":"tag-espana","13":"tag-spain","14":"tag-sports","15":"tag-unicaja","16":"tag-valencia-basket"},"share_on_mastodon":{"url":"","error":""},"_links":{"self":[{"href":"https:\/\/www.europesays.com\/es\/wp-json\/wp\/v2\/posts\/144506","targetHints":{"allow":["GET"]}}],"collection":[{"href":"https:\/\/www.europesays.com\/es\/wp-json\/wp\/v2\/posts"}],"about":[{"href":"https:\/\/www.europesays.com\/es\/wp-json\/wp\/v2\/types\/post"}],"author":[{"embeddable":true,"href":"https:\/\/www.europesays.com\/es\/wp-json\/wp\/v2\/users\/2"}],"replies":[{"embeddable":true,"href":"https:\/\/www.europesays.com\/es\/wp-json\/wp\/v2\/comments?post=144506"}],"version-history":[{"count":0,"href":"https:\/\/www.europesays.com\/es\/wp-json\/wp\/v2\/posts\/144506\/revisions"}],"wp:featuredmedia":[{"embeddable":true,"href":"https:\/\/www.europesays.com\/es\/wp-json\/wp\/v2\/media\/144507"}],"wp:attachment":[{"href":"https:\/\/www.europesays.com\/es\/wp-json\/wp\/v2\/media?parent=144506"}],"wp:term":[{"taxonomy":"category","embeddable":true,"href":"https:\/\/www.europesays.com\/es\/wp-json\/wp\/v2\/categories?post=144506"},{"taxonomy":"post_tag","embeddable":true,"href":"https:\/\/www.europesays.com\/es\/wp-json\/wp\/v2\/tags?post=144506"}],"curies":[{"name":"wp","href":"https:\/\/api.w.org\/{rel}","templated":true}]}}