{"id":144510,"date":"2025-09-28T15:33:07","date_gmt":"2025-09-28T15:33:07","guid":{"rendered":"https:\/\/www.europesays.com\/es\/144510\/"},"modified":"2025-09-28T15:33:07","modified_gmt":"2025-09-28T15:33:07","slug":"los-mejores-looks-de-la-alfombra-roja-de-clausura-del-festival-de-san-sebastian","status":"publish","type":"post","link":"https:\/\/www.europesays.com\/es\/144510\/","title":{"rendered":"los mejores looks de la alfombra roja de clausura del Festival de San Sebasti\u00e1n"},"content":{"rendered":"\n<p> La <strong>gala de clausura del Festival de San Sebasti\u00e1n<\/strong> volvi\u00f3 a desplegar glamour y reivindicaci\u00f3n en la<strong> alfombra roja<\/strong>. Muchos de los invitados posaron con la ya caracter\u00edstica <a href=\"https:\/\/www.vanitatis.elconfidencial.com\/famosos\/2025-08-10\/bad-gyal-activismo-palestina-arenal-sound-debate-musica-politica_4187736\/\" target=\"_blank\" rel=\"nofollow noopener\">chapa en apoyo al fin del genocidio en Gaza<\/a>, un gesto que se mezcl\u00f3 con la sofisticaci\u00f3n de los estilismos m\u00e1s comentados de la noche. Entre ellos, brillaron <strong>Hiba Abouk, Anna Castillo, Kira Mir\u00f3, Lali Exp\u00f3sito<\/strong> y una larga lista de nombres propios que supieron dejar huella en <a href=\"https:\/\/www.vanitatis.elconfidencial.com\/estilo\/moda\/2025-09-19\/eugenia-silva-carmen-machi-looks-alfombra-roja-festival-san-sebastian_4212854\/\" target=\"_blank\" rel=\"nofollow noopener\">el \u00faltimo gran photocall del certamen<\/a>. <\/p>\n<p>                Hiba Abouk             Hiba Abouk. (Limited Pictures)             <\/p>\n<p> La actriz deslumbr\u00f3 con <strong>un vestido palabra de honor de silueta princesa<\/strong>, confeccionado en blanco impoluto con <a href=\"https:\/\/www.vanitatis.elconfidencial.com\/novias\/2025-08-25\/boda-multitudinaria-vestido-novia-bordado-flores_3773354\/\" target=\"_blank\" rel=\"nofollow noopener\">bordados florales en tonos malva y rosa<\/a> a lo largo del corpi\u00f1o y la falda. Un look de <strong>inspiraci\u00f3n rom\u00e1ntica<\/strong> con un aire cl\u00e1sico, que Hiba equilibr\u00f3 con un <strong>peinado pulido y joyas discretas<\/strong>. <\/p>\n<p>            Laura Escanes             . (Limited Pictures)             <\/p>\n<p> La influencer opt\u00f3 por el <strong>negro<\/strong>, siempre infalible en la alfombra roja, con <strong>un vestido de silueta recta y atrevidas aberturas laterales<\/strong>. El detalle diferenciador fue el <strong>cintur\u00f3n met\u00e1lico con aplicaciones doradas <\/strong>que marcaban la cadera, aportando un toque sensual y contempor\u00e1neo. Un estilismo limpio que defendi\u00f3 con fuerza y confianza. <\/p>\n<p>            Anna Castillo             Anna Castillo. (Limited Pictures)             <\/p>\n<p> La int\u00e9rprete, que <a href=\"https:\/\/www.vanitatis.elconfidencial.com\/estilo\/ocio\/2025-09-21\/libro-anna-castillo-viaje-reino-unido_4213345\/\" target=\"_blank\" rel=\"nofollow noopener\">estuvo de viaje hace a penas una semana<\/a>, se decant\u00f3 por <strong>un vestido de gasa en un tono verde oliva que jugaba con transparencias estrat\u00e9gicas<\/strong>. Con escote geom\u00e9trico y corte fluido, la actriz aport\u00f3 un punto <strong>bohemio <\/strong>al conjunto, rematado con sandalias met\u00e1licas. Su look se convirti\u00f3 en uno de los m\u00e1s comentados por lo arriesgado y et\u00e9reo. <\/p>\n<p>            Miguel \u00c1ngel Mu\u00f1oz             Miguel \u00c1ngel Mu\u00f1oz. (Limited Pictures)             <\/p>\n<p> Entre tanto vestido, el protagonista de &#8216;Un paso adelante&#8217; apost\u00f3 por <strong>un dos piezas en verde claro con doble botonadura<\/strong>, sin corbata ni camisa y con un aire relajado pero impecable. Una elecci\u00f3n fresca y masculina que supo destacar frente a <a href=\"https:\/\/www.vanitatis.elconfidencial.com\/estilo\/moda\/2025-09-27\/marta-hazas-jumpsuit-marc-clotet-esmoquin-gala-san-sebastian_4217389\/\" target=\"_blank\" rel=\"nofollow noopener\">la sobriedad habitual del esmoquin<\/a>. <\/p>\n<p>            Marta Hazas             Marta Hazas. (Limited Pictures)             <\/p>\n<p> La actriz sorprendi\u00f3 con <strong>un dise\u00f1o en azul el\u00e9ctrico de tejido semitransparente<\/strong>, con mangas largas y cuello cerrado, que combinaba sensualidad y elegancia. La falda asim\u00e9trica con abertura frontal dejaba a la vista <strong>unas sandalias negras<\/strong>, mientras que el collar y la pulsera a juego a\u00f1ad\u00edan un toque de sofisticaci\u00f3n. <\/p>\n<p>            Marc Clotet y Natalia S\u00e1nchez             Marc Clotet y Natalia S\u00e1nchez. (Limited Pictures)             <\/p>\n<p> El exconcursante de &#8216;Bake Off: famosos al horno&#8217; se decant\u00f3 por <strong>un traje de terciopelo en tono teja<\/strong>, acompa\u00f1ado de camiseta negra, logrando un look relajado pero con mucha personalidad. A su lado, <strong>Natalia S\u00e1nchez brill\u00f3 con un vestido de GOROF en gris con pedrer\u00eda<\/strong>, ce\u00f1ido a la silueta y de manga larga. Complet\u00f3 el estilismo con <strong>joyas de Marina Garc\u00eda y zapatos de Lodi<\/strong>, confirmando su buen ojo para los acabados impecables. <\/p>\n<p>                Nadia de Santiago             Nadia de Santiago. (Limited Pictures)             <\/p>\n<p> La actriz apost\u00f3 por <strong>un vestido strapless en verde claro, de silueta abullonada y lazada negra en el pecho<\/strong>. Una elecci\u00f3n divertida y diferente, con aire na\u00eff pero sofisticado gracias a su corte arquitect\u00f3nico. <\/p>\n<p>            Kira Mir\u00f3             Kira Mir\u00f3. (Limited Pictures)             <\/p>\n<p> Kira se convirti\u00f3 en el centro de todas las miradas con <strong>un vestido de gran volumen en azul el\u00e9ctrico, con capa y abertura lateral<\/strong> que dejaba entrever la pierna. El juego de drapeados y la fuerza del color convirtieron su aparici\u00f3n en una de las m\u00e1s potentes de la noche. <\/p>\n<p>            Lali Exp\u00f3sito             Lali Esp\u00f3sito. (Limited Pictures)             <\/p>\n<p> La cantante argentina rompi\u00f3 con la tendencia del vestido de gala y apost\u00f3 por <strong>un mono negro de escote profundo en \u201cV\u201d<\/strong>. El dise\u00f1o resaltaba su silueta y proyectaba una <strong>imagen poderosa, moderna y muy sensual<\/strong>, con gui\u00f1o al minimalismo sofisticado. <\/p>\n<p>                Silma L\u00f3pez             Silma L\u00f3pez. (Limited Pictures)             <\/p>\n<p> La int\u00e9rprete opt\u00f3 por <strong>un look de dos piezas con top blanco estructurado y lazos<\/strong>, dejando parte del torso a la vista, combinado con una falda negra de corte recto. Una apuesta arriesgada, de inspiraci\u00f3n conceptual, que encaj\u00f3 con <a href=\"https:\/\/www.vanitatis.elconfidencial.com\/estilo\/moda\/2025-05-06\/gala-met-2025-peor-vestidos-look-polemico-tematica_4122719\/\" target=\"_blank\" rel=\"nofollow noopener\">su estilo rompedor y poco convencional<\/a>. <\/p>\n<p>            Mariam Hern\u00e1ndez             Mariam Hern\u00e1ndez. (Limited Pictures)             <\/p>\n<p> La actriz cerr\u00f3 la alfombra con una de las combinaciones m\u00e1s infalibles: <strong>falda blanca voluminosa y cuerpo negro ajustado<\/strong>. Un vestido de l\u00edneas cl\u00e1sicas, con escote palabra de honor, que la convirti\u00f3 en ejemplo de elegancia atemporal. <\/p>\n<p> La clausura del Festival de San Sebasti\u00e1n volvi\u00f3 a demostrar que <strong>la moda es un lenguaje en s\u00ed mismo.<\/strong> Algunos apostaron por lo cl\u00e1sico, otros por lo arriesgado, pero todos compartieron la convicci\u00f3n de que la alfombra roja sigue siendo un escenario donde <strong>reivindicar tanto estilo como causas sociales<\/strong>. <\/p>\n<p> La <strong>gala de clausura del Festival de San Sebasti\u00e1n<\/strong> volvi\u00f3 a desplegar glamour y reivindicaci\u00f3n en la<strong> alfombra roja<\/strong>. Muchos de los invitados posaron con la ya caracter\u00edstica <a href=\"https:\/\/www.vanitatis.elconfidencial.com\/famosos\/2025-08-10\/bad-gyal-activismo-palestina-arenal-sound-debate-musica-politica_4187736\/\" target=\"_blank\" rel=\"nofollow noopener\">chapa en apoyo al fin del genocidio en Gaza<\/a>, un gesto que se mezcl\u00f3 con la sofisticaci\u00f3n de los estilismos m\u00e1s comentados de la noche. Entre ellos, brillaron <strong>Hiba Abouk, Anna Castillo, Kira Mir\u00f3, Lali Exp\u00f3sito<\/strong> y una larga lista de nombres propios que supieron dejar huella en <a href=\"https:\/\/www.vanitatis.elconfidencial.com\/estilo\/moda\/2025-09-19\/eugenia-silva-carmen-machi-looks-alfombra-roja-festival-san-sebastian_4212854\/\" target=\"_blank\" rel=\"nofollow noopener\">el \u00faltimo gran photocall del certamen<\/a>. <\/p>\n","protected":false},"excerpt":{"rendered":"La gala de clausura del Festival de San Sebasti\u00e1n volvi\u00f3 a desplegar glamour y reivindicaci\u00f3n en la alfombra&hellip;\n","protected":false},"author":2,"featured_media":144511,"comment_status":"","ping_status":"","sticky":false,"template":"","format":"standard","meta":{"footnotes":""},"categories":[174],"tags":[255,146,147,25,24,256,23],"class_list":{"0":"post-144510","1":"post","2":"type-post","3":"status-publish","4":"format-standard","5":"has-post-thumbnail","7":"category-famosos","8":"tag-celebrities","9":"tag-entertainment","10":"tag-entretenimiento","11":"tag-es","12":"tag-espana","13":"tag-famosos","14":"tag-spain"},"share_on_mastodon":{"url":"","error":""},"_links":{"self":[{"href":"https:\/\/www.europesays.com\/es\/wp-json\/wp\/v2\/posts\/144510","targetHints":{"allow":["GET"]}}],"collection":[{"href":"https:\/\/www.europesays.com\/es\/wp-json\/wp\/v2\/posts"}],"about":[{"href":"https:\/\/www.europesays.com\/es\/wp-json\/wp\/v2\/types\/post"}],"author":[{"embeddable":true,"href":"https:\/\/www.europesays.com\/es\/wp-json\/wp\/v2\/users\/2"}],"replies":[{"embeddable":true,"href":"https:\/\/www.europesays.com\/es\/wp-json\/wp\/v2\/comments?post=144510"}],"version-history":[{"count":0,"href":"https:\/\/www.europesays.com\/es\/wp-json\/wp\/v2\/posts\/144510\/revisions"}],"wp:featuredmedia":[{"embeddable":true,"href":"https:\/\/www.europesays.com\/es\/wp-json\/wp\/v2\/media\/144511"}],"wp:attachment":[{"href":"https:\/\/www.europesays.com\/es\/wp-json\/wp\/v2\/media?parent=144510"}],"wp:term":[{"taxonomy":"category","embeddable":true,"href":"https:\/\/www.europesays.com\/es\/wp-json\/wp\/v2\/categories?post=144510"},{"taxonomy":"post_tag","embeddable":true,"href":"https:\/\/www.europesays.com\/es\/wp-json\/wp\/v2\/tags?post=144510"}],"curies":[{"name":"wp","href":"https:\/\/api.w.org\/{rel}","templated":true}]}}