{"id":144514,"date":"2025-09-28T15:38:15","date_gmt":"2025-09-28T15:38:15","guid":{"rendered":"https:\/\/www.europesays.com\/es\/144514\/"},"modified":"2025-09-28T15:38:15","modified_gmt":"2025-09-28T15:38:15","slug":"tom-holland-recuperandose-tras-sufrir-una-conmocion-cerebral-en-el-rodaje-de-la-nueva-pelicula-de-spider-man-me-siento-mejor","status":"publish","type":"post","link":"https:\/\/www.europesays.com\/es\/144514\/","title":{"rendered":"Tom Holland, \u00abrecuper\u00e1ndose\u00bb tras sufrir una conmoci\u00f3n cerebral en el rodaje de la nueva pel\u00edcula de &#8216;Spider-Man&#8217;: \u00abMe siento mejor\u00bb"},"content":{"rendered":"<p id=\"e5RW1483GI\" data-wc=\"67\">Nadie puede poner en duda el compromiso que muchos actores imprimen en sus roles. Horas de entrenamiento, estudio exhaustivo del personaje y, en ocasiones, una entrega f\u00edsica y mental total para hacer el mejor trabajo posible. Esta semana,<strong>\u00a0el actor brit\u00e1nico Tom Holland tuvo que ser hospitalizado de urgencia<\/strong> despu\u00e9s de protagonizar un susto en el rodaje de la \u00faltima pel\u00edcula de Spider-Man, <strong>Spider-Man: Brand New Day<\/strong>.<\/p>\n<p> <img src=\"https:\/\/www.europesays.com\/es\/wp-content\/uploads\/2025\/09\/6890f681e13d-gettyimages-2227870960.jpg\"   width=\"1024\" height=\"682\" loading=\"lazy\" decoding=\"async\" alt=\"Tom Holland en el set de 'Spider-Man: Brand New Day' en Glasgow, Escocia.\" fetchpriority=\"auto\" class=\"image ho-image\"\/>\u00a9 GC ImagesTom Holland en el set de &#8216;Spider-Man: Brand New Day&#8217; en Glasgow, Escocia.<\/p>\n<p> <img src=\"https:\/\/www.europesays.com\/es\/wp-content\/uploads\/2025\/09\/d367205d7f91-gettyimages-2227870625.jpg\"   width=\"1024\" height=\"682\" loading=\"lazy\" decoding=\"async\" alt=\"Tom Holland en el rodaje de 'Spider-Man: Brand New Day' el 3 de agotsto de 2025 en Glasgow, Escocia\" fetchpriority=\"auto\" class=\"image ho-image\"\/>\u00a9 Getty Images<\/p>\n<p id=\"eaOB_F_Zj_\" data-wc=\"81\">En una escena de alto riesgo, el joven int\u00e9rprete de 29 a\u00f1os, y prometido de la tambi\u00e9n actriz Zendaya, <a class=\"hm-link ho-link\" href=\"https:\/\/www.hola.com\/actualidad\/20250922857054\/tom-holland-hospitalizado-sufrir-conmocion-cerebral-rodaje-spider-man\/\" data-mrf-recirculation=\"article-body-link\" rel=\"nofollow noopener\" target=\"_blank\">sufri\u00f3 un accidente que le produjo una conmoci\u00f3n cerebral.<\/a> En una acrobacia que su personaje ten\u00eda que hacer, las cosas no salieron como estaba previsto y el equipo del filme tuvo que reaccionar con rapidez para poder llevar al actor al hospital. El incidente tuvo lugar el pasado 19 de septiembre en Watford, Reino Unido, lugar donde se est\u00e1 rodando el largometraje,<\/p>\n<p> <img src=\"https:\/\/www.europesays.com\/es\/wp-content\/uploads\/2025\/09\/0c30e8675598-gettyimages-2227870811.jpg\"   width=\"1024\" height=\"682\" loading=\"lazy\" decoding=\"async\" alt=\"Tom Holland estaba grabando 'Spider-Man: Brand New Day' cuyo estreno est\u00e1 previsto para 2026.\" fetchpriority=\"auto\" class=\"image ho-image\"\/>\u00a9 GC Images<\/p>\n<p> <img src=\"https:\/\/www.europesays.com\/es\/wp-content\/uploads\/2025\/09\/eda01bcf7de8-gettyimages-2227870854.jpg\"   width=\"1024\" height=\"682\" loading=\"lazy\" decoding=\"async\" alt=\"Tom Holland en el rodaje de 'Spider-Man: Brand New Day' el 3 de agotsto de 2025 en Glasgow, Escocia\" fetchpriority=\"auto\" class=\"image ho-image\"\/>\u00a9 Getty Images<\/p>\n<p data-wc=\"105\" id=\"eg3ACeS4VsQ\">\u00abNos llamaron a las 10:30 h de la ma\u00f1ana del viernes para atender a un paciente que hab\u00eda sufrido una lesi\u00f3n en Leavesden Studios, en Watford. Se envi\u00f3 una ambulancia al lugar y el paciente fue trasladado al hospital para recibir atenci\u00f3n adicional\u00bb, dijo un portavoz del Servicio de Ambulancias del Este de Inglaterra al peri\u00f3dico The Sun. Los primeros partes m\u00e9dicos confirmaron que se trataba de<strong>\u00a0una conmoci\u00f3n leve y que el actor se encontraba fuera de peligro<\/strong>. Aun as\u00ed, los productores optaron por suspender temporalmente la grabaci\u00f3n como medida de precauci\u00f3n, a la espera de que los m\u00e9dicos autorizasen su regreso al trabajo.<\/p>\n<p> <img src=\"https:\/\/www.europesays.com\/es\/wp-content\/uploads\/2025\/09\/d7cac09b6865-thebrotherstrust3.jpg\"   width=\"1020\" height=\"1024\" loading=\"lazy\" decoding=\"async\" alt=\"Tom Holland\" fetchpriority=\"auto\" class=\"image ho-image\"\/>\u00a9 thebrotherstrust<\/p>\n<p data-wc=\"106\" id=\"ejSgZycUptJ\">D\u00edas despu\u00e9s del incidente, Holland ha acudido a sus redes sociales para contar c\u00f3mo se encuentra tras el susto que mantuvo a Hollywood en vilo: <strong>\u00abSiento haber tenido que irme antes, pero estoy mejor y estoy mejorando\u00bb<\/strong>, ha admitido. El s\u00e1bado 20 de septiembre, el actor particip\u00f3 en un evento para The Brothers Trust, la organizaci\u00f3n ben\u00e9fica que dirige junto a sus tres hermanos: Sam, Harry y Paddy Holland. Zendaya tambi\u00e9n asisti\u00f3 al evento, que se celebr\u00f3 en la casa de subastas Christie&#8217;s de Londres, lo que supuso una aparici\u00f3n un tanto inesperada de la pareja, que suele mantener su vida privada alejada de los flashes.<\/p>\n<p> <img src=\"https:\/\/www.europesays.com\/es\/wp-content\/uploads\/2025\/09\/34f79fa39534-laurahopewhitaker-1.jpg\"   width=\"1024\" height=\"855\" loading=\"lazy\" decoding=\"async\" alt=\"Tom Holland y Zendaya\" fetchpriority=\"auto\" class=\"image ho-image\"\/>\u00a9 laurahopewhitaker<\/p>\n<p data-wc=\"71\" id=\"eoDJX-k401\">Con un mensaje compartido en sus redes sociales este s\u00e1bado, Holland celebr\u00f3 y resumi\u00f3 la gala ben\u00e9fico como \u00abotro gran \u00e9xito\u00bb, adem\u00e1s de emplear la plataforma para contar a sus seguidores que tal se encuentra tras el infortunio mientras daba vida al ic\u00f3nico superh\u00e9roe de Marvel. \u00ab<strong>Much\u00edsimas gracias a mi padre por hacerse cargo [de la velada] despu\u00e9s de que me fuera. El programa se volvi\u00f3 considerablemente m\u00e1s divertido\u00bb<\/strong>, ha expresado.<\/p>\n<p> <img src=\"https:\/\/www.europesays.com\/es\/wp-content\/uploads\/2025\/09\/e22989ea5103-thebrotherstrust2.jpg\"   width=\"824\" height=\"1024\" loading=\"lazy\" decoding=\"async\" alt=\"Tom Holland\" fetchpriority=\"auto\" class=\"image ho-image\"\/>\u00a9 thebrotherstrust<\/p>\n<p data-wc=\"120\" id=\"eG1TgM1wXL\">Su hospitalizaci\u00f3n no ha modificado su agenda de estrenos, pues est\u00e1 previsto que la cinta llegue a las salas de cine en la fecha prevista por la productora: <strong>julio de 2026<\/strong>. El accidente tampoco ha afectado a su participaci\u00f3n en <strong>La Odisea<\/strong>, <a class=\"hm-link ho-link\" href=\"https:\/\/www.hola.com\/moda\/tendencias\/20250901852836\/zendaya-mejores-looks-transformacion-estilo\/\" data-mrf-recirculation=\"article-body-link\" rel=\"nofollow noopener\" target=\"_blank\">la adaptaci\u00f3n de Christopher Nolan de la epopeya de Homero que protagoniza, y en la que trabaja junto a su prometida<\/a>. En la cinta, cuyo estreno est\u00e1 previsto tambi\u00e9n para julio del a\u00f1o que viene, participan estrellas de la talla de Matt Damon, Anne Hathaway, Lupita Nyong\u2019o y Charlize Theron, entre otros. La superproducci\u00f3n comenz\u00f3 a rodarse a principios de este a\u00f1o en el Reino Unido, con escenas adicionales en Italia, Marruecos y Dajla, en el S\u00e1hara Occidental.<\/p>\n<p> <img src=\"https:\/\/www.europesays.com\/es\/wp-content\/uploads\/2025\/09\/84823322a2b1-gettyimages-1910714498.jpg\"   width=\"682\" height=\"1024\" loading=\"lazy\" decoding=\"async\" alt=\"Tom Holland y Zendaya \" fetchpriority=\"auto\" class=\"image ho-image\"\/>\u00a9 Getty ImagesTom Holland y Zendaya <\/p>\n<p data-wc=\"70\" id=\"ewkbBQq2IVs\">Spider-Man: Brand New Day supone el regreso de Tom Holland al papel que lo convirti\u00f3 en una de las grandes estrellas de Marvel. Aunque la escena exacta del accidente no se ha revelado, se trataba de <strong>una secuencia de gran exigencia f\u00edsica<\/strong>, caracter\u00edstica de las producciones de superh\u00e9roes. Parece que, poco a poco, el actor va recuperando la normalidad tras este peque\u00f1o susto que, por suerte, ha quedado en eso.\u00a0<\/p>\n<p> <img src=\"https:\/\/www.europesays.com\/es\/wp-content\/uploads\/2025\/09\/a7c16d1246da-dlu588976016.jpg\"   width=\"1024\" height=\"715\" loading=\"lazy\" decoding=\"async\" alt=\"Tom Holland en el rodaje de 'Spider-Man: Brand New Day' el 3 de agotsto de 2025 en Glasgow, Escocia\" fetchpriority=\"auto\" class=\"image ho-image\"\/>\u00a9 GTRES<\/p>\n","protected":false},"excerpt":{"rendered":"Nadie puede poner en duda el compromiso que muchos actores imprimen en sus roles. Horas de entrenamiento, estudio&hellip;\n","protected":false},"author":2,"featured_media":144515,"comment_status":"","ping_status":"","sticky":false,"template":"","format":"standard","meta":{"footnotes":""},"categories":[169],"tags":[517,177,146,147,25,24,176,175,23,29418,28275],"class_list":{"0":"post-144514","1":"post","2":"type-post","3":"status-publish","4":"format-standard","5":"has-post-thumbnail","7":"category-cine","8":"tag-actualidad","9":"tag-cine","10":"tag-entertainment","11":"tag-entretenimiento","12":"tag-es","13":"tag-espana","14":"tag-film","15":"tag-movies","16":"tag-spain","17":"tag-tom-holland","18":"tag-zendaya"},"share_on_mastodon":{"url":"","error":""},"_links":{"self":[{"href":"https:\/\/www.europesays.com\/es\/wp-json\/wp\/v2\/posts\/144514","targetHints":{"allow":["GET"]}}],"collection":[{"href":"https:\/\/www.europesays.com\/es\/wp-json\/wp\/v2\/posts"}],"about":[{"href":"https:\/\/www.europesays.com\/es\/wp-json\/wp\/v2\/types\/post"}],"author":[{"embeddable":true,"href":"https:\/\/www.europesays.com\/es\/wp-json\/wp\/v2\/users\/2"}],"replies":[{"embeddable":true,"href":"https:\/\/www.europesays.com\/es\/wp-json\/wp\/v2\/comments?post=144514"}],"version-history":[{"count":0,"href":"https:\/\/www.europesays.com\/es\/wp-json\/wp\/v2\/posts\/144514\/revisions"}],"wp:featuredmedia":[{"embeddable":true,"href":"https:\/\/www.europesays.com\/es\/wp-json\/wp\/v2\/media\/144515"}],"wp:attachment":[{"href":"https:\/\/www.europesays.com\/es\/wp-json\/wp\/v2\/media?parent=144514"}],"wp:term":[{"taxonomy":"category","embeddable":true,"href":"https:\/\/www.europesays.com\/es\/wp-json\/wp\/v2\/categories?post=144514"},{"taxonomy":"post_tag","embeddable":true,"href":"https:\/\/www.europesays.com\/es\/wp-json\/wp\/v2\/tags?post=144514"}],"curies":[{"name":"wp","href":"https:\/\/api.w.org\/{rel}","templated":true}]}}