{"id":144519,"date":"2025-09-28T15:41:23","date_gmt":"2025-09-28T15:41:23","guid":{"rendered":"https:\/\/www.europesays.com\/es\/144519\/"},"modified":"2025-09-28T15:41:23","modified_gmt":"2025-09-28T15:41:23","slug":"arnold-schwarzenegger-desde-que-me-invitaron-a-malaga-a-la-comic-con-dije-me-apunto","status":"publish","type":"post","link":"https:\/\/www.europesays.com\/es\/144519\/","title":{"rendered":"Arnold Schwarzenegger: \u00abDesde que me invitaron a M\u00e1laga, a la Comic-Con, dije: me apunto\u00bb"},"content":{"rendered":"<p>Ba\u00f1o de mitoman\u00eda este domingo en <a href=\"https:\/\/www.diariosur.es\/culturas\/comic-con\/\" data-voc-vtm-id=\"in-text-traffic\" title=\"San Diego Comic-Con M\u00e1laga\" data-mrf-link=\"www.diariosur.es\" rel=\"nofollow noopener\" target=\"_blank\">San Diego Comic-Con M\u00e1laga<\/a> (SDCCM). Y de nivel Hollywood. Un atestado Hall M se ha puesto en pie  &#8230; nada m\u00e1s entrar el padrino de esta edici\u00f3n inaugural, Arnold Schwarzenegger, que, a la vista estaba, era el m\u00e1s esperado. El encargado de presentarlo ha sido el mism\u00edsimo Antonio Banderas, compa\u00f1ero del actor norteamericano de origen austr\u00edaco en &#8216;Los Mercenarios 3&#8217;, que, de rodillas, le ha entregado el galard\u00f3n de honor de esta edici\u00f3n inaugural de la primera Comic-Con europea. El protagonista de &#8216;Terminator&#8217; ha regalado abrazos, ha soltado sus frases m\u00edticas -\u00abHasta la vista, baby\u00bb y \u00abVolver\u00e9\u00bb- y ha confesado que le encantan este tipo de convenciones. Por eso, desde que le \u00abinvitaron a M\u00e1laga para venir al primer evento Comic-Con, dije: me apunto\u00bb, ha confesado.<\/p>\n<p class=\"v-p\">Maestro absoluto del escenario, Schwarzenegger ha hecho las delicias de los 3.000 presentes, ante los que ha repasado su carrera, sus comienzos en el culturismo, su triunfo en el cine pese a su f\u00edsico y las dificultades de su acento, el papel de Espa\u00f1a en su lanzamiento internacional y su paso a la pol\u00edtica como gobernador de California. Incluso ha tenido tiempo para hablar de la pol\u00edtica actual, templar \u00e1nimos y responder a Trump que esta semana volvi\u00f3 a encender el ambiente al afirmar: \u00abOdio a mis oponentes\u00bb. Sin histrionismo y con calma, el actor y pol\u00edtico ha querido dejar claro su mensaje y le ha contestado: \u00abNadie deber\u00eda odiar a nadie. Puedes respetar a la gente cuando piensa de forma diferente a la tuya\u00bb. <\/p>\n<p><a href=\"http:\/\/www.diariosur.es\/culturas\/comic-con\/expectacion-san-diego-comiccon-malaga-llegada-heroe-arnold-schwarzenegger-20250928105554-nt.html#vtm_modulosEngag=mod-rel:culturas:noticia:1:cmp:2-not\" class=\"v-a-link\" title=\"Expectaci\u00f3n en San Diego Comic-Con M\u00e1laga con la llegada del h\u00e9roe Arnold Schwarzenegger\" rel=\"nofollow noopener\" target=\"_blank\"><br \/>\n<img decoding=\"async\" loading=\"lazy\" class=\"v-a-img\" src=\"https:\/\/s2.ppllstatics.com\/diariosur\/www\/multimedia\/2025\/09\/28\/grinan-U23047351577pnD--366x256@Diario%20Sur.jpg\" alt=\"Expectaci\u00f3n en San Diego Comic-Con M\u00e1laga con la llegada del h\u00e9roe Arnold Schwarzenegger\"\/><br \/>\n<\/a><\/p>\n<p><a href=\"http:\/\/www.diariosur.es\/gente-estilo\/arnold-schwarzenegger-malaga-ciudad-preciosa-visto-espectacular-20250928133747-nt.html#vtm_modulosEngag=mod-rel:culturas:noticia:2:cmp:2-not\" class=\"v-a-link\" title=\"Arnold Schwarzenegger: \u00abM\u00e1laga es una ciudad preciosa, lo que he visto es espectacular\u00bb\" rel=\"nofollow noopener\" target=\"_blank\"><br \/>\n<img decoding=\"async\" loading=\"lazy\" class=\"v-a-img\" src=\"https:\/\/www.europesays.com\/es\/wp-content\/uploads\/2025\/09\/arnold-juanma-kkkC--366x256@Diario Sur.jpeg\" alt=\"Arnold Schwarzenegger: \u00abM\u00e1laga es una ciudad preciosa, lo que he visto es espectacular\u00bb\"\/><br \/>\n<\/a><\/p>\n<p class=\"v-p\">La presencia inesperada de Antonio Banderas ha sido la primera sorpresa de la masterclass &#8216;Desaf\u00edo total&#8217; protagonizada por Schwarzenegger. El norteamericano ha mostrado adem\u00e1s una sinton\u00eda total con el malague\u00f1o. Despu\u00e9s de que Banderas recordara que se conquist\u00f3 a su \u00abamigo\u00bb y actor con sus \u00abpaellas\u00bb en su casa de Los \u00c1ngeles, Schwarzenegger le ha respondido que \u00abidolatra\u00bb al malague\u00f1o desde hace \u00abd\u00e9cadas\u00bb y ha asegurado que fue \u00abmuy divertido\u00bb cuando compartieron la pantalla en &#8216;Los Mercenarios 3&#8217;. Pegaron tiros de lo lindo. <\/p>\n<p>\nSchwarzenegger, a Trump: \u00abNadie deber\u00eda odiar a nadie. Puedes respetar a la gente cuando piensa de forma diferente a la tuya\u00bb.\n<\/p>\n<p class=\"v-p\">A continuaci\u00f3n, Schwarzenegger se ha dirigido al otro personaje fant\u00e1stico que estaba sobre el escenario, el cineasta \u00c1lex de la Iglesia, que ha conducido la charla con el actor de &#8216;Mentiras arriesgadas&#8217;. Sin que lo esperase el director, Arnold le ha hecho una oferta de las que no se pueden rechazar: \u00abNunca hemos trabajado juntos y espero que hagamos una pel\u00edcula juntos\u00bb. El responsable de &#8216;El d\u00eda de la bestia&#8217; se ha quedado sin palabras y, despu\u00e9s de que el norteamericano le insistiese -\u00ab\u00bfS\u00ed o no?\u00bb-, el vasco ha reaccionado y ha contestado con un sonoro: \u00abS\u00ediiiiiiiiiiiiii\u00bb. En la sala hab\u00eda testigos de sobra de la proposici\u00f3n.<\/p>\n<p><a class=\"v-a-link\" href=\"https:\/\/www.diariosur.es\/culturas\/comic-con\/san-diego-comiccon-malaga-mejores-imagenes-ultima-20250928111341-ga.html\" data-voc-vtm-id=\"in-text-traffic\" title=\"\" aria-label=\"Imagen\" rel=\"nofollow noopener\" target=\"_blank\"><br \/>\n<img decoding=\"async\" loading=\"lazy\" src=\"https:\/\/www.europesays.com\/es\/wp-content\/uploads\/2025\/09\/schwar1-U230457935404OIB-U2303208285824IfD-650x455@Diario Sur.jpg\" class=\"v-a-img\" width=\"650\" height=\"455\" alt=\"\" data-voc-vtm-id=\"in-text-traffic\"\/><\/p>\n<p><\/a><\/p>\n<p class=\"v-p\">Aunque era su primera vez en M\u00e1laga, Arnold ha dicho su famoso \u00abvolver\u00e9\u00bb de la saga &#8216;Terminator&#8217; con toda la intenci\u00f3n. \u00abPara m\u00ed, esto es como volver a casa. Porque aqu\u00ed film\u00e9 &#8216;Conan el B\u00e1rbaro&#8217;. Hace 45 a\u00f1os, aqu\u00ed en Espa\u00f1a\u00bb, ha recordado el actor de origen austriaco, recordando su paso por el desierto de Almer\u00eda, Madrid y Segovia para rodar la m\u00edtica adaptaci\u00f3n del c\u00f3mic dirigida por John Millius en 1982. \u00abJam\u00e1s lo olvidar\u00e9 porque fue el comienzo de mi carrera internacional\u00bb, ha asegurado.<\/p>\n<p>\nSchwarzenegger cont\u00f3 su \u00abloco\u00bb pique con Stallone por ver qui\u00e9n mataba m\u00e1s gente en sus pel\u00edculas: \u00abEra una guerra total y a la gente le encantaba. Y a nosotros, tambi\u00e9n\u00bb\n<\/p>\n<p class=\"v-p\">Aquella pel\u00edcula la protagoniz\u00f3, entre otras cosas, gracias a su f\u00edsico de culturista. Algo en lo que tambi\u00e9n ha entrado en su charla Arnold Schwarzenegger para reivindicar aquella etapa de juventud que fue algo m\u00e1s que un ex\u00f3tico t\u00edtulo de campe\u00f3n en su biograf\u00eda. \u00abEl culturismo no es s\u00f3lo la construcci\u00f3n de tu cuerpo, tambi\u00e9n es la construcci\u00f3n de tu mente y tu confianza\u00bb, ha se\u00f1alado el actor que ha a\u00f1adido que, al no poder hablar y solo expresarte con el cuerpo en estas competiciones, supo desarrollar la \u00abcomunicaci\u00f3n sin decir nada por la forma en la que te mueves\u00bb. Algo que despu\u00e9s fue fundamental en su carrera. <\/p>\n<p class=\"v-p\">\u00abLuego adopt\u00e9 este tipo de cosas actuando\u00bb, ha expresado el actor que ha demostrado su vis c\u00f3mica durante toda la charla. Precisamente, sobre su etapa de &#8216;musculitos&#8217; ha confesado que se trajo la disciplina del trabajo f\u00edsico a Hollywood y que dedicaba cinco horas al d\u00eda a &#8216;entrenar&#8217;: \u00abTom\u00e9 clases de interpretaci\u00f3n, de acrobacias, de oratoria, de ingl\u00e9s, de c\u00f3mo quitarme el acento.. no funcion\u00f3. Lo s\u00e9. Todav\u00eda tengo acento\u00bb, ha dicho con humor mientras el p\u00fablico se re\u00eda y lo ovacionaba.<\/p>\n<p class=\"v-p\">Los \u00e9xitos se acumulan en la carrera de Arnold Schwarzenegger, que, no obstante, se ha acordado de los directores con los que ha trabajado. \u00abGente como John Millius, Jim Cameron, Ivan Reitman, John McTiernan, Paul Verhoeven y la lista sigue y sigue y sigue. Todos ellos y los que vendr\u00e1n son los que determinan lo que aparece en pantalla, as\u00ed que les doy las gracias por mi carrera. Yo no me he hecho a mismo. Me han hecho directores geniales, grandes actores y grandes fans que si no van a ver las pel\u00edculas, no tendr\u00eda nada\u00bb, ha agradecido el interprete que se ha considerado un tipo \u00abcon suerte\u00bb. <\/p>\n<p>\u00abYo no me he hecho a mismo. Me han hecho directores geniales, grandes actores y grandes fans que si no van a ver las pel\u00edculas, no tendr\u00eda nada\u00bb<\/p>\n<p class=\"v-p\">El inimitable rostro -y cuerpo- de &#8216;Terminator&#8217; y &#8216;Depredador&#8217; truf\u00f3 su charla de an\u00e9cdotas de todo tipo. Como su disparatado pique con Sylvester Stallone en los a\u00f1os 80 y 90. \u00abVino y me dijo; &#8216;Mat\u00e9 a m\u00e1s gente en &#8216;Rambo&#8217; que t\u00fa en &#8216;Conan&#8217;. Entonces las contamos y \u00e9l fueron como 60 personas, pero despu\u00e9s hice &#8216;Comando&#8217; y &#8216;mat\u00e9&#8217; a 87 personas. Se volvi\u00f3 loco, as\u00ed que nos lanzamos a una competici\u00f3n de qui\u00e9n mata a m\u00e1s gente, qui\u00e9n usa armas m\u00e1s grandes, qui\u00e9n usa cuchillos m\u00e1s largos, qui\u00e9n corta m\u00e1s gargantas, qui\u00e9n tiene menos grasa corporal, qui\u00e9n gana m\u00e1s dinero en la taquilla&#8230; Era una guerra total y a la gente le encantaba. Y a nosotros, tambi\u00e9n\u00bb, ha relatado el int\u00e9rprete que tambi\u00e9n ha contado que tanta competici\u00f3n y escena de acci\u00f3n ten\u00eda sus riesgos.<\/p>\n<p class=\"v-p\"> Como ocurri\u00f3 cuando estuvo ensayando una y otra vez una escena con un cuchillo en &#8216;Comando&#8217;. \u00abY luego, al rodar con la c\u00e1mara, me acab\u00e9 apu\u00f1alando a m\u00ed mismo en la mano, por lo que acab\u00e9 en el hospital\u00bb, ha comentado el Schwarzenegger, que ha a\u00f1adido que su gran fijaci\u00f3n siempre ha sido \u00abentretener\u00bb al espectador. Pero no solo al estadounidense. \u00abMe considero un ciudadano del mundo y me siento c\u00f3modo en todas partes, as\u00ed que siempre he querido hacer pel\u00edculas para el mundo\u00bb, ha dicho para deleite y ovaci\u00f3n de los presentes.<\/p>\n<p>\nCon humor, Schwarzenegger cont\u00f3 que, hace 45 a\u00f1os con &#8216;Terminator&#8217; dec\u00eda: \u00ab&#8217;I&#8217;m back&#8217; (&#8216;Volver\u00e9&#8217;). Ahora digo: &#8216;\u00a1Oh, my back!&#8217; (&#8216;Oh, mi espalda&#8217;)\u00bb\n<\/p>\n<p class=\"v-p\">De su gran saga &#8216;Terminator&#8217; record\u00f3 la primera vez que encarn\u00f3 al personaje y el director, James Cameron, le dijo tras una toma que se la hab\u00edan puesto los \u00abvellos de punta\u00bb. Aunque a rengl\u00f3n seguido volvi\u00f3 a tirar de iron\u00eda al confesar que durante aquel rodaje \u00abme sent\u00ed como si yo fuera &#8216;Terminator&#8217;, pero las cosas cambian. Eso fue hace 45, cuando dec\u00eda: &#8216;I&#8217;m back&#8217; (&#8216;Volver\u00e9&#8217;). Ahora digo: &#8216;\u00a1Oh, my back!&#8217;\u00bb, ha contado y mientras se pon\u00eda de pie y se llevaba la mano a la espalda: \u00abComo pod\u00e9is ver, las cosas cambian a medida que envejeces\u00bb.<\/p>\n<p class=\"v-p\">La expectaci\u00f3n en el patio de butacas ha sido hasta pol\u00edtica, ya que entre los presentes en la sala estaba el presidente de la Junta de Andaluc\u00eda, Juanma Moreno, y el alcalde de M\u00e1laga, que han compartido asientos con David Glanzer, portavoz de la matriz San Diego Comic-Con (EE UU), y el director de SDCCM, Javier Barber\u00e1. Y como ex pol\u00edtico, Schwarzenegger no ha querido irse sin dejan tambi\u00e9n un mensaje. Pero uno muy diferente al que est\u00e1 de moda en su pa\u00eds e impone el d\u00eda a d\u00eda de las declaraciones del presidente de EE UU, Donald Trump. Como el de esta semana, cuando ha abogado por el \u00abodio\u00bb al rival.<\/p>\n<p class=\"v-p\">\u00abTenemos que luchar contra la contaminaci\u00f3n y asegurarnos de que nunca miramos a nadie como el enemigo. No hay enemigo. No dejes que los partidos pol\u00edticos te separen. He visto en Am\u00e9rica c\u00f3mo los partidos pol\u00edticos est\u00e1n haciendo su negocio. Los dem\u00f3cratas odian a los republicanos y los republicanos odian a los dem\u00f3cratas. Pero en realidad, todos son americanos, as\u00ed que nadie deber\u00eda odiar a nadie, sino respetar a la gente que piensa de forma diferente a la tuya\u00bb, fueron sus \u00faltimas palabras que levantaron una vez m\u00e1s al auditorio. Antes de irse y, fiel a su condici\u00f3n de actor, protagoniz\u00f3 un giro de guion. Mirando al patio de butacas, se despidi\u00f3 con un gui\u00f1o para todos sus fans: \u00abHasta la vista, baby\u00bb. Ya veremos en el futuro si vuelve a cumplir eso de &#8216;Volver\u00e9&#8217;. <\/p>\n","protected":false},"excerpt":{"rendered":"Ba\u00f1o de mitoman\u00eda este domingo en San Diego Comic-Con M\u00e1laga (SDCCM). Y de nivel Hollywood. Un atestado Hall&hellip;\n","protected":false},"author":2,"featured_media":144520,"comment_status":"","ping_status":"","sticky":false,"template":"","format":"standard","meta":{"footnotes":""},"categories":[91],"tags":[44577,35951,14321,146,147,25,24,44576,3855,13642,23],"class_list":{"0":"post-144519","1":"post","2":"type-post","3":"status-publish","4":"format-standard","5":"has-post-thumbnail","7":"category-entretenimiento","8":"tag-apunto","9":"tag-comiccon","10":"tag-dije","11":"tag-entertainment","12":"tag-entretenimiento","13":"tag-es","14":"tag-espana","15":"tag-invitaron","16":"tag-malaga","17":"tag-schwarzenegger","18":"tag-spain"},"share_on_mastodon":{"url":"","error":""},"_links":{"self":[{"href":"https:\/\/www.europesays.com\/es\/wp-json\/wp\/v2\/posts\/144519","targetHints":{"allow":["GET"]}}],"collection":[{"href":"https:\/\/www.europesays.com\/es\/wp-json\/wp\/v2\/posts"}],"about":[{"href":"https:\/\/www.europesays.com\/es\/wp-json\/wp\/v2\/types\/post"}],"author":[{"embeddable":true,"href":"https:\/\/www.europesays.com\/es\/wp-json\/wp\/v2\/users\/2"}],"replies":[{"embeddable":true,"href":"https:\/\/www.europesays.com\/es\/wp-json\/wp\/v2\/comments?post=144519"}],"version-history":[{"count":0,"href":"https:\/\/www.europesays.com\/es\/wp-json\/wp\/v2\/posts\/144519\/revisions"}],"wp:featuredmedia":[{"embeddable":true,"href":"https:\/\/www.europesays.com\/es\/wp-json\/wp\/v2\/media\/144520"}],"wp:attachment":[{"href":"https:\/\/www.europesays.com\/es\/wp-json\/wp\/v2\/media?parent=144519"}],"wp:term":[{"taxonomy":"category","embeddable":true,"href":"https:\/\/www.europesays.com\/es\/wp-json\/wp\/v2\/categories?post=144519"},{"taxonomy":"post_tag","embeddable":true,"href":"https:\/\/www.europesays.com\/es\/wp-json\/wp\/v2\/tags?post=144519"}],"curies":[{"name":"wp","href":"https:\/\/api.w.org\/{rel}","templated":true}]}}