{"id":144523,"date":"2025-09-28T15:43:07","date_gmt":"2025-09-28T15:43:07","guid":{"rendered":"https:\/\/www.europesays.com\/es\/144523\/"},"modified":"2025-09-28T15:43:07","modified_gmt":"2025-09-28T15:43:07","slug":"los-minoritarios-del-sabadell-rechazan-la-mejora-de-la-opa-de-bbva-por-no-considerarla-atractiva-empresas","status":"publish","type":"post","link":"https:\/\/www.europesays.com\/es\/144523\/","title":{"rendered":"Los minoritarios del Sabadell rechazan la mejora de la opa de BBVA por no considerarla atractiva | Empresas"},"content":{"rendered":"<p class=\"\">La asociaci\u00f3n N\u00facleo Estable de Accionistas Minoritarios de Banco Sabadell (NEM) ha recomendado no acudir al canje propuesto por <a href=\"https:\/\/elpais.com\/economia\/2025-09-26\/torres-se-lanza-a-convencer-a-los-gestores-estrella-para-intentar-blindar-el-exito-de-la-opa.html\" rel=\"nofollow noopener\" target=\"_blank\">BBVA en su oferta p\u00fablica de adquisici\u00f3n (opa) mejorada sobre Banco Sabadell por no considerarla suficientemente \u201catractiva\u201d.<\/a> \u201cDesde la asociaci\u00f3n aconsejamos no vender, porque la nueva oferta ha eliminado la cuesti\u00f3n dineraria en efectivo, y aunque haya aumentado el canje, no es suficiente. No es atractiva\u201d, ha defendido el presidente de los accionistas minoritario, V\u00edctor Baeta. <\/p>\n<p class=\"\">\u201cLas perspectivas de evoluci\u00f3n de Sabadell son buenas. No nos arriesgar\u00edamos a meternos en una operaci\u00f3n as\u00ed\u201d, ha defendido el representante de esta agrupaci\u00f3n de minoritarios, que agrupa a peque\u00f1os accionistas de la antigua Caja de Ahorros del Mediterr\u00e1neo (CAM).<\/p>\n<p class=\"\">Respecto a unas declaraciones recientes del presidente de BBVA, Carlos Torres, en las que afirma que ya hay minoritarios acudiendo al canje, Baeta ha emplazado al presidente de BBVA a \u201cque diga cifras, porque no se corresponde con lo que Sabadell dice\u201d.<\/p>\n<p class=\"\">El consejero delegado de Banco Sabadell, C\u00e9sar Gonz\u00e1lez-Bueno, asegur\u00f3 esta semana que entre los accionistas que son clientes de Banco Sabadell hab\u00eda acudido al canje el \u201c0,0%\u201d. Algo menos de la mitad de los accionistas de Sabadell son accionistas minoristas y, de estos, el 80% tiene sus acciones depositadas en el propio banco.<\/p>\n<p class=\"\">Aparte de la cuesti\u00f3n monetaria, a NEM tambi\u00e9n le preocupa la cercan\u00eda de los centros de decisi\u00f3n. La agrupaci\u00f3n ha destacado que Sabadell \u201cha respetado\u201d la estructura de la antigua CAM. \u201cSi pasamos a BBVA, la estructura se aleja m\u00e1s. Ser\u00eda un banco menos territorializado en nuestras regiones\u201d, ha argumentado Baeta. Asimismo, tambi\u00e9n ha reclamado a Torres que plantee qu\u00e9 har\u00eda con las antiguas cuotas participativas de la CAM que, aunque dejaron de cotizar \u201cest\u00e1n ah\u00ed y su valor no se ha reducido a cero\u201d.<\/p>\n<p class=\"\">El martes de la semana que viene vence el plazo para que el consejo de administraci\u00f3n vuelva a pronunciarse sobre la OPA, atendiendo al precio mejorado. Aunque la deliberaci\u00f3n a\u00fan no se ha producido, en los \u00faltimos d\u00edas tanto el presidente de Banco Sabadell, Josep Oliu, como el consejero delegado, C\u00e9sar Gonz\u00e1lez-Bueno, han rechazado la nueva oferta al considerarla \u201ca\u00fan peor\u201d.<\/p>\n<p class=\"\">En todo caso, queda la inc\u00f3gnita de qu\u00e9 votar\u00e1 el consejero dominical David Mart\u00ednez Guzm\u00e1n. En la \u00faltima opini\u00f3n del consejo, rechaz\u00f3 la oferta por considerar el precio insuficiente, pero ve\u00eda sentido estrat\u00e9gico a la fusi\u00f3n entre ambas entidades.<\/p>\n<p>Pautas comerciales del BBVA<\/p>\n<p class=\"\">Por otra parte, la direcci\u00f3n de BBVA ha pausado ciertos objetivos comerciales para que su plantilla pueda centrar sus esfuerzos en atender a los clientes que acudan al canje de la opa sobre Banco Sabadell. Para aceptar la OPA, los accionistas pueden presentar por escrito su declaraci\u00f3n de aceptaci\u00f3n a la entidad donde tengan depositadas sus acciones de Banco Sabadell, ya sea de forma presencial, por medios electr\u00f3nicos o por cualesquiera otros medios admitidos por dichas entidades depositarias. Tambi\u00e9n pueden realizar el tr\u00e1mite acudiendo a una oficina de BBVA o por v\u00eda telef\u00f3nica con el banco. En estos casos, BBVA asumir\u00e1 los gastos asociados al canje. <\/p>\n<p class=\"\">Para que los trabajadores del banco puedan dedicarse a esta tarea, BBVA ha decidido poner en pausa ciertas r\u00fabricas de algunos objetivos comerciales, seg\u00fan fuentes cercanas a la plantilla, que cita Europa Press. Las fuentes consultadas indican que el departamento de Talento y Cultura (Recursos Humanos) de BBVA reuni\u00f3 a los empleados para trasladarles estos cambios y dar las instrucciones sobre c\u00f3mo actuar durante este periodo. <\/p>\n<p class=\"\">\u201cEl banco ha dejado claro que hay que ser totalmente transparentes con la clientela y no transmitirles ninguna presi\u00f3n. Que tenemos que ser as\u00e9pticos a la hora de informar\u201d, han explicado, a\u00f1adiendo que la direcci\u00f3n del banco ha transmitido su deseo de que no haya \u201cpresi\u00f3n a\u00f1adida\u201d. Otras fuentes sindicales afirman que no se est\u00e1 notando presi\u00f3n adicional durante este periodo de canje. \u201cLa vida diaria no ha cambiado. La gente sigue dedicada a sus objetivos y sus clientes\u201d, ha detallado un delegado de uno de los sindicatos con representaci\u00f3n en BBVA.<\/p>\n","protected":false},"excerpt":{"rendered":"La asociaci\u00f3n N\u00facleo Estable de Accionistas Minoritarios de Banco Sabadell (NEM) ha recomendado no acudir al canje propuesto&hellip;\n","protected":false},"author":2,"featured_media":144524,"comment_status":"","ping_status":"","sticky":false,"template":"","format":"standard","meta":{"footnotes":""},"categories":[80],"tags":[3287,3285,82,95,94,2308,25,24,3284,6558,23],"class_list":{"0":"post-144523","1":"post","2":"type-post","3":"status-publish","4":"format-standard","5":"has-post-thumbnail","7":"category-economia","8":"tag-banco-sabadell","9":"tag-bbva","10":"tag-business","11":"tag-economia","12":"tag-economy","13":"tag-empresas","14":"tag-es","15":"tag-espana","16":"tag-opa","17":"tag-opa-hostil","18":"tag-spain"},"share_on_mastodon":{"url":"","error":""},"_links":{"self":[{"href":"https:\/\/www.europesays.com\/es\/wp-json\/wp\/v2\/posts\/144523","targetHints":{"allow":["GET"]}}],"collection":[{"href":"https:\/\/www.europesays.com\/es\/wp-json\/wp\/v2\/posts"}],"about":[{"href":"https:\/\/www.europesays.com\/es\/wp-json\/wp\/v2\/types\/post"}],"author":[{"embeddable":true,"href":"https:\/\/www.europesays.com\/es\/wp-json\/wp\/v2\/users\/2"}],"replies":[{"embeddable":true,"href":"https:\/\/www.europesays.com\/es\/wp-json\/wp\/v2\/comments?post=144523"}],"version-history":[{"count":0,"href":"https:\/\/www.europesays.com\/es\/wp-json\/wp\/v2\/posts\/144523\/revisions"}],"wp:featuredmedia":[{"embeddable":true,"href":"https:\/\/www.europesays.com\/es\/wp-json\/wp\/v2\/media\/144524"}],"wp:attachment":[{"href":"https:\/\/www.europesays.com\/es\/wp-json\/wp\/v2\/media?parent=144523"}],"wp:term":[{"taxonomy":"category","embeddable":true,"href":"https:\/\/www.europesays.com\/es\/wp-json\/wp\/v2\/categories?post=144523"},{"taxonomy":"post_tag","embeddable":true,"href":"https:\/\/www.europesays.com\/es\/wp-json\/wp\/v2\/tags?post=144523"}],"curies":[{"name":"wp","href":"https:\/\/api.w.org\/{rel}","templated":true}]}}