{"id":144525,"date":"2025-09-28T15:44:10","date_gmt":"2025-09-28T15:44:10","guid":{"rendered":"https:\/\/www.europesays.com\/es\/144525\/"},"modified":"2025-09-28T15:44:10","modified_gmt":"2025-09-28T15:44:10","slug":"hamas-reclama-a-israel-que-retroceda-y-deje-de-bombardear-gaza-durante-24-horas-para-recuperar-el-contacto-con-dos-rehenes","status":"publish","type":"post","link":"https:\/\/www.europesays.com\/es\/144525\/","title":{"rendered":"Ham\u00e1s reclama a Israel que retroceda y deje de bombardear Gaza durante 24 horas para recuperar el contacto con dos rehenes"},"content":{"rendered":"<p>INTERNACIONAL<\/p>\n<p>Los secuestrados son Omri Miran y Matan Angrest. Se perdi\u00f3 la comunicaci\u00f3n con ellos hace dos d\u00edas cuando comenzaron los bombardeos de los barrios de Sabra y Tal al Hawa. Desde que comenzase la ofensiva israel\u00ed han muerto m\u00e1s ded 66.000 palestinos.<\/p>\n<p class=\"articleSignature-name\"><a href=\"https:\/\/www.ondacero.es\/autores\/carlos-martin\/\" rel=\"nofollow noopener\" target=\"_blank\">Carlos Mart\u00edn<\/a><\/p>\n<p class=\"articleSignature-datecontent\">Madrid | <strong>28.09.2025 17:15 <\/strong><\/p>\n<p><img loading=\"lazy\" decoding=\"async\" title=\"Ham\u00e1s reclama a Israel que retroceda y deje de bombardear Gaza durante 24 horas para recuperar el contacto con dos rehenes\" alt=\"Ham\u00e1s reclama a Israel que retroceda y deje de bombardear Gaza durante 24 horas para recuperar el contacto con dos rehenes\" width=\"480\" height=\"270\" src=\"https:\/\/www.europesays.com\/es\/wp-content\/uploads\/2025\/09\/hamas-reclama-israel-que-retroceda-deje-bombardear-gaza-24-horas-recuperar-contacto-dos-rehenes_70.j.webp\"\/>Ham\u00e1s reclama a Israel que retroceda y deje de bombardear Gaza durante 24 horas para recuperar el contacto con dos rehenes | Europa Press<\/p>\n","protected":false},"excerpt":{"rendered":"INTERNACIONAL Los secuestrados son Omri Miran y Matan Angrest. Se perdi\u00f3 la comunicaci\u00f3n con ellos hace dos d\u00edas&hellip;\n","protected":false},"author":2,"featured_media":144526,"comment_status":"","ping_status":"","sticky":false,"template":"","format":"standard","meta":{"footnotes":""},"categories":[42],"tags":[17,18,13,14,11,61,62,63,64,19,20,9,10,15,16,12,21,22,65,66,67],"class_list":{"0":"post-144525","1":"post","2":"type-post","3":"status-publish","4":"format-standard","5":"has-post-thumbnail","7":"category-internacional","8":"tag-breaking-news","9":"tag-breakingnews","10":"tag-featured-news","11":"tag-featurednews","12":"tag-headlines","13":"tag-internacional","14":"tag-international","15":"tag-international-news","16":"tag-internationalnews","17":"tag-latest-news","18":"tag-latestnews","19":"tag-news","20":"tag-noticias","21":"tag-noticias-destacadas","22":"tag-noticiasdestacadas","23":"tag-titulares","24":"tag-ultimas-noticias","25":"tag-ultimasnoticias","26":"tag-world","27":"tag-world-news","28":"tag-worldnews"},"share_on_mastodon":{"url":"","error":""},"_links":{"self":[{"href":"https:\/\/www.europesays.com\/es\/wp-json\/wp\/v2\/posts\/144525","targetHints":{"allow":["GET"]}}],"collection":[{"href":"https:\/\/www.europesays.com\/es\/wp-json\/wp\/v2\/posts"}],"about":[{"href":"https:\/\/www.europesays.com\/es\/wp-json\/wp\/v2\/types\/post"}],"author":[{"embeddable":true,"href":"https:\/\/www.europesays.com\/es\/wp-json\/wp\/v2\/users\/2"}],"replies":[{"embeddable":true,"href":"https:\/\/www.europesays.com\/es\/wp-json\/wp\/v2\/comments?post=144525"}],"version-history":[{"count":0,"href":"https:\/\/www.europesays.com\/es\/wp-json\/wp\/v2\/posts\/144525\/revisions"}],"wp:featuredmedia":[{"embeddable":true,"href":"https:\/\/www.europesays.com\/es\/wp-json\/wp\/v2\/media\/144526"}],"wp:attachment":[{"href":"https:\/\/www.europesays.com\/es\/wp-json\/wp\/v2\/media?parent=144525"}],"wp:term":[{"taxonomy":"category","embeddable":true,"href":"https:\/\/www.europesays.com\/es\/wp-json\/wp\/v2\/categories?post=144525"},{"taxonomy":"post_tag","embeddable":true,"href":"https:\/\/www.europesays.com\/es\/wp-json\/wp\/v2\/tags?post=144525"}],"curies":[{"name":"wp","href":"https:\/\/api.w.org\/{rel}","templated":true}]}}