{"id":144527,"date":"2025-09-28T15:45:11","date_gmt":"2025-09-28T15:45:11","guid":{"rendered":"https:\/\/www.europesays.com\/es\/144527\/"},"modified":"2025-09-28T15:45:11","modified_gmt":"2025-09-28T15:45:11","slug":"padre-e-hijo-detenidos-por-la-muerte-de-una-joven-en-badajoz-cuyo-cuerpo-aparecio-entre-las-llamas-de-un-incendio","status":"publish","type":"post","link":"https:\/\/www.europesays.com\/es\/144527\/","title":{"rendered":"Padre e hijo detenidos por la muerte de una joven en Badajoz cuyo cuerpo apareci\u00f3 entre las llamas de un incendio"},"content":{"rendered":"<p>Las primeras informaciones apuntan que el fuego fue provocado despu\u00e9s de que la chica fuese asesinada con el objetivo de eliminar pruebas\n<\/p>\n<p><img fetchpriority=\"high\" class=\"voc-img\" src=\"https:\/\/www.europesays.com\/es\/wp-content\/uploads\/2025\/09\/fuego_crimen-U701073876743xTF-Rs5idHKK9InVVsytOo9G7gO-1200x840@diario_abc.jpg\" loading=\"eager\" decoding=\"async\" alt=\"Portal de la vivienda donde tuvo lugar el incendio\" width=\"1200\" height=\"840\"\/><\/p>\n<p>Portal de la vivienda donde tuvo lugar el incendio    Arnelas \/ HOY  <\/p>\n<p><img decoding=\"async\" class=\"voc-author__img\" src=\"https:\/\/www.europesays.com\/es\/wp-content\/uploads\/2025\/08\/1754594783_114_autor-7155-foto-1.jpeg\" alt=\"Adri\u00e1n Garc\u00eda Dur\u00e1n\"\/><\/p>\n<p>28\/09\/2025<br \/>\n<br \/><strong><br \/>\nActualizado a las 17:08h.<br \/>\n<\/strong><\/p>\n<p class=\"voc-p\" style=\"\">El pasado jueves, a primera hora de la ma\u00f1ana, el tranquilo barrio pacense de Santa Marina amanec\u00eda alterado por un <strong>aparatoso incendio<\/strong> en una vivienda, donde los bomberos, tras lograr sofocar las llamas, encontraban el <strong>cuerpo sin vida de una joven de 30 a\u00f1os<\/strong>. La fallecida, identificada como M.A.S., apareci\u00f3 tendida en el suelo de una de las habitaciones con quemaduras en buena parte de su cuerpo y <strong>heridas de arma blanca<\/strong>.<\/p>\n<p class=\"voc-p\" style=\"\">La delegaci\u00f3n del Gobierno en Extremadura confirmaba, horas m\u00e1s tarde, que hab\u00eda solicitado la presencia de un equipo especializado en incendios de la Polic\u00eda Nacional para esclarecer c\u00f3mo se hab\u00edan provocado las llamas. Ya en un primer momento, las <strong>primeras investigaciones<\/strong> hicieron saltar todas las alarmas y apuntar en una direcci\u00f3n contraria a lo que podr\u00eda parecer un incendio fortuito. El fuego ten\u00eda <strong>varios focos<\/strong>, con que, todo hac\u00eda indicar que, efectivamente, hab\u00eda sido provocado. En la ma\u00f1ana de este domingo, <strong>dos personas han sido detenidas<\/strong> por su implicaci\u00f3n en la muerte de M.A.S. Las fuentes oficiales no aportan muchos m\u00e1s datos, m\u00e1s all\u00e1 de que ambas personas se encuentran en dependencias policiales y no pasar\u00e1n a disposici\u00f3n judicial hasta ma\u00f1ana lunes. <\/p>\n<p class=\"voc-p\" style=\"\">Seg\u00fan<strong> informa el diario `Hoy\u00b4<\/strong>, se tratar\u00eda de dos varones, <strong>padre e hijo<\/strong>. El joven habr\u00eda cometido el crimen y, tras confes\u00e1rselo a su progenitor, \u00e9ste le habr\u00eda ayudado, siempre seg\u00fan el citado medio, a prender fuego a la vivienda con el objetivo de eliminar pruebas. De ah\u00ed que el incendio presentase, al menos, dos focos. La misma informaci\u00f3n apunta que lleg\u00f3 a usar <strong>\u00abaceleradores\u00bb para ayudar a la propagaci\u00f3n de las llamas<\/strong>. De confirmarse, podr\u00eda constituir un nuevo caso de violencia machista, que ser\u00eda el tercero en lo que va de a\u00f1o en Extremadura. El caso est\u00e1 bajo secreto de sumario.<\/p>\n<p>\nLa joven fallecida es natural de un peque\u00f1o municipio de Badajoz\n<\/p>\n<p class=\"voc-p\" style=\"\">Como han informado d\u00edas atr\u00e1s medios locales, la fallecida, de 30 a\u00f1os, <strong>era natural de La Haba<\/strong>, municipio pacense de poco m\u00e1s de 2.000 habitantes, muy cercano a la localidad de Don Benito. M.A.S. era funcionaria de profesi\u00f3n. Trabajaba en el Instituto Nacional de la Seguridad Social, en Badajoz capital, donde tambi\u00e9n resid\u00eda. El viernes por la tarde, en la Iglesia de San Juan Bautista, su pueblo, entre incredulidad y consternaci\u00f3n le ofreci\u00f3 el \u00faltimo adi\u00f3s. <\/p>\n<p>Reportar un error<\/p>\n","protected":false},"excerpt":{"rendered":"Las primeras informaciones apuntan que el fuego fue provocado despu\u00e9s de que la chica fuese asesinada con el&hellip;\n","protected":false},"author":2,"featured_media":144528,"comment_status":"","ping_status":"","sticky":false,"template":"","format":"standard","meta":{"footnotes":""},"categories":[8],"tags":[44579,7235,17,18,873,1562,25,24,13,14,11,30,48,1928,19,20,9448,4920,9,10,15,16,39,23,12,21,22],"class_list":{"0":"post-144527","1":"post","2":"type-post","3":"status-publish","4":"format-standard","5":"has-post-thumbnail","7":"category-espana","8":"tag-aparecio","9":"tag-badajoz","10":"tag-breaking-news","11":"tag-breakingnews","12":"tag-cuerpo","13":"tag-detenidos","14":"tag-es","15":"tag-espana","16":"tag-featured-news","17":"tag-featurednews","18":"tag-headlines","19":"tag-hijo","20":"tag-incendio","21":"tag-joven","22":"tag-latest-news","23":"tag-latestnews","24":"tag-llamas","25":"tag-muerte","26":"tag-news","27":"tag-noticias","28":"tag-noticias-destacadas","29":"tag-noticiasdestacadas","30":"tag-padre","31":"tag-spain","32":"tag-titulares","33":"tag-ultimas-noticias","34":"tag-ultimasnoticias"},"share_on_mastodon":{"url":"","error":""},"_links":{"self":[{"href":"https:\/\/www.europesays.com\/es\/wp-json\/wp\/v2\/posts\/144527","targetHints":{"allow":["GET"]}}],"collection":[{"href":"https:\/\/www.europesays.com\/es\/wp-json\/wp\/v2\/posts"}],"about":[{"href":"https:\/\/www.europesays.com\/es\/wp-json\/wp\/v2\/types\/post"}],"author":[{"embeddable":true,"href":"https:\/\/www.europesays.com\/es\/wp-json\/wp\/v2\/users\/2"}],"replies":[{"embeddable":true,"href":"https:\/\/www.europesays.com\/es\/wp-json\/wp\/v2\/comments?post=144527"}],"version-history":[{"count":0,"href":"https:\/\/www.europesays.com\/es\/wp-json\/wp\/v2\/posts\/144527\/revisions"}],"wp:featuredmedia":[{"embeddable":true,"href":"https:\/\/www.europesays.com\/es\/wp-json\/wp\/v2\/media\/144528"}],"wp:attachment":[{"href":"https:\/\/www.europesays.com\/es\/wp-json\/wp\/v2\/media?parent=144527"}],"wp:term":[{"taxonomy":"category","embeddable":true,"href":"https:\/\/www.europesays.com\/es\/wp-json\/wp\/v2\/categories?post=144527"},{"taxonomy":"post_tag","embeddable":true,"href":"https:\/\/www.europesays.com\/es\/wp-json\/wp\/v2\/tags?post=144527"}],"curies":[{"name":"wp","href":"https:\/\/api.w.org\/{rel}","templated":true}]}}