{"id":144538,"date":"2025-09-28T15:54:14","date_gmt":"2025-09-28T15:54:14","guid":{"rendered":"https:\/\/www.europesays.com\/es\/144538\/"},"modified":"2025-09-28T15:54:14","modified_gmt":"2025-09-28T15:54:14","slug":"has-participado-en-el-paseo-en-bici-por-albacete-busca-tu-fotografia","status":"publish","type":"post","link":"https:\/\/www.europesays.com\/es\/144538\/","title":{"rendered":"\u00bfHas participado en el paseo en bici por Albacete? Busca tu fotograf\u00eda"},"content":{"rendered":"<p>\t\t\t\t\t134<\/p>\n<p><strong>El Ayuntamiento de Albacete ha celebrado este domingo el Paseo en Bicicleta, con motivo de la Semana de la Movilidad. Una cita que part\u00eda del Paseo de la Feria y ha recorrido el centro de la ciudad y sus lugares m\u00e1s emblem\u00e1ticos, en una ruta con albacete\u00f1os de todas las edades, en la que ha participado el alcalde, Manuel Serrano, entre otros representantes institucionales.<\/strong><\/p>\n<p>Acompa\u00f1ado por el concejal de Movilidad Urbana, Francisco Navarro, los concejales del Equipo de Gobierno, Rosa Gonz\u00e1lez de la Aleja, Juli\u00e1n Garijo y Lucrecia Rodr\u00edguez de Vera, y otros miembros de la Corporaci\u00f3n Municipal, el alcalde ha agradecido a las m\u00e1s de 2.000 personas que hoy han participado en este paseo en bici su apuesta inequ\u00edvoca por una movilidad m\u00e1s sostenible, poniendo en valor el uso creciente de la bicicleta que est\u00e1 registrando nuestra ciudad, tanto como medio de transporte como a nivel deportivo.<\/p>\n<p>Un paseo en bici con salida y llegada desde el Paseo de la Feria que ha recorrido las principales calles de Albacete para concienciar a la sociedad de que otro modo de movilidad menos contaminante es posible y que, un a\u00f1o m\u00e1s, ha comenzado despu\u00e9s de guardar un minuto de silencio por todas las v\u00edctimas de los siniestros viales.<\/p>\n<p>Manuel Serrano ha asegurado que seguir\u00e1 trabajando para avanzar hacia una movilidad sostenible, accesible y respetuosa con todas las personas, capaz de bajar las emisiones de CO2 y de ruido, potenciando para ello el uso del transporte p\u00fablico y de veh\u00edculos no contaminantes como las bicicletas.<\/p>\n<p><a href=\"https:\/\/www.europesays.com\/es\/wp-content\/uploads\/2025\/09\/ruta-en-bici-uno.jpg\" data-rel=\"penci-gallery-image-content\"><img fetchpriority=\"high\" decoding=\"async\" width=\"1920\" height=\"1280\" data-id=\"192058\" src=\"https:\/\/www.europesays.com\/es\/wp-content\/uploads\/2025\/09\/ruta-en-bici-uno.jpg\" alt=\"\" class=\"wp-image-192058\"  \/><\/a><\/p>\n<p>Este a\u00f1o se han prestado 80 bicicletas, previa presentaci\u00f3n del DNI, gracias a la aportaci\u00f3n desde la Polic\u00eda Local de las existentes en el Parque Infantil de Tr\u00e1fico y las del Servicio de Salud Ambiental.\u00a0 Adem\u00e1s, Europa Direct ha instalado un espacio informativo sobre el Pacto Verde Europeo y el Acuerdo de las ciudades verdes y el Servicio de Bicicletas de Pr\u00e9stamo, Albabici, ha contado con un stand informativo de su actividad, colaborando adem\u00e1s con el pr\u00e9stamo de 25 bicicletas.<\/p>\n<p>El alcalde ha dado las gracias a todos aquellos que han hecho posible las actividades que durante estos d\u00edas han tenido lugar en la ciudad con motivo de la Semana Europea de la Movilidad, como es el caso de la Polic\u00eda Local, los servicios municipales de Juventud y Salud Ambiental, Europa Direct, IMD, Jefatura Provincial de Tr\u00e1fico, Emisalba, la Asociaci\u00f3n ciclista CURBA, Alba-Bici, Aguas de Albacete, Cruz Roja y Protecci\u00f3n Civil.<\/p>\n<p><a href=\"https:\/\/www.europesays.com\/es\/wp-content\/uploads\/2025\/09\/bicicletas-albacete-132.jpg\" data-rel=\"penci-gallery-image-content\"><img loading=\"lazy\" decoding=\"async\" width=\"2048\" height=\"1152\" data-id=\"191907\" src=\"https:\/\/www.europesays.com\/es\/wp-content\/uploads\/2025\/09\/bicicletas-albacete-132.jpg\" alt=\"\" class=\"wp-image-191907\"  \/><\/a><\/p>\n<p><a href=\"https:\/\/www.europesays.com\/es\/wp-content\/uploads\/2025\/09\/bicicletas-albacete-131.jpg\" data-rel=\"penci-gallery-image-content\"><img loading=\"lazy\" decoding=\"async\" width=\"2048\" height=\"1152\" data-id=\"191947\" src=\"https:\/\/www.europesays.com\/es\/wp-content\/uploads\/2025\/09\/bicicletas-albacete-131.jpg\" alt=\"\" class=\"wp-image-191947\"  \/><\/a><\/p>\n<p><a href=\"https:\/\/www.europesays.com\/es\/wp-content\/uploads\/2025\/09\/bicicletas-albacete-130.jpg\" data-rel=\"penci-gallery-image-content\"><img loading=\"lazy\" decoding=\"async\" width=\"2048\" height=\"1152\" data-id=\"191930\" src=\"https:\/\/www.europesays.com\/es\/wp-content\/uploads\/2025\/09\/bicicletas-albacete-130.jpg\" alt=\"\" class=\"wp-image-191930\"  \/><\/a><\/p>\n<p><a href=\"https:\/\/www.europesays.com\/es\/wp-content\/uploads\/2025\/09\/bicicletas-albacete-128.jpg\" data-rel=\"penci-gallery-image-content\"><img loading=\"lazy\" decoding=\"async\" width=\"2048\" height=\"1152\" data-id=\"191909\" src=\"https:\/\/www.europesays.com\/es\/wp-content\/uploads\/2025\/09\/bicicletas-albacete-128.jpg\" alt=\"\" class=\"wp-image-191909\"  \/><\/a><\/p>\n<p><a href=\"https:\/\/www.europesays.com\/es\/wp-content\/uploads\/2025\/09\/bicicletas-albacete-127.jpg\" data-rel=\"penci-gallery-image-content\"><img loading=\"lazy\" decoding=\"async\" width=\"2048\" height=\"1152\" data-id=\"191922\" src=\"https:\/\/www.europesays.com\/es\/wp-content\/uploads\/2025\/09\/bicicletas-albacete-127.jpg\" alt=\"\" class=\"wp-image-191922\"  \/><\/a><\/p>\n<p><a href=\"https:\/\/www.europesays.com\/es\/wp-content\/uploads\/2025\/09\/bicicletas-albacete-126.jpg\" data-rel=\"penci-gallery-image-content\"><img loading=\"lazy\" decoding=\"async\" width=\"2048\" height=\"1152\" data-id=\"191989\" src=\"https:\/\/www.europesays.com\/es\/wp-content\/uploads\/2025\/09\/bicicletas-albacete-126.jpg\" alt=\"\" class=\"wp-image-191989\"  \/><\/a><\/p>\n<p><a href=\"https:\/\/www.europesays.com\/es\/wp-content\/uploads\/2025\/09\/bicicletas-albacete-125.jpg\" data-rel=\"penci-gallery-image-content\"><img loading=\"lazy\" decoding=\"async\" width=\"2048\" height=\"1152\" data-id=\"191926\" src=\"https:\/\/www.europesays.com\/es\/wp-content\/uploads\/2025\/09\/bicicletas-albacete-125.jpg\" alt=\"\" class=\"wp-image-191926\"  \/><\/a><\/p>\n<p><a href=\"https:\/\/www.europesays.com\/es\/wp-content\/uploads\/2025\/09\/bicicletas-albacete-124.jpg\" data-rel=\"penci-gallery-image-content\"><img loading=\"lazy\" decoding=\"async\" width=\"2048\" height=\"1152\" data-id=\"191924\" src=\"https:\/\/www.europesays.com\/es\/wp-content\/uploads\/2025\/09\/bicicletas-albacete-124.jpg\" alt=\"\" class=\"wp-image-191924\"  \/><\/a><\/p>\n<p><a href=\"https:\/\/www.europesays.com\/es\/wp-content\/uploads\/2025\/09\/bicicletas-albacete-123.jpg\" data-rel=\"penci-gallery-image-content\"><img loading=\"lazy\" decoding=\"async\" width=\"2048\" height=\"1152\" data-id=\"191920\" src=\"https:\/\/www.europesays.com\/es\/wp-content\/uploads\/2025\/09\/bicicletas-albacete-123.jpg\" alt=\"\" class=\"wp-image-191920\"  \/><\/a><\/p>\n<p><a href=\"https:\/\/www.europesays.com\/es\/wp-content\/uploads\/2025\/09\/bicicletas-albacete-122.jpg\" data-rel=\"penci-gallery-image-content\"><img loading=\"lazy\" decoding=\"async\" width=\"2048\" height=\"1152\" data-id=\"191918\" src=\"https:\/\/www.europesays.com\/es\/wp-content\/uploads\/2025\/09\/bicicletas-albacete-122.jpg\" alt=\"\" class=\"wp-image-191918\"  \/><\/a><\/p>\n<p><a href=\"https:\/\/www.europesays.com\/es\/wp-content\/uploads\/2025\/09\/bicicletas-albacete-121.jpg\" data-rel=\"penci-gallery-image-content\"><img loading=\"lazy\" decoding=\"async\" width=\"2048\" height=\"1152\" data-id=\"191951\" src=\"https:\/\/www.europesays.com\/es\/wp-content\/uploads\/2025\/09\/bicicletas-albacete-121.jpg\" alt=\"\" class=\"wp-image-191951\"  \/><\/a><\/p>\n<p><a href=\"https:\/\/www.europesays.com\/es\/wp-content\/uploads\/2025\/09\/bicicletas-albacete-120.jpg\" data-rel=\"penci-gallery-image-content\"><img loading=\"lazy\" decoding=\"async\" width=\"2048\" height=\"1152\" data-id=\"191929\" src=\"https:\/\/www.europesays.com\/es\/wp-content\/uploads\/2025\/09\/bicicletas-albacete-120.jpg\" alt=\"\" class=\"wp-image-191929\"  \/><\/a><\/p>\n<p><a href=\"https:\/\/www.europesays.com\/es\/wp-content\/uploads\/2025\/09\/bicicletas-albacete-119.jpg\" data-rel=\"penci-gallery-image-content\"><img loading=\"lazy\" decoding=\"async\" width=\"2048\" height=\"1152\" data-id=\"191995\" src=\"https:\/\/www.europesays.com\/es\/wp-content\/uploads\/2025\/09\/bicicletas-albacete-119.jpg\" alt=\"\" class=\"wp-image-191995\"  \/><\/a><\/p>\n<p><a href=\"https:\/\/www.europesays.com\/es\/wp-content\/uploads\/2025\/09\/bicicletas-albacete-118.jpg\" data-rel=\"penci-gallery-image-content\"><img loading=\"lazy\" decoding=\"async\" width=\"2048\" height=\"1152\" data-id=\"191968\" src=\"https:\/\/www.europesays.com\/es\/wp-content\/uploads\/2025\/09\/bicicletas-albacete-118.jpg\" alt=\"\" class=\"wp-image-191968\"  \/><\/a><\/p>\n<p><a href=\"https:\/\/www.europesays.com\/es\/wp-content\/uploads\/2025\/09\/bicicletas-albacete-117.jpg\" data-rel=\"penci-gallery-image-content\"><img loading=\"lazy\" decoding=\"async\" width=\"2048\" height=\"1152\" data-id=\"191970\" src=\"https:\/\/www.europesays.com\/es\/wp-content\/uploads\/2025\/09\/bicicletas-albacete-117.jpg\" alt=\"\" class=\"wp-image-191970\"  \/><\/a><\/p>\n<p><a href=\"https:\/\/www.europesays.com\/es\/wp-content\/uploads\/2025\/09\/bicicletas-albacete-116.jpg\" data-rel=\"penci-gallery-image-content\"><img loading=\"lazy\" decoding=\"async\" width=\"2048\" height=\"1152\" data-id=\"191953\" src=\"https:\/\/www.europesays.com\/es\/wp-content\/uploads\/2025\/09\/bicicletas-albacete-116.jpg\" alt=\"\" class=\"wp-image-191953\"  \/><\/a><\/p>\n<p><a href=\"https:\/\/www.europesays.com\/es\/wp-content\/uploads\/2025\/09\/bicicletas-albacete-115.jpg\" data-rel=\"penci-gallery-image-content\"><img loading=\"lazy\" decoding=\"async\" width=\"2048\" height=\"1152\" data-id=\"191915\" src=\"https:\/\/www.europesays.com\/es\/wp-content\/uploads\/2025\/09\/bicicletas-albacete-115.jpg\" alt=\"\" class=\"wp-image-191915\"  \/><\/a><\/p>\n<p><a href=\"https:\/\/www.europesays.com\/es\/wp-content\/uploads\/2025\/09\/bicicletas-albacete-114.jpg\" data-rel=\"penci-gallery-image-content\"><img loading=\"lazy\" decoding=\"async\" width=\"2048\" height=\"1152\" data-id=\"191914\" src=\"https:\/\/www.europesays.com\/es\/wp-content\/uploads\/2025\/09\/bicicletas-albacete-114.jpg\" alt=\"\" class=\"wp-image-191914\"  \/><\/a><\/p>\n<p><a href=\"https:\/\/www.europesays.com\/es\/wp-content\/uploads\/2025\/09\/bicicletas-albacete-113.jpg\" data-rel=\"penci-gallery-image-content\"><img loading=\"lazy\" decoding=\"async\" width=\"2048\" height=\"1152\" data-id=\"191965\" src=\"https:\/\/www.europesays.com\/es\/wp-content\/uploads\/2025\/09\/bicicletas-albacete-113.jpg\" alt=\"\" class=\"wp-image-191965\"  \/><\/a><\/p>\n<p><a href=\"https:\/\/www.europesays.com\/es\/wp-content\/uploads\/2025\/09\/bicicletas-albacete-112.jpg\" data-rel=\"penci-gallery-image-content\"><img loading=\"lazy\" decoding=\"async\" width=\"2048\" height=\"1152\" data-id=\"191983\" src=\"https:\/\/www.europesays.com\/es\/wp-content\/uploads\/2025\/09\/bicicletas-albacete-112.jpg\" alt=\"\" class=\"wp-image-191983\"  \/><\/a><\/p>\n<p><a href=\"https:\/\/www.europesays.com\/es\/wp-content\/uploads\/2025\/09\/bicicletas-albacete-110.jpg\" data-rel=\"penci-gallery-image-content\"><img loading=\"lazy\" decoding=\"async\" width=\"2048\" height=\"1152\" data-id=\"191971\" src=\"https:\/\/www.europesays.com\/es\/wp-content\/uploads\/2025\/09\/bicicletas-albacete-110.jpg\" alt=\"\" class=\"wp-image-191971\"  \/><\/a><\/p>\n<p><a href=\"https:\/\/www.europesays.com\/es\/wp-content\/uploads\/2025\/09\/bicicletas-albacete-111.jpg\" data-rel=\"penci-gallery-image-content\"><img loading=\"lazy\" decoding=\"async\" width=\"2048\" height=\"1152\" data-id=\"191957\" src=\"https:\/\/www.europesays.com\/es\/wp-content\/uploads\/2025\/09\/bicicletas-albacete-111.jpg\" alt=\"\" class=\"wp-image-191957\"  \/><\/a><\/p>\n<p><a href=\"https:\/\/www.europesays.com\/es\/wp-content\/uploads\/2025\/09\/bicicletas-albacete-109.jpg\" data-rel=\"penci-gallery-image-content\"><img loading=\"lazy\" decoding=\"async\" width=\"2048\" height=\"1152\" data-id=\"191961\" src=\"https:\/\/www.europesays.com\/es\/wp-content\/uploads\/2025\/09\/bicicletas-albacete-109.jpg\" alt=\"\" class=\"wp-image-191961\"  \/><\/a><\/p>\n<p><a href=\"https:\/\/www.europesays.com\/es\/wp-content\/uploads\/2025\/09\/bicicletas-albacete-108.jpg\" data-rel=\"penci-gallery-image-content\"><img loading=\"lazy\" decoding=\"async\" width=\"2048\" height=\"1152\" data-id=\"191913\" src=\"https:\/\/www.europesays.com\/es\/wp-content\/uploads\/2025\/09\/bicicletas-albacete-108.jpg\" alt=\"\" class=\"wp-image-191913\"  \/><\/a><\/p>\n<p><a href=\"https:\/\/www.europesays.com\/es\/wp-content\/uploads\/2025\/09\/bicicletas-albacete-107.jpg\" data-rel=\"penci-gallery-image-content\"><img loading=\"lazy\" decoding=\"async\" width=\"2048\" height=\"1152\" data-id=\"191937\" src=\"https:\/\/www.europesays.com\/es\/wp-content\/uploads\/2025\/09\/bicicletas-albacete-107.jpg\" alt=\"\" class=\"wp-image-191937\"  \/><\/a><\/p>\n<p><a href=\"https:\/\/www.europesays.com\/es\/wp-content\/uploads\/2025\/09\/bicicletas-albacete-104.jpg\" data-rel=\"penci-gallery-image-content\"><img loading=\"lazy\" decoding=\"async\" width=\"2048\" height=\"1152\" data-id=\"191928\" src=\"https:\/\/www.europesays.com\/es\/wp-content\/uploads\/2025\/09\/bicicletas-albacete-104.jpg\" alt=\"\" class=\"wp-image-191928\"  \/><\/a><\/p>\n<p><a href=\"https:\/\/www.europesays.com\/es\/wp-content\/uploads\/2025\/09\/bicicletas-albacete-106.jpg\" data-rel=\"penci-gallery-image-content\"><img loading=\"lazy\" decoding=\"async\" width=\"2048\" height=\"1152\" data-id=\"191969\" src=\"https:\/\/www.europesays.com\/es\/wp-content\/uploads\/2025\/09\/bicicletas-albacete-106.jpg\" alt=\"\" class=\"wp-image-191969\"  \/><\/a><\/p>\n<p><a href=\"https:\/\/www.europesays.com\/es\/wp-content\/uploads\/2025\/09\/bicicletas-albacete-105.jpg\" data-rel=\"penci-gallery-image-content\"><img loading=\"lazy\" decoding=\"async\" width=\"2048\" height=\"1152\" data-id=\"191949\" src=\"https:\/\/www.europesays.com\/es\/wp-content\/uploads\/2025\/09\/bicicletas-albacete-105.jpg\" alt=\"\" class=\"wp-image-191949\"  \/><\/a><\/p>\n<p><a href=\"https:\/\/www.europesays.com\/es\/wp-content\/uploads\/2025\/09\/bicicletas-albacete-103.jpg\" data-rel=\"penci-gallery-image-content\"><img loading=\"lazy\" decoding=\"async\" width=\"2048\" height=\"1152\" data-id=\"191998\" src=\"https:\/\/www.europesays.com\/es\/wp-content\/uploads\/2025\/09\/bicicletas-albacete-103.jpg\" alt=\"\" class=\"wp-image-191998\"  \/><\/a><\/p>\n<p><a href=\"https:\/\/www.europesays.com\/es\/wp-content\/uploads\/2025\/09\/bicicletas-albacete-102.jpg\" data-rel=\"penci-gallery-image-content\"><img loading=\"lazy\" decoding=\"async\" width=\"2048\" height=\"1152\" data-id=\"192003\" src=\"https:\/\/www.europesays.com\/es\/wp-content\/uploads\/2025\/09\/bicicletas-albacete-102.jpg\" alt=\"\" class=\"wp-image-192003\"  \/><\/a><\/p>\n<p><a href=\"https:\/\/www.europesays.com\/es\/wp-content\/uploads\/2025\/09\/bicicletas-albacete-101.jpg\" data-rel=\"penci-gallery-image-content\"><img loading=\"lazy\" decoding=\"async\" width=\"2048\" height=\"1152\" data-id=\"192001\" src=\"https:\/\/www.europesays.com\/es\/wp-content\/uploads\/2025\/09\/bicicletas-albacete-101.jpg\" alt=\"\" class=\"wp-image-192001\"  \/><\/a><\/p>\n<p><a href=\"https:\/\/www.europesays.com\/es\/wp-content\/uploads\/2025\/09\/bicicletas-albacete-100.jpg\" data-rel=\"penci-gallery-image-content\"><img loading=\"lazy\" decoding=\"async\" width=\"2048\" height=\"1152\" data-id=\"192002\" src=\"https:\/\/www.europesays.com\/es\/wp-content\/uploads\/2025\/09\/bicicletas-albacete-100.jpg\" alt=\"\" class=\"wp-image-192002\"  \/><\/a><\/p>\n<p><a href=\"https:\/\/www.europesays.com\/es\/wp-content\/uploads\/2025\/09\/bicicletas-albacete-099.jpg\" data-rel=\"penci-gallery-image-content\"><img loading=\"lazy\" decoding=\"async\" width=\"2048\" height=\"1152\" data-id=\"191946\" src=\"https:\/\/www.europesays.com\/es\/wp-content\/uploads\/2025\/09\/bicicletas-albacete-099.jpg\" alt=\"\" class=\"wp-image-191946\"  \/><\/a><\/p>\n<p><a href=\"https:\/\/www.europesays.com\/es\/wp-content\/uploads\/2025\/09\/bicicletas-albacete-098.jpg\" data-rel=\"penci-gallery-image-content\"><img loading=\"lazy\" decoding=\"async\" width=\"2048\" height=\"1152\" data-id=\"191967\" src=\"https:\/\/www.europesays.com\/es\/wp-content\/uploads\/2025\/09\/bicicletas-albacete-098.jpg\" alt=\"\" class=\"wp-image-191967\"  \/><\/a><\/p>\n<p><a href=\"https:\/\/www.europesays.com\/es\/wp-content\/uploads\/2025\/09\/bicicletas-albacete-097.jpg\" data-rel=\"penci-gallery-image-content\"><img loading=\"lazy\" decoding=\"async\" width=\"2048\" height=\"1152\" data-id=\"191954\" src=\"https:\/\/www.europesays.com\/es\/wp-content\/uploads\/2025\/09\/bicicletas-albacete-097.jpg\" alt=\"\" class=\"wp-image-191954\"  \/><\/a><\/p>\n<p><a href=\"https:\/\/www.europesays.com\/es\/wp-content\/uploads\/2025\/09\/bicicletas-albacete-096.jpg\" data-rel=\"penci-gallery-image-content\"><img loading=\"lazy\" decoding=\"async\" width=\"2048\" height=\"1152\" data-id=\"191935\" src=\"https:\/\/www.europesays.com\/es\/wp-content\/uploads\/2025\/09\/bicicletas-albacete-096.jpg\" alt=\"\" class=\"wp-image-191935\"  \/><\/a><\/p>\n<p><a href=\"https:\/\/www.europesays.com\/es\/wp-content\/uploads\/2025\/09\/bicicletas-albacete-095.jpg\" data-rel=\"penci-gallery-image-content\"><img loading=\"lazy\" decoding=\"async\" width=\"2048\" height=\"1152\" data-id=\"191938\" src=\"https:\/\/www.europesays.com\/es\/wp-content\/uploads\/2025\/09\/bicicletas-albacete-095.jpg\" alt=\"\" class=\"wp-image-191938\"  \/><\/a><\/p>\n<p><a href=\"https:\/\/www.europesays.com\/es\/wp-content\/uploads\/2025\/09\/bicicletas-albacete-094.jpg\" data-rel=\"penci-gallery-image-content\"><img loading=\"lazy\" decoding=\"async\" width=\"2048\" height=\"1152\" data-id=\"191944\" src=\"https:\/\/www.europesays.com\/es\/wp-content\/uploads\/2025\/09\/bicicletas-albacete-094.jpg\" alt=\"\" class=\"wp-image-191944\"  \/><\/a><\/p>\n<p><a href=\"https:\/\/www.europesays.com\/es\/wp-content\/uploads\/2025\/09\/bicicletas-albacete-093.jpg\" data-rel=\"penci-gallery-image-content\"><img loading=\"lazy\" decoding=\"async\" width=\"2048\" height=\"1152\" data-id=\"191981\" src=\"https:\/\/www.europesays.com\/es\/wp-content\/uploads\/2025\/09\/bicicletas-albacete-093.jpg\" alt=\"\" class=\"wp-image-191981\"  \/><\/a><\/p>\n<p><a href=\"https:\/\/www.europesays.com\/es\/wp-content\/uploads\/2025\/09\/bicicletas-albacete-092.jpg\" data-rel=\"penci-gallery-image-content\"><img loading=\"lazy\" decoding=\"async\" width=\"2048\" height=\"1152\" data-id=\"191912\" src=\"https:\/\/www.europesays.com\/es\/wp-content\/uploads\/2025\/09\/bicicletas-albacete-092.jpg\" alt=\"\" class=\"wp-image-191912\"  \/><\/a><\/p>\n<p><a href=\"https:\/\/www.europesays.com\/es\/wp-content\/uploads\/2025\/09\/bicicletas-albacete-091.jpg\" data-rel=\"penci-gallery-image-content\"><img loading=\"lazy\" decoding=\"async\" width=\"2048\" height=\"1152\" data-id=\"191948\" src=\"https:\/\/www.europesays.com\/es\/wp-content\/uploads\/2025\/09\/bicicletas-albacete-091.jpg\" alt=\"\" class=\"wp-image-191948\"  \/><\/a><\/p>\n<p><a href=\"https:\/\/www.europesays.com\/es\/wp-content\/uploads\/2025\/09\/bicicletas-albacete-090.jpg\" data-rel=\"penci-gallery-image-content\"><img loading=\"lazy\" decoding=\"async\" width=\"2048\" height=\"1152\" data-id=\"191943\" src=\"https:\/\/www.europesays.com\/es\/wp-content\/uploads\/2025\/09\/bicicletas-albacete-090.jpg\" alt=\"\" class=\"wp-image-191943\"  \/><\/a><\/p>\n<p><a href=\"https:\/\/www.europesays.com\/es\/wp-content\/uploads\/2025\/09\/bicicletas-albacete-089.jpg\" data-rel=\"penci-gallery-image-content\"><img loading=\"lazy\" decoding=\"async\" width=\"2048\" height=\"1152\" data-id=\"191973\" src=\"https:\/\/www.europesays.com\/es\/wp-content\/uploads\/2025\/09\/bicicletas-albacete-089.jpg\" alt=\"\" class=\"wp-image-191973\"  \/><\/a><\/p>\n<p><a href=\"https:\/\/www.europesays.com\/es\/wp-content\/uploads\/2025\/09\/bicicletas-albacete-088.jpg\" data-rel=\"penci-gallery-image-content\"><img loading=\"lazy\" decoding=\"async\" width=\"2048\" height=\"1152\" data-id=\"191982\" src=\"https:\/\/www.europesays.com\/es\/wp-content\/uploads\/2025\/09\/bicicletas-albacete-088.jpg\" alt=\"\" class=\"wp-image-191982\"  \/><\/a><\/p>\n<p><a href=\"https:\/\/www.europesays.com\/es\/wp-content\/uploads\/2025\/09\/bicicletas-albacete-087.jpg\" data-rel=\"penci-gallery-image-content\"><img loading=\"lazy\" decoding=\"async\" width=\"2048\" height=\"1152\" data-id=\"191991\" src=\"https:\/\/www.europesays.com\/es\/wp-content\/uploads\/2025\/09\/bicicletas-albacete-087.jpg\" alt=\"\" class=\"wp-image-191991\"  \/><\/a><\/p>\n<p><a href=\"https:\/\/www.europesays.com\/es\/wp-content\/uploads\/2025\/09\/bicicletas-albacete-086.jpg\" data-rel=\"penci-gallery-image-content\"><img loading=\"lazy\" decoding=\"async\" width=\"2048\" height=\"1152\" data-id=\"191960\" src=\"https:\/\/www.europesays.com\/es\/wp-content\/uploads\/2025\/09\/bicicletas-albacete-086.jpg\" alt=\"\" class=\"wp-image-191960\"  \/><\/a><\/p>\n<p><a href=\"https:\/\/www.europesays.com\/es\/wp-content\/uploads\/2025\/09\/bicicletas-albacete-085.jpg\" data-rel=\"penci-gallery-image-content\"><img loading=\"lazy\" decoding=\"async\" width=\"2048\" height=\"1152\" data-id=\"191966\" src=\"https:\/\/www.europesays.com\/es\/wp-content\/uploads\/2025\/09\/bicicletas-albacete-085.jpg\" alt=\"\" class=\"wp-image-191966\"  \/><\/a><\/p>\n<p><a href=\"https:\/\/www.europesays.com\/es\/wp-content\/uploads\/2025\/09\/bicicletas-albacete-084.jpg\" data-rel=\"penci-gallery-image-content\"><img loading=\"lazy\" decoding=\"async\" width=\"2048\" height=\"1152\" data-id=\"191956\" src=\"https:\/\/www.europesays.com\/es\/wp-content\/uploads\/2025\/09\/bicicletas-albacete-084.jpg\" alt=\"\" class=\"wp-image-191956\"  \/><\/a><\/p>\n<p><a href=\"https:\/\/www.europesays.com\/es\/wp-content\/uploads\/2025\/09\/bicicletas-albacete-083.jpg\" data-rel=\"penci-gallery-image-content\"><img loading=\"lazy\" decoding=\"async\" width=\"2048\" height=\"1152\" data-id=\"192004\" src=\"https:\/\/www.europesays.com\/es\/wp-content\/uploads\/2025\/09\/bicicletas-albacete-083.jpg\" alt=\"\" class=\"wp-image-192004\"  \/><\/a><\/p>\n<p><a href=\"https:\/\/www.europesays.com\/es\/wp-content\/uploads\/2025\/09\/bicicletas-albacete-082.jpg\" data-rel=\"penci-gallery-image-content\"><img loading=\"lazy\" decoding=\"async\" width=\"2048\" height=\"1152\" data-id=\"191972\" src=\"https:\/\/www.europesays.com\/es\/wp-content\/uploads\/2025\/09\/bicicletas-albacete-082.jpg\" alt=\"\" class=\"wp-image-191972\"  \/><\/a><\/p>\n<p><a href=\"https:\/\/www.europesays.com\/es\/wp-content\/uploads\/2025\/09\/bicicletas-albacete-081.jpg\" data-rel=\"penci-gallery-image-content\"><img loading=\"lazy\" decoding=\"async\" width=\"2048\" height=\"1152\" data-id=\"191976\" src=\"https:\/\/www.europesays.com\/es\/wp-content\/uploads\/2025\/09\/bicicletas-albacete-081.jpg\" alt=\"\" class=\"wp-image-191976\"  \/><\/a><\/p>\n<p><a href=\"https:\/\/www.europesays.com\/es\/wp-content\/uploads\/2025\/09\/bicicletas-albacete-080.jpg\" data-rel=\"penci-gallery-image-content\"><img loading=\"lazy\" decoding=\"async\" width=\"2048\" height=\"1152\" data-id=\"191999\" src=\"https:\/\/www.europesays.com\/es\/wp-content\/uploads\/2025\/09\/bicicletas-albacete-080.jpg\" alt=\"\" class=\"wp-image-191999\"  \/><\/a><\/p>\n<p><a href=\"https:\/\/www.europesays.com\/es\/wp-content\/uploads\/2025\/09\/bicicletas-albacete-079.jpg\" data-rel=\"penci-gallery-image-content\"><img loading=\"lazy\" decoding=\"async\" width=\"2048\" height=\"1152\" data-id=\"191950\" src=\"https:\/\/www.europesays.com\/es\/wp-content\/uploads\/2025\/09\/bicicletas-albacete-079.jpg\" alt=\"\" class=\"wp-image-191950\"  \/><\/a><\/p>\n<p><a href=\"https:\/\/www.europesays.com\/es\/wp-content\/uploads\/2025\/09\/bicicletas-albacete-078.jpg\" data-rel=\"penci-gallery-image-content\"><img loading=\"lazy\" decoding=\"async\" width=\"2048\" height=\"1152\" data-id=\"191996\" src=\"https:\/\/www.europesays.com\/es\/wp-content\/uploads\/2025\/09\/bicicletas-albacete-078.jpg\" alt=\"\" class=\"wp-image-191996\"  \/><\/a><\/p>\n<p><a href=\"https:\/\/www.europesays.com\/es\/wp-content\/uploads\/2025\/09\/bicicletas-albacete-077.jpg\" data-rel=\"penci-gallery-image-content\"><img loading=\"lazy\" decoding=\"async\" width=\"2048\" height=\"1152\" data-id=\"191932\" src=\"https:\/\/www.europesays.com\/es\/wp-content\/uploads\/2025\/09\/bicicletas-albacete-077.jpg\" alt=\"\" class=\"wp-image-191932\"  \/><\/a><\/p>\n<p><a href=\"https:\/\/www.europesays.com\/es\/wp-content\/uploads\/2025\/09\/bicicletas-albacete-075.jpg\" data-rel=\"penci-gallery-image-content\"><img loading=\"lazy\" decoding=\"async\" width=\"2048\" height=\"1152\" data-id=\"191985\" src=\"https:\/\/www.europesays.com\/es\/wp-content\/uploads\/2025\/09\/bicicletas-albacete-075.jpg\" alt=\"\" class=\"wp-image-191985\"  \/><\/a><\/p>\n<p><a href=\"https:\/\/www.europesays.com\/es\/wp-content\/uploads\/2025\/09\/bicicletas-albacete-076.jpg\" data-rel=\"penci-gallery-image-content\"><img loading=\"lazy\" decoding=\"async\" width=\"2048\" height=\"1152\" data-id=\"191963\" src=\"https:\/\/www.europesays.com\/es\/wp-content\/uploads\/2025\/09\/bicicletas-albacete-076.jpg\" alt=\"\" class=\"wp-image-191963\"  \/><\/a><\/p>\n<p><a href=\"https:\/\/www.europesays.com\/es\/wp-content\/uploads\/2025\/09\/bicicletas-albacete-074.jpg\" data-rel=\"penci-gallery-image-content\"><img loading=\"lazy\" decoding=\"async\" width=\"2048\" height=\"1152\" data-id=\"192005\" src=\"https:\/\/www.europesays.com\/es\/wp-content\/uploads\/2025\/09\/bicicletas-albacete-074.jpg\" alt=\"\" class=\"wp-image-192005\"  \/><\/a><\/p>\n<p><a href=\"https:\/\/www.europesays.com\/es\/wp-content\/uploads\/2025\/09\/bicicletas-albacete-073.jpg\" data-rel=\"penci-gallery-image-content\"><img loading=\"lazy\" decoding=\"async\" width=\"2048\" height=\"1152\" data-id=\"191979\" src=\"https:\/\/www.europesays.com\/es\/wp-content\/uploads\/2025\/09\/bicicletas-albacete-073.jpg\" alt=\"\" class=\"wp-image-191979\"  \/><\/a><\/p>\n<p><a href=\"https:\/\/www.europesays.com\/es\/wp-content\/uploads\/2025\/09\/bicicletas-albacete-072.jpg\" data-rel=\"penci-gallery-image-content\"><img loading=\"lazy\" decoding=\"async\" width=\"2048\" height=\"1152\" data-id=\"191945\" src=\"https:\/\/www.europesays.com\/es\/wp-content\/uploads\/2025\/09\/bicicletas-albacete-072.jpg\" alt=\"\" class=\"wp-image-191945\"  \/><\/a><\/p>\n<p><a href=\"https:\/\/www.europesays.com\/es\/wp-content\/uploads\/2025\/09\/bicicletas-albacete-071.jpg\" data-rel=\"penci-gallery-image-content\"><img loading=\"lazy\" decoding=\"async\" width=\"2048\" height=\"1152\" data-id=\"191927\" src=\"https:\/\/www.europesays.com\/es\/wp-content\/uploads\/2025\/09\/bicicletas-albacete-071.jpg\" alt=\"\" class=\"wp-image-191927\"  \/><\/a><\/p>\n<p><a href=\"https:\/\/www.europesays.com\/es\/wp-content\/uploads\/2025\/09\/bicicletas-albacete-070.jpg\" data-rel=\"penci-gallery-image-content\"><img loading=\"lazy\" decoding=\"async\" width=\"2048\" height=\"1152\" data-id=\"191993\" src=\"https:\/\/www.europesays.com\/es\/wp-content\/uploads\/2025\/09\/bicicletas-albacete-070.jpg\" alt=\"\" class=\"wp-image-191993\"  \/><\/a><\/p>\n<p><a href=\"https:\/\/www.europesays.com\/es\/wp-content\/uploads\/2025\/09\/bicicletas-albacete-069.jpg\" data-rel=\"penci-gallery-image-content\"><img loading=\"lazy\" decoding=\"async\" width=\"2048\" height=\"1152\" data-id=\"191962\" src=\"https:\/\/www.europesays.com\/es\/wp-content\/uploads\/2025\/09\/bicicletas-albacete-069.jpg\" alt=\"\" class=\"wp-image-191962\"  \/><\/a><\/p>\n<p><a href=\"https:\/\/www.europesays.com\/es\/wp-content\/uploads\/2025\/09\/bicicletas-albacete-068.jpg\" data-rel=\"penci-gallery-image-content\"><img loading=\"lazy\" decoding=\"async\" width=\"2048\" height=\"1152\" data-id=\"191958\" src=\"https:\/\/www.europesays.com\/es\/wp-content\/uploads\/2025\/09\/bicicletas-albacete-068.jpg\" alt=\"\" class=\"wp-image-191958\"  \/><\/a><\/p>\n<p><a href=\"https:\/\/www.europesays.com\/es\/wp-content\/uploads\/2025\/09\/bicicletas-albacete-067.jpg\" data-rel=\"penci-gallery-image-content\"><img loading=\"lazy\" decoding=\"async\" width=\"2048\" height=\"1152\" data-id=\"191923\" src=\"https:\/\/www.europesays.com\/es\/wp-content\/uploads\/2025\/09\/bicicletas-albacete-067.jpg\" alt=\"\" class=\"wp-image-191923\"  \/><\/a><\/p>\n<p><a href=\"https:\/\/www.europesays.com\/es\/wp-content\/uploads\/2025\/09\/bicicletas-albacete-066.jpg\" data-rel=\"penci-gallery-image-content\"><img loading=\"lazy\" decoding=\"async\" width=\"2048\" height=\"1152\" data-id=\"191917\" src=\"https:\/\/www.europesays.com\/es\/wp-content\/uploads\/2025\/09\/bicicletas-albacete-066.jpg\" alt=\"\" class=\"wp-image-191917\"  \/><\/a><\/p>\n<p><a href=\"https:\/\/www.europesays.com\/es\/wp-content\/uploads\/2025\/09\/bicicletas-albacete-065.jpg\" data-rel=\"penci-gallery-image-content\"><img loading=\"lazy\" decoding=\"async\" width=\"2048\" height=\"1152\" data-id=\"191940\" src=\"https:\/\/www.europesays.com\/es\/wp-content\/uploads\/2025\/09\/bicicletas-albacete-065.jpg\" alt=\"\" class=\"wp-image-191940\"  \/><\/a><\/p>\n<p><a href=\"https:\/\/www.europesays.com\/es\/wp-content\/uploads\/2025\/09\/bicicletas-albacete-064.jpg\" data-rel=\"penci-gallery-image-content\"><img loading=\"lazy\" decoding=\"async\" width=\"2048\" height=\"1152\" data-id=\"191941\" src=\"https:\/\/www.europesays.com\/es\/wp-content\/uploads\/2025\/09\/bicicletas-albacete-064.jpg\" alt=\"\" class=\"wp-image-191941\"  \/><\/a><\/p>\n<p><a href=\"https:\/\/www.europesays.com\/es\/wp-content\/uploads\/2025\/09\/bicicletas-albacete-063.jpg\" data-rel=\"penci-gallery-image-content\"><img loading=\"lazy\" decoding=\"async\" width=\"2048\" height=\"1152\" data-id=\"192008\" src=\"https:\/\/www.europesays.com\/es\/wp-content\/uploads\/2025\/09\/bicicletas-albacete-063.jpg\" alt=\"\" class=\"wp-image-192008\"  \/><\/a><\/p>\n<p><a href=\"https:\/\/www.europesays.com\/es\/wp-content\/uploads\/2025\/09\/bicicletas-albacete-062.jpg\" data-rel=\"penci-gallery-image-content\"><img loading=\"lazy\" decoding=\"async\" width=\"2048\" height=\"1152\" data-id=\"191952\" src=\"https:\/\/www.europesays.com\/es\/wp-content\/uploads\/2025\/09\/bicicletas-albacete-062.jpg\" alt=\"\" class=\"wp-image-191952\"  \/><\/a><\/p>\n<p><a href=\"https:\/\/www.europesays.com\/es\/wp-content\/uploads\/2025\/09\/bicicletas-albacete-061.jpg\" data-rel=\"penci-gallery-image-content\"><img loading=\"lazy\" decoding=\"async\" width=\"2048\" height=\"1152\" data-id=\"191933\" src=\"https:\/\/www.europesays.com\/es\/wp-content\/uploads\/2025\/09\/bicicletas-albacete-061.jpg\" alt=\"\" class=\"wp-image-191933\"  \/><\/a><\/p>\n<p><a href=\"https:\/\/www.europesays.com\/es\/wp-content\/uploads\/2025\/09\/bicicletas-albacete-060.jpg\" data-rel=\"penci-gallery-image-content\"><img loading=\"lazy\" decoding=\"async\" width=\"2048\" height=\"1152\" data-id=\"191911\" src=\"https:\/\/www.europesays.com\/es\/wp-content\/uploads\/2025\/09\/bicicletas-albacete-060.jpg\" alt=\"\" class=\"wp-image-191911\"  \/><\/a><\/p>\n<p><a href=\"https:\/\/www.europesays.com\/es\/wp-content\/uploads\/2025\/09\/bicicletas-albacete-058.jpg\" data-rel=\"penci-gallery-image-content\"><img loading=\"lazy\" decoding=\"async\" width=\"2048\" height=\"1152\" data-id=\"191994\" src=\"https:\/\/www.europesays.com\/es\/wp-content\/uploads\/2025\/09\/bicicletas-albacete-058.jpg\" alt=\"\" class=\"wp-image-191994\"  \/><\/a><\/p>\n<p><a href=\"https:\/\/www.europesays.com\/es\/wp-content\/uploads\/2025\/09\/bicicletas-albacete-059.jpg\" data-rel=\"penci-gallery-image-content\"><img loading=\"lazy\" decoding=\"async\" width=\"2048\" height=\"1152\" data-id=\"191978\" src=\"https:\/\/www.europesays.com\/es\/wp-content\/uploads\/2025\/09\/bicicletas-albacete-059.jpg\" alt=\"\" class=\"wp-image-191978\"  \/><\/a><\/p>\n<p><a href=\"https:\/\/www.europesays.com\/es\/wp-content\/uploads\/2025\/09\/bicicletas-albacete-057.jpg\" data-rel=\"penci-gallery-image-content\"><img loading=\"lazy\" decoding=\"async\" width=\"2048\" height=\"1152\" data-id=\"191992\" src=\"https:\/\/www.europesays.com\/es\/wp-content\/uploads\/2025\/09\/bicicletas-albacete-057.jpg\" alt=\"\" class=\"wp-image-191992\"  \/><\/a><\/p>\n<p><a href=\"https:\/\/www.europesays.com\/es\/wp-content\/uploads\/2025\/09\/bicicletas-albacete-056.jpg\" data-rel=\"penci-gallery-image-content\"><img loading=\"lazy\" decoding=\"async\" width=\"2048\" height=\"1152\" data-id=\"191964\" src=\"https:\/\/www.europesays.com\/es\/wp-content\/uploads\/2025\/09\/bicicletas-albacete-056.jpg\" alt=\"\" class=\"wp-image-191964\"  \/><\/a><\/p>\n<p><a href=\"https:\/\/www.europesays.com\/es\/wp-content\/uploads\/2025\/09\/bicicletas-albacete-055.jpg\" data-rel=\"penci-gallery-image-content\"><img loading=\"lazy\" decoding=\"async\" width=\"2048\" height=\"1152\" data-id=\"191990\" src=\"https:\/\/www.europesays.com\/es\/wp-content\/uploads\/2025\/09\/bicicletas-albacete-055.jpg\" alt=\"\" class=\"wp-image-191990\"  \/><\/a><\/p>\n<p><a href=\"https:\/\/www.europesays.com\/es\/wp-content\/uploads\/2025\/09\/bicicletas-albacete-054.jpg\" data-rel=\"penci-gallery-image-content\"><img loading=\"lazy\" decoding=\"async\" width=\"2048\" height=\"1152\" data-id=\"192000\" src=\"https:\/\/www.europesays.com\/es\/wp-content\/uploads\/2025\/09\/bicicletas-albacete-054.jpg\" alt=\"\" class=\"wp-image-192000\"  \/><\/a><\/p>\n<p><a href=\"https:\/\/www.europesays.com\/es\/wp-content\/uploads\/2025\/09\/bicicletas-albacete-053.jpg\" data-rel=\"penci-gallery-image-content\"><img loading=\"lazy\" decoding=\"async\" width=\"2048\" height=\"1152\" data-id=\"191959\" src=\"https:\/\/www.europesays.com\/es\/wp-content\/uploads\/2025\/09\/bicicletas-albacete-053.jpg\" alt=\"\" class=\"wp-image-191959\"  \/><\/a><\/p>\n<p><a href=\"https:\/\/www.europesays.com\/es\/wp-content\/uploads\/2025\/09\/bicicletas-albacete-052.jpg\" data-rel=\"penci-gallery-image-content\"><img loading=\"lazy\" decoding=\"async\" width=\"2048\" height=\"1152\" data-id=\"191908\" src=\"https:\/\/www.europesays.com\/es\/wp-content\/uploads\/2025\/09\/bicicletas-albacete-052.jpg\" alt=\"\" class=\"wp-image-191908\"  \/><\/a><\/p>\n<p><a href=\"https:\/\/www.europesays.com\/es\/wp-content\/uploads\/2025\/09\/bicicletas-albacete-051.jpg\" data-rel=\"penci-gallery-image-content\"><img loading=\"lazy\" decoding=\"async\" width=\"2048\" height=\"1152\" data-id=\"191916\" src=\"https:\/\/www.europesays.com\/es\/wp-content\/uploads\/2025\/09\/bicicletas-albacete-051.jpg\" alt=\"\" class=\"wp-image-191916\"  \/><\/a><\/p>\n<p><a href=\"https:\/\/www.europesays.com\/es\/wp-content\/uploads\/2025\/09\/bicicletas-albacete-050.jpg\" data-rel=\"penci-gallery-image-content\"><img loading=\"lazy\" decoding=\"async\" width=\"2048\" height=\"1152\" data-id=\"191955\" src=\"https:\/\/www.europesays.com\/es\/wp-content\/uploads\/2025\/09\/bicicletas-albacete-050.jpg\" alt=\"\" class=\"wp-image-191955\"  \/><\/a><\/p>\n<p><a href=\"https:\/\/www.europesays.com\/es\/wp-content\/uploads\/2025\/09\/bicicletas-albacete-049.jpg\" data-rel=\"penci-gallery-image-content\"><img loading=\"lazy\" decoding=\"async\" width=\"2048\" height=\"1152\" data-id=\"191934\" src=\"https:\/\/www.europesays.com\/es\/wp-content\/uploads\/2025\/09\/bicicletas-albacete-049.jpg\" alt=\"\" class=\"wp-image-191934\"  \/><\/a><\/p>\n<p><a href=\"https:\/\/www.europesays.com\/es\/wp-content\/uploads\/2025\/09\/bicicletas-albacete-048.jpg\" data-rel=\"penci-gallery-image-content\"><img loading=\"lazy\" decoding=\"async\" width=\"2048\" height=\"1152\" data-id=\"191977\" src=\"https:\/\/www.europesays.com\/es\/wp-content\/uploads\/2025\/09\/bicicletas-albacete-048.jpg\" alt=\"\" class=\"wp-image-191977\"  \/><\/a><\/p>\n<p><a href=\"https:\/\/www.europesays.com\/es\/wp-content\/uploads\/2025\/09\/bicicletas-albacete-047.jpg\" data-rel=\"penci-gallery-image-content\"><img loading=\"lazy\" decoding=\"async\" width=\"2048\" height=\"1152\" data-id=\"191986\" src=\"https:\/\/www.europesays.com\/es\/wp-content\/uploads\/2025\/09\/bicicletas-albacete-047.jpg\" alt=\"\" class=\"wp-image-191986\"  \/><\/a><\/p>\n<p><a href=\"https:\/\/www.europesays.com\/es\/wp-content\/uploads\/2025\/09\/bicicletas-albacete-045.jpg\" data-rel=\"penci-gallery-image-content\"><img loading=\"lazy\" decoding=\"async\" width=\"2048\" height=\"1152\" data-id=\"191936\" src=\"https:\/\/www.europesays.com\/es\/wp-content\/uploads\/2025\/09\/bicicletas-albacete-045.jpg\" alt=\"\" class=\"wp-image-191936\"  \/><\/a><\/p>\n<p><a href=\"https:\/\/www.europesays.com\/es\/wp-content\/uploads\/2025\/09\/bicicletas-albacete-046.jpg\" data-rel=\"penci-gallery-image-content\"><img loading=\"lazy\" decoding=\"async\" width=\"2048\" height=\"1152\" data-id=\"191942\" src=\"https:\/\/www.europesays.com\/es\/wp-content\/uploads\/2025\/09\/bicicletas-albacete-046.jpg\" alt=\"\" class=\"wp-image-191942\"  \/><\/a><\/p>\n<p><a href=\"https:\/\/www.europesays.com\/es\/wp-content\/uploads\/2025\/09\/bicicletas-albacete-044.jpg\" data-rel=\"penci-gallery-image-content\"><img loading=\"lazy\" decoding=\"async\" width=\"2048\" height=\"1152\" data-id=\"191984\" src=\"https:\/\/www.europesays.com\/es\/wp-content\/uploads\/2025\/09\/bicicletas-albacete-044.jpg\" alt=\"\" class=\"wp-image-191984\"  \/><\/a><\/p>\n<p><a href=\"https:\/\/www.europesays.com\/es\/wp-content\/uploads\/2025\/09\/bicicletas-albacete-043.jpg\" data-rel=\"penci-gallery-image-content\"><img loading=\"lazy\" decoding=\"async\" width=\"2048\" height=\"1152\" data-id=\"191980\" src=\"https:\/\/www.europesays.com\/es\/wp-content\/uploads\/2025\/09\/bicicletas-albacete-043.jpg\" alt=\"\" class=\"wp-image-191980\"  \/><\/a><\/p>\n<p><a href=\"https:\/\/www.europesays.com\/es\/wp-content\/uploads\/2025\/09\/bicicletas-albacete-042.jpg\" data-rel=\"penci-gallery-image-content\"><img loading=\"lazy\" decoding=\"async\" width=\"2048\" height=\"1152\" data-id=\"191997\" src=\"https:\/\/www.europesays.com\/es\/wp-content\/uploads\/2025\/09\/bicicletas-albacete-042.jpg\" alt=\"\" class=\"wp-image-191997\"  \/><\/a><\/p>\n<p><a href=\"https:\/\/www.europesays.com\/es\/wp-content\/uploads\/2025\/09\/bicicletas-albacete-041.jpg\" data-rel=\"penci-gallery-image-content\"><img loading=\"lazy\" decoding=\"async\" width=\"2048\" height=\"1152\" data-id=\"191974\" src=\"https:\/\/www.europesays.com\/es\/wp-content\/uploads\/2025\/09\/bicicletas-albacete-041.jpg\" alt=\"\" class=\"wp-image-191974\"  \/><\/a><\/p>\n<p><a href=\"https:\/\/www.europesays.com\/es\/wp-content\/uploads\/2025\/09\/bicicletas-albacete-040.jpg\" data-rel=\"penci-gallery-image-content\"><img loading=\"lazy\" decoding=\"async\" width=\"2048\" height=\"1152\" data-id=\"191921\" src=\"https:\/\/www.europesays.com\/es\/wp-content\/uploads\/2025\/09\/bicicletas-albacete-040.jpg\" alt=\"\" class=\"wp-image-191921\"  \/><\/a><\/p>\n<p><a href=\"https:\/\/www.europesays.com\/es\/wp-content\/uploads\/2025\/09\/bicicletas-albacete-039.jpg\" data-rel=\"penci-gallery-image-content\"><img loading=\"lazy\" decoding=\"async\" width=\"2048\" height=\"1152\" data-id=\"191931\" src=\"https:\/\/www.europesays.com\/es\/wp-content\/uploads\/2025\/09\/bicicletas-albacete-039.jpg\" alt=\"\" class=\"wp-image-191931\"  \/><\/a><\/p>\n<p><a href=\"https:\/\/www.europesays.com\/es\/wp-content\/uploads\/2025\/09\/bicicletas-albacete-038.jpg\" data-rel=\"penci-gallery-image-content\"><img loading=\"lazy\" decoding=\"async\" width=\"2048\" height=\"1152\" data-id=\"191925\" src=\"https:\/\/www.europesays.com\/es\/wp-content\/uploads\/2025\/09\/bicicletas-albacete-038.jpg\" alt=\"\" class=\"wp-image-191925\"  \/><\/a><\/p>\n<p><a href=\"https:\/\/www.europesays.com\/es\/wp-content\/uploads\/2025\/09\/bicicletas-albacete-037.jpg\" data-rel=\"penci-gallery-image-content\"><img loading=\"lazy\" decoding=\"async\" width=\"2048\" height=\"1152\" data-id=\"191987\" src=\"https:\/\/www.europesays.com\/es\/wp-content\/uploads\/2025\/09\/bicicletas-albacete-037.jpg\" alt=\"\" class=\"wp-image-191987\"  \/><\/a><\/p>\n<p><a href=\"https:\/\/www.europesays.com\/es\/wp-content\/uploads\/2025\/09\/bicicletas-albacete-036.jpg\" data-rel=\"penci-gallery-image-content\"><img loading=\"lazy\" decoding=\"async\" width=\"2048\" height=\"1152\" data-id=\"191975\" src=\"https:\/\/www.europesays.com\/es\/wp-content\/uploads\/2025\/09\/bicicletas-albacete-036.jpg\" alt=\"\" class=\"wp-image-191975\"  \/><\/a><\/p>\n<p><a href=\"https:\/\/www.europesays.com\/es\/wp-content\/uploads\/2025\/09\/bicicletas-albacete-035.jpg\" data-rel=\"penci-gallery-image-content\"><img loading=\"lazy\" decoding=\"async\" width=\"2048\" height=\"1152\" data-id=\"191919\" src=\"https:\/\/www.europesays.com\/es\/wp-content\/uploads\/2025\/09\/bicicletas-albacete-035.jpg\" alt=\"\" class=\"wp-image-191919\"  \/><\/a><\/p>\n<p><a href=\"https:\/\/www.europesays.com\/es\/wp-content\/uploads\/2025\/09\/bicicletas-albacete-034.jpg\" data-rel=\"penci-gallery-image-content\"><img loading=\"lazy\" decoding=\"async\" width=\"2048\" height=\"1152\" data-id=\"191910\" src=\"https:\/\/www.europesays.com\/es\/wp-content\/uploads\/2025\/09\/bicicletas-albacete-034.jpg\" alt=\"\" class=\"wp-image-191910\"  \/><\/a><\/p>\n<p><a href=\"https:\/\/www.europesays.com\/es\/wp-content\/uploads\/2025\/09\/bicicletas-albacete-033.jpg\" data-rel=\"penci-gallery-image-content\"><img loading=\"lazy\" decoding=\"async\" width=\"2048\" height=\"1152\" data-id=\"191939\" src=\"https:\/\/www.europesays.com\/es\/wp-content\/uploads\/2025\/09\/bicicletas-albacete-033.jpg\" alt=\"\" class=\"wp-image-191939\"  \/><\/a><\/p>\n<p><a href=\"https:\/\/www.europesays.com\/es\/wp-content\/uploads\/2025\/09\/bicicletas-albacete-032.jpg\" data-rel=\"penci-gallery-image-content\"><img loading=\"lazy\" decoding=\"async\" width=\"2048\" height=\"1152\" data-id=\"191988\" src=\"https:\/\/www.europesays.com\/es\/wp-content\/uploads\/2025\/09\/bicicletas-albacete-032.jpg\" alt=\"\" class=\"wp-image-191988\"  \/><\/a><\/p>\n<p><a href=\"https:\/\/www.europesays.com\/es\/wp-content\/uploads\/2025\/09\/bicicletas-albacete-031.jpg\" data-rel=\"penci-gallery-image-content\"><img loading=\"lazy\" decoding=\"async\" width=\"2048\" height=\"1152\" data-id=\"192007\" src=\"https:\/\/www.europesays.com\/es\/wp-content\/uploads\/2025\/09\/bicicletas-albacete-031.jpg\" alt=\"\" class=\"wp-image-192007\"  \/><\/a><\/p>\n<p><a href=\"https:\/\/www.europesays.com\/es\/wp-content\/uploads\/2025\/09\/bicicletas-albacete-030.jpg\" data-rel=\"penci-gallery-image-content\"><img loading=\"lazy\" decoding=\"async\" width=\"2048\" height=\"1152\" data-id=\"192009\" src=\"https:\/\/www.europesays.com\/es\/wp-content\/uploads\/2025\/09\/bicicletas-albacete-030.jpg\" alt=\"\" class=\"wp-image-192009\"  \/><\/a><\/p>\n<p><a href=\"https:\/\/www.europesays.com\/es\/wp-content\/uploads\/2025\/09\/bicicletas-albacete-029.jpg\" data-rel=\"penci-gallery-image-content\"><img loading=\"lazy\" decoding=\"async\" width=\"2048\" height=\"1152\" data-id=\"192006\" src=\"https:\/\/www.europesays.com\/es\/wp-content\/uploads\/2025\/09\/bicicletas-albacete-029.jpg\" alt=\"\" class=\"wp-image-192006\"  \/><\/a><\/p>\n<p><a href=\"https:\/\/www.europesays.com\/es\/wp-content\/uploads\/2025\/09\/bicicletas-albacete-028.jpg\" data-rel=\"penci-gallery-image-content\"><img loading=\"lazy\" decoding=\"async\" width=\"2048\" height=\"1152\" data-id=\"192010\" src=\"https:\/\/www.europesays.com\/es\/wp-content\/uploads\/2025\/09\/bicicletas-albacete-028.jpg\" alt=\"\" class=\"wp-image-192010\"  \/><\/a><\/p>\n<p><a href=\"https:\/\/www.europesays.com\/es\/wp-content\/uploads\/2025\/09\/bicicletas-albacete-027.jpg\" data-rel=\"penci-gallery-image-content\"><img loading=\"lazy\" decoding=\"async\" width=\"2048\" height=\"1152\" data-id=\"192012\" src=\"https:\/\/www.europesays.com\/es\/wp-content\/uploads\/2025\/09\/bicicletas-albacete-027.jpg\" alt=\"\" class=\"wp-image-192012\"  \/><\/a><\/p>\n<p><a href=\"https:\/\/www.europesays.com\/es\/wp-content\/uploads\/2025\/09\/bicicletas-albacete-026.jpg\" data-rel=\"penci-gallery-image-content\"><img loading=\"lazy\" decoding=\"async\" width=\"2048\" height=\"1152\" data-id=\"192013\" src=\"https:\/\/www.europesays.com\/es\/wp-content\/uploads\/2025\/09\/bicicletas-albacete-026.jpg\" alt=\"\" class=\"wp-image-192013\"  \/><\/a><\/p>\n<p><a href=\"https:\/\/www.europesays.com\/es\/wp-content\/uploads\/2025\/09\/bicicletas-albacete-025.jpg\" data-rel=\"penci-gallery-image-content\"><img loading=\"lazy\" decoding=\"async\" width=\"2048\" height=\"1152\" data-id=\"192011\" src=\"https:\/\/www.europesays.com\/es\/wp-content\/uploads\/2025\/09\/bicicletas-albacete-025.jpg\" alt=\"\" class=\"wp-image-192011\"  \/><\/a><\/p>\n<p><a href=\"https:\/\/www.europesays.com\/es\/wp-content\/uploads\/2025\/09\/bicicletas-albacete-024.jpg\" data-rel=\"penci-gallery-image-content\"><img loading=\"lazy\" decoding=\"async\" width=\"2048\" height=\"1152\" data-id=\"192014\" src=\"https:\/\/www.europesays.com\/es\/wp-content\/uploads\/2025\/09\/bicicletas-albacete-024.jpg\" alt=\"\" class=\"wp-image-192014\"  \/><\/a><\/p>\n<p><a href=\"https:\/\/www.europesays.com\/es\/wp-content\/uploads\/2025\/09\/bicicletas-albacete-023.jpg\" data-rel=\"penci-gallery-image-content\"><img loading=\"lazy\" decoding=\"async\" width=\"2048\" height=\"1152\" data-id=\"192015\" src=\"https:\/\/www.europesays.com\/es\/wp-content\/uploads\/2025\/09\/bicicletas-albacete-023.jpg\" alt=\"\" class=\"wp-image-192015\"  \/><\/a><\/p>\n<p><a href=\"https:\/\/www.europesays.com\/es\/wp-content\/uploads\/2025\/09\/bicicletas-albacete-022.jpg\" data-rel=\"penci-gallery-image-content\"><img loading=\"lazy\" decoding=\"async\" width=\"2048\" height=\"1152\" data-id=\"192017\" src=\"https:\/\/www.europesays.com\/es\/wp-content\/uploads\/2025\/09\/bicicletas-albacete-022.jpg\" alt=\"\" class=\"wp-image-192017\"  \/><\/a><\/p>\n<p><a href=\"https:\/\/www.europesays.com\/es\/wp-content\/uploads\/2025\/09\/bicicletas-albacete-021.jpg\" data-rel=\"penci-gallery-image-content\"><img loading=\"lazy\" decoding=\"async\" width=\"2048\" height=\"1152\" data-id=\"192016\" src=\"https:\/\/www.europesays.com\/es\/wp-content\/uploads\/2025\/09\/bicicletas-albacete-021.jpg\" alt=\"\" class=\"wp-image-192016\"  \/><\/a><\/p>\n<p><a href=\"https:\/\/www.europesays.com\/es\/wp-content\/uploads\/2025\/09\/bicicletas-albacete-020.jpg\" data-rel=\"penci-gallery-image-content\"><img loading=\"lazy\" decoding=\"async\" width=\"2048\" height=\"1152\" data-id=\"192019\" src=\"https:\/\/www.europesays.com\/es\/wp-content\/uploads\/2025\/09\/bicicletas-albacete-020.jpg\" alt=\"\" class=\"wp-image-192019\"  \/><\/a><\/p>\n<p><a href=\"https:\/\/www.europesays.com\/es\/wp-content\/uploads\/2025\/09\/bicicletas-albacete-019.jpg\" data-rel=\"penci-gallery-image-content\"><img loading=\"lazy\" decoding=\"async\" width=\"2048\" height=\"1152\" data-id=\"192018\" src=\"https:\/\/www.europesays.com\/es\/wp-content\/uploads\/2025\/09\/bicicletas-albacete-019.jpg\" alt=\"\" class=\"wp-image-192018\"  \/><\/a><\/p>\n<p><a href=\"https:\/\/www.europesays.com\/es\/wp-content\/uploads\/2025\/09\/bicicletas-albacete-018.jpg\" data-rel=\"penci-gallery-image-content\"><img loading=\"lazy\" decoding=\"async\" width=\"2048\" height=\"1152\" data-id=\"192020\" src=\"https:\/\/www.europesays.com\/es\/wp-content\/uploads\/2025\/09\/bicicletas-albacete-018.jpg\" alt=\"\" class=\"wp-image-192020\"  \/><\/a><\/p>\n<p><a href=\"https:\/\/www.europesays.com\/es\/wp-content\/uploads\/2025\/09\/bicicletas-albacete-017.jpg\" data-rel=\"penci-gallery-image-content\"><img loading=\"lazy\" decoding=\"async\" width=\"2048\" height=\"1152\" data-id=\"192021\" src=\"https:\/\/www.europesays.com\/es\/wp-content\/uploads\/2025\/09\/bicicletas-albacete-017.jpg\" alt=\"\" class=\"wp-image-192021\"  \/><\/a><\/p>\n<p><a href=\"https:\/\/www.europesays.com\/es\/wp-content\/uploads\/2025\/09\/bicicletas-albacete-016.jpg\" data-rel=\"penci-gallery-image-content\"><img loading=\"lazy\" decoding=\"async\" width=\"2048\" height=\"1152\" data-id=\"192023\" src=\"https:\/\/www.europesays.com\/es\/wp-content\/uploads\/2025\/09\/bicicletas-albacete-016.jpg\" alt=\"\" class=\"wp-image-192023\"  \/><\/a><\/p>\n<p><a href=\"https:\/\/www.europesays.com\/es\/wp-content\/uploads\/2025\/09\/bicicletas-albacete-014.jpg\" data-rel=\"penci-gallery-image-content\"><img loading=\"lazy\" decoding=\"async\" width=\"2048\" height=\"1152\" data-id=\"192022\" src=\"https:\/\/www.europesays.com\/es\/wp-content\/uploads\/2025\/09\/bicicletas-albacete-014.jpg\" alt=\"\" class=\"wp-image-192022\"  \/><\/a><\/p>\n<p><a href=\"https:\/\/www.europesays.com\/es\/wp-content\/uploads\/2025\/09\/bicicletas-albacete-015.jpg\" data-rel=\"penci-gallery-image-content\"><img loading=\"lazy\" decoding=\"async\" width=\"2048\" height=\"1152\" data-id=\"192026\" src=\"https:\/\/www.europesays.com\/es\/wp-content\/uploads\/2025\/09\/bicicletas-albacete-015.jpg\" alt=\"\" class=\"wp-image-192026\"  \/><\/a><\/p>\n<p><a href=\"https:\/\/www.europesays.com\/es\/wp-content\/uploads\/2025\/09\/bicicletas-albacete-013.jpg\" data-rel=\"penci-gallery-image-content\"><img loading=\"lazy\" decoding=\"async\" width=\"2048\" height=\"1152\" data-id=\"192025\" src=\"https:\/\/www.europesays.com\/es\/wp-content\/uploads\/2025\/09\/bicicletas-albacete-013.jpg\" alt=\"\" class=\"wp-image-192025\"  \/><\/a><\/p>\n<p><a href=\"https:\/\/www.europesays.com\/es\/wp-content\/uploads\/2025\/09\/bicicletas-albacete-012.jpg\" data-rel=\"penci-gallery-image-content\"><img loading=\"lazy\" decoding=\"async\" width=\"2048\" height=\"1152\" data-id=\"192030\" src=\"https:\/\/www.europesays.com\/es\/wp-content\/uploads\/2025\/09\/bicicletas-albacete-012.jpg\" alt=\"\" class=\"wp-image-192030\"  \/><\/a><\/p>\n<p><a href=\"https:\/\/www.europesays.com\/es\/wp-content\/uploads\/2025\/09\/bicicletas-albacete-011.jpg\" data-rel=\"penci-gallery-image-content\"><img loading=\"lazy\" decoding=\"async\" width=\"2048\" height=\"1152\" data-id=\"192024\" src=\"https:\/\/www.europesays.com\/es\/wp-content\/uploads\/2025\/09\/bicicletas-albacete-011.jpg\" alt=\"\" class=\"wp-image-192024\"  \/><\/a><\/p>\n<p><a href=\"https:\/\/www.europesays.com\/es\/wp-content\/uploads\/2025\/09\/bicicletas-albacete-010.jpg\" data-rel=\"penci-gallery-image-content\"><img loading=\"lazy\" decoding=\"async\" width=\"2048\" height=\"1152\" data-id=\"192029\" src=\"https:\/\/www.europesays.com\/es\/wp-content\/uploads\/2025\/09\/bicicletas-albacete-010.jpg\" alt=\"\" class=\"wp-image-192029\"  \/><\/a><\/p>\n<p><a href=\"https:\/\/www.europesays.com\/es\/wp-content\/uploads\/2025\/09\/bicicletas-albacete-009.jpg\" data-rel=\"penci-gallery-image-content\"><img loading=\"lazy\" decoding=\"async\" width=\"2048\" height=\"1152\" data-id=\"192031\" src=\"https:\/\/www.europesays.com\/es\/wp-content\/uploads\/2025\/09\/bicicletas-albacete-009.jpg\" alt=\"\" class=\"wp-image-192031\"  \/><\/a><\/p>\n<p><a href=\"https:\/\/www.europesays.com\/es\/wp-content\/uploads\/2025\/09\/bicicletas-albacete-007.jpg\" data-rel=\"penci-gallery-image-content\"><img loading=\"lazy\" decoding=\"async\" width=\"2048\" height=\"1152\" data-id=\"192028\" src=\"https:\/\/www.europesays.com\/es\/wp-content\/uploads\/2025\/09\/bicicletas-albacete-007.jpg\" alt=\"\" class=\"wp-image-192028\"  \/><\/a><\/p>\n<p><a href=\"https:\/\/www.europesays.com\/es\/wp-content\/uploads\/2025\/09\/bicicletas-albacete-008.jpg\" data-rel=\"penci-gallery-image-content\"><img loading=\"lazy\" decoding=\"async\" width=\"2048\" height=\"1152\" data-id=\"192033\" src=\"https:\/\/www.europesays.com\/es\/wp-content\/uploads\/2025\/09\/bicicletas-albacete-008.jpg\" alt=\"\" class=\"wp-image-192033\"  \/><\/a><\/p>\n<p><a href=\"https:\/\/www.europesays.com\/es\/wp-content\/uploads\/2025\/09\/bicicletas-albacete-006.jpg\" data-rel=\"penci-gallery-image-content\"><img loading=\"lazy\" decoding=\"async\" width=\"2048\" height=\"1152\" data-id=\"192032\" src=\"https:\/\/www.europesays.com\/es\/wp-content\/uploads\/2025\/09\/bicicletas-albacete-006.jpg\" alt=\"\" class=\"wp-image-192032\"  \/><\/a><\/p>\n<p><a href=\"https:\/\/www.europesays.com\/es\/wp-content\/uploads\/2025\/09\/bicicletas-albacete-005.jpg\" data-rel=\"penci-gallery-image-content\"><img loading=\"lazy\" decoding=\"async\" width=\"2048\" height=\"1152\" data-id=\"192034\" src=\"https:\/\/www.europesays.com\/es\/wp-content\/uploads\/2025\/09\/bicicletas-albacete-005.jpg\" alt=\"\" class=\"wp-image-192034\"  \/><\/a><\/p>\n<p><a href=\"https:\/\/www.europesays.com\/es\/wp-content\/uploads\/2025\/09\/bicicletas-albacete-004.jpg\" data-rel=\"penci-gallery-image-content\"><img loading=\"lazy\" decoding=\"async\" width=\"2048\" height=\"1152\" data-id=\"192035\" src=\"https:\/\/www.europesays.com\/es\/wp-content\/uploads\/2025\/09\/bicicletas-albacete-004.jpg\" alt=\"\" class=\"wp-image-192035\"  \/><\/a><\/p>\n<p><a href=\"https:\/\/www.europesays.com\/es\/wp-content\/uploads\/2025\/09\/bicicletas-albacete-003.jpg\" data-rel=\"penci-gallery-image-content\"><img loading=\"lazy\" decoding=\"async\" width=\"2048\" height=\"1152\" data-id=\"192027\" src=\"https:\/\/www.europesays.com\/es\/wp-content\/uploads\/2025\/09\/bicicletas-albacete-003.jpg\" alt=\"\" class=\"wp-image-192027\"  \/><\/a><\/p>\n<p><a href=\"https:\/\/www.europesays.com\/es\/wp-content\/uploads\/2025\/09\/bicicletas-albacete-002.jpg\" data-rel=\"penci-gallery-image-content\"><img loading=\"lazy\" decoding=\"async\" width=\"2048\" height=\"1152\" data-id=\"192036\" src=\"https:\/\/www.europesays.com\/es\/wp-content\/uploads\/2025\/09\/bicicletas-albacete-002.jpg\" alt=\"\" class=\"wp-image-192036\"  \/><\/a><\/p>\n<p><a href=\"https:\/\/www.europesays.com\/es\/wp-content\/uploads\/2025\/09\/bicicletas-albacete-001.jpg\" data-rel=\"penci-gallery-image-content\"><img loading=\"lazy\" decoding=\"async\" width=\"2048\" height=\"1152\" data-id=\"192037\" src=\"https:\/\/www.europesays.com\/es\/wp-content\/uploads\/2025\/09\/bicicletas-albacete-001.jpg\" alt=\"\" class=\"wp-image-192037\"  \/><\/a><\/p>\n<p><a href=\"https:\/\/www.europesays.com\/es\/wp-content\/uploads\/2025\/09\/ruta-en-bici-dos.jpg\" data-rel=\"penci-gallery-image-content\"><img loading=\"lazy\" decoding=\"async\" width=\"1920\" height=\"1280\" src=\"https:\/\/www.europesays.com\/es\/wp-content\/uploads\/2025\/09\/ruta-en-bici-dos.jpg\" alt=\"\" class=\"wp-image-192059\"  \/><\/a><\/p>\n","protected":false},"excerpt":{"rendered":"134 El Ayuntamiento de Albacete ha celebrado este domingo el Paseo en Bicicleta, con motivo de la Semana&hellip;\n","protected":false},"author":2,"featured_media":144539,"comment_status":"","ping_status":"","sticky":false,"template":"","format":"standard","meta":{"footnotes":""},"categories":[273],"tags":[2545,1250,7560,313,312,168,25,24,44584,44585,23,167],"class_list":{"0":"post-144538","1":"post","2":"type-post","3":"status-publish","4":"format-standard","5":"has-post-thumbnail","7":"category-ciclismo","8":"tag-albacete","9":"tag-ayuntamiento","10":"tag-bicicleta","11":"tag-ciclismo","12":"tag-cycling","13":"tag-deportes","14":"tag-es","15":"tag-espana","16":"tag-paseo-en-bici","17":"tag-semana-de-la-movilidad","18":"tag-spain","19":"tag-sports"},"share_on_mastodon":{"url":"","error":""},"_links":{"self":[{"href":"https:\/\/www.europesays.com\/es\/wp-json\/wp\/v2\/posts\/144538","targetHints":{"allow":["GET"]}}],"collection":[{"href":"https:\/\/www.europesays.com\/es\/wp-json\/wp\/v2\/posts"}],"about":[{"href":"https:\/\/www.europesays.com\/es\/wp-json\/wp\/v2\/types\/post"}],"author":[{"embeddable":true,"href":"https:\/\/www.europesays.com\/es\/wp-json\/wp\/v2\/users\/2"}],"replies":[{"embeddable":true,"href":"https:\/\/www.europesays.com\/es\/wp-json\/wp\/v2\/comments?post=144538"}],"version-history":[{"count":0,"href":"https:\/\/www.europesays.com\/es\/wp-json\/wp\/v2\/posts\/144538\/revisions"}],"wp:featuredmedia":[{"embeddable":true,"href":"https:\/\/www.europesays.com\/es\/wp-json\/wp\/v2\/media\/144539"}],"wp:attachment":[{"href":"https:\/\/www.europesays.com\/es\/wp-json\/wp\/v2\/media?parent=144538"}],"wp:term":[{"taxonomy":"category","embeddable":true,"href":"https:\/\/www.europesays.com\/es\/wp-json\/wp\/v2\/categories?post=144538"},{"taxonomy":"post_tag","embeddable":true,"href":"https:\/\/www.europesays.com\/es\/wp-json\/wp\/v2\/tags?post=144538"}],"curies":[{"name":"wp","href":"https:\/\/api.w.org\/{rel}","templated":true}]}}