{"id":144556,"date":"2025-09-28T16:05:11","date_gmt":"2025-09-28T16:05:11","guid":{"rendered":"https:\/\/www.europesays.com\/es\/144556\/"},"modified":"2025-09-28T16:05:11","modified_gmt":"2025-09-28T16:05:11","slug":"cardioalianza-conmemora-el-dia-mundial-del-corazon-con-una-campana-que-promueve-la-actividad-fisica-servimedia","status":"publish","type":"post","link":"https:\/\/www.europesays.com\/es\/144556\/","title":{"rendered":"Cardioalianza conmemora el D\u00eda Mundial del Coraz\u00f3n con una campa\u00f1a que promueve la actividad f\u00edsica &#8211; Servimedia"},"content":{"rendered":"<ol>\n<li><a href=\"https:\/\/news.google.com\/rss\/articles\/CBMixgFBVV95cUxPVW1ab1JucWFPYmRfTjMxVmJQR0ZKV0NMSXRVUXRxZUptb0c0T25PcjdGa3U1NF9IUWd4LTNvT3llUGpWdWVTcWltWmVTbU5ZTGVkallDZEc3aXVOTGI3ZHhKSVZzc1NRRjYwTVBRQUh1YmN3aTJKX0xwUzVBLUowcjJ2S2ZXMTdtZXJYTFRGMm9lUzVEMUxrekpNaG9Dc1hWc2FUQkJLRDVRYWJHaTM5ejJTaUcwelRBeThGRUhxd29GQTFtRWc?oc=5\" target=\"_blank\" rel=\"nofollow noopener\">Cardioalianza conmemora el D\u00eda Mundial del Coraz\u00f3n con una campa\u00f1a que promueve la actividad f\u00edsica<\/a>&nbsp;&nbsp;Servimedia<\/li>\n<li><a href=\"https:\/\/news.google.com\/rss\/articles\/CBMi7gFBVV95cUxNOWo0UjJkQzZsU1UzbkNiUi1falB0S18xamxmTDluY1JOd2thWWJ6Nm5odVdSbW1vT0FRQVhaeXgxWER4MVdraXp3QUlCTWxNSHc5RXpROE1VU3RIS3c0SlN6Q3JyOUprbjE2UEFHb1pYOURLc1hNMUdNVVppaHpmYnlqc1F0ZTZmQTk4UUVIaGlva2xkUnd6dEVGb3pLZEU4T1JHYktXd3BFbjh2bjBwcHQzYWxKMmozcGhjWURRQVV1MTFONEt2WlNTZzExQ1FxY21yMXJzZk5nNDRMVmt3dnJXUWtNbk8zZ1oyRzZR0gHzAUFVX3lxTE9oYUkzaEVsdld5bEN0V0ZSTmhoVkEweTctT2pJbDFJU3V5MmV0aWJyWU5TZk9DUGlfRUNieFY3cnBSdENId1JGcTczTHJsdDBMUHBQaWRsNnpXOGRpUm01UHpXMG10eTV0eHBJaDY0RnluYzlpejNKeDZpa2ZndHdoYmF1c2hUNzBhQTFUMHNHdjlSalMzV0w1VThGUVF3aGJuOG9fdlpKOEFWVE1ENGtxTkdpYkFETG9JWWhpQjJIZjBmVnlJWjV1Mml0c1RWUE15Zy1WaC1rQTBMeHRFWjhWQXdzdkExNXljd25lWnJQMXdoZw?oc=5\" target=\"_blank\" rel=\"nofollow noopener\">Arranca la campa\u00f1a &#8216;Un minuto por tu coraz\u00f3n&#8217; para concienciar sobre el cuidado de la salud cardiovascular<\/a>&nbsp;&nbsp;La Vanguardia<\/li>\n<li><a href=\"https:\/\/news.google.com\/rss\/articles\/CBMilwJBVV95cUxQV1dadXZOakRDOUJQOGx6Mk1IazZ4QlVBN0ZJRXZoTWY5MC1oUUR6S19lRXl2MFlSd3h1TXFwbFRFSkNoZExTdnQwdHpMQjE0VUJQUUNRUjJhaGF3MFFSREZHNWw0cGUxX0lpRnZEa3IxZWNybkRjak9sUWgwbTVvY2x5OC0zQlA0WGNxNEY2bDFKSXVBOFhiZHRBWkM2dFhxaDBUVndTVFpiQXF4NTE3dkZnYURkeTlDNWo4b3hOM293UWN0ZkV5cHdIR1BqSG9BNDdOdjBaenROeDl1MHJhMENPQUFWTGlJTXVHdW9FR2k0cTM1WFRWdE81NUFUbTM5RFFtZDZHd05XbFF2NG9BMDc3VzYtakXSAasCQVVfeXFMTUNJY1R0UENnN3hpeW9xaGR3VWtmSmE4NXh1RTNza1VRNUFOWUtLSGlLaXNFc25yamhZYkg4cUcwWWdhRzBNd01tbmVsT2FsYjFsX191b3V5RjRBZ291ck05RXZYa2xxT19IUnRiU1ZWOFU1bE43MTNsUVQ2Y0dMQ2hEM0Vpcjc4UU5RM000TThHdzJsVXY4YTZxSjMwZHl1bVZiWVlRV0ZsQjBsM1lQZk9jWEhvTW9MUnNDV1hRSzZPR0xrNHlQd1NRaFkzNWd4YVhYZFZxZU9SeVJhaVpEbmQtT1Z0M3RVekhjUnVzZlNkNjlWbnhmS1plRUZneFBiYVdWdTRhMi1BM0VUaXVPN200bkxKaWhqZTBFODJMVXp0Zmo0N2pvdVFIZVk?oc=5\" target=\"_blank\" rel=\"nofollow noopener\">Las enfermedades cardiovasculares siguen siendo la primera causa de muerte, a pesar de que la mayor\u00eda de los casos podr\u00edan evitarse<\/a>&nbsp;&nbsp;Cadena SER<\/li>\n<li><a href=\"https:\/\/news.google.com\/rss\/articles\/CBMifEFVX3lxTE5JOUlDTGNaZ0FmdVBDRjluOFpJd0F1dEplTTNucTVKenNvNVhxd1FhT2FFYzZ4ZklwV2Iza0ZxTXFxV1dTa0lXcDhhRUZPYXZJUmpkMGdYQ21PYTZHcUpkOFVrVEhuTUlhaG4zOE9SWkZSRFhhaHc5ZWhsNFA?oc=5\" target=\"_blank\" rel=\"nofollow noopener\">#UnMinutoPorTuCoraz\u00f3n: la campa\u00f1a enfermera para concienciar sobre la salud cardiovascular<\/a>&nbsp;&nbsp;diarioenfermero.es<\/li>\n<li><a href=\"https:\/\/news.google.com\/rss\/articles\/CBMi8wFBVV95cUxPNzBDZnczYkZoYVRvRXNMdmpEY0p3UGR4dXA0QXFWYlN0Ynkzd056QmR5OWt6VTRRb0pFNVdhWVZ4Ym40d3lpWUZmVUVpNWJhcWUzUnVyZFh4UGM4aXBmRk0tWFVjME40R3ZqcE5FYzJpQkJiUjU3M3A2SklBdlgwX0FrUjVqLWVJekNrRmdkekJuNHpyanRubUZrZ2hrRGtyekZTN2daOTN1ZkV5YjcyVDVyeGlMUVI5LTZwZUtZTldnZUhtN1hrN1lJTVVnRjV1N2pmOTNHSFZDcUhUc215Y2lKZkxRdGdPS3JsTjNyXzczRE0?oc=5\" target=\"_blank\" rel=\"nofollow noopener\">Cardioalianza aconseja incorporar el ejercicio a la rutina diaria para prevenir enfermedades cardiovasculares<\/a>&nbsp;&nbsp;Infosalus<\/li>\n<\/ol>\n","protected":false},"excerpt":{"rendered":"Cardioalianza conmemora el D\u00eda Mundial del Coraz\u00f3n con una campa\u00f1a que promueve la actividad f\u00edsica&nbsp;&nbsp;Servimedia Arranca la campa\u00f1a&hellip;\n","protected":false},"author":2,"featured_media":103142,"comment_status":"","ping_status":"","sticky":false,"template":"","format":"standard","meta":{"footnotes":""},"categories":[92],"tags":[658,43721,19531,4835,4808,25,24,165,166,492,23],"class_list":{"0":"post-144556","1":"post","2":"type-post","3":"status-publish","4":"format-standard","5":"has-post-thumbnail","7":"category-salud","8":"tag-campana","9":"tag-cardioalianza","10":"tag-cardiovascular","11":"tag-corazon","12":"tag-ejercicio","13":"tag-es","14":"tag-espana","15":"tag-health","16":"tag-salud","17":"tag-sociedad","18":"tag-spain"},"share_on_mastodon":{"url":"","error":""},"_links":{"self":[{"href":"https:\/\/www.europesays.com\/es\/wp-json\/wp\/v2\/posts\/144556","targetHints":{"allow":["GET"]}}],"collection":[{"href":"https:\/\/www.europesays.com\/es\/wp-json\/wp\/v2\/posts"}],"about":[{"href":"https:\/\/www.europesays.com\/es\/wp-json\/wp\/v2\/types\/post"}],"author":[{"embeddable":true,"href":"https:\/\/www.europesays.com\/es\/wp-json\/wp\/v2\/users\/2"}],"replies":[{"embeddable":true,"href":"https:\/\/www.europesays.com\/es\/wp-json\/wp\/v2\/comments?post=144556"}],"version-history":[{"count":0,"href":"https:\/\/www.europesays.com\/es\/wp-json\/wp\/v2\/posts\/144556\/revisions"}],"wp:featuredmedia":[{"embeddable":true,"href":"https:\/\/www.europesays.com\/es\/wp-json\/wp\/v2\/media\/103142"}],"wp:attachment":[{"href":"https:\/\/www.europesays.com\/es\/wp-json\/wp\/v2\/media?parent=144556"}],"wp:term":[{"taxonomy":"category","embeddable":true,"href":"https:\/\/www.europesays.com\/es\/wp-json\/wp\/v2\/categories?post=144556"},{"taxonomy":"post_tag","embeddable":true,"href":"https:\/\/www.europesays.com\/es\/wp-json\/wp\/v2\/tags?post=144556"}],"curies":[{"name":"wp","href":"https:\/\/api.w.org\/{rel}","templated":true}]}}